{"id":2716,"date":"2025-09-21T23:03:42","date_gmt":"2025-09-21T23:03:42","guid":{"rendered":"https:\/\/blogs.gazetaesportiva.com\/automobilismo\/?p=2716"},"modified":"2025-09-21T23:03:42","modified_gmt":"2025-09-21T23:03:42","slug":"bruno-ribeiro-conquista-top-5-na-virginia-e-chega-para-a-final-da-formula-regional-das-americas-como-vice-lider","status":"publish","type":"post","link":"https:\/\/blogs.gazetaesportiva.com\/automobilismo\/2025\/09\/21\/bruno-ribeiro-conquista-top-5-na-virginia-e-chega-para-a-final-da-formula-regional-das-americas-como-vice-lider\/","title":{"rendered":"Bruno Ribeiro conquista top-5 na Virg\u00ednia e chega para a final da F\u00f3rmula Regional das Am\u00e9ricas como vice-l\u00edder"},"content":{"rendered":"<figure id=\"attachment_2718\" aria-describedby=\"caption-attachment-2718\" style=\"width: 640px\" class=\"wp-caption alignnone\"><img loading=\"lazy\" decoding=\"async\" class=\"size-large wp-image-2718\" src=\"https:\/\/blogs.gazetaesportiva.com\/automobilismo\/files\/2025\/09\/Bruno-Ribeiro-Viriginia-1024x627.jpg\" alt=\"\" width=\"640\" height=\"392\" srcset=\"https:\/\/blogs.gazetaesportiva.com\/automobilismo\/files\/2025\/09\/Bruno-Ribeiro-Viriginia-1024x627.jpg 1024w, https:\/\/blogs.gazetaesportiva.com\/automobilismo\/files\/2025\/09\/Bruno-Ribeiro-Viriginia-300x184.jpg 300w, https:\/\/blogs.gazetaesportiva.com\/automobilismo\/files\/2025\/09\/Bruno-Ribeiro-Viriginia-768x470.jpg 768w, https:\/\/blogs.gazetaesportiva.com\/automobilismo\/files\/2025\/09\/Bruno-Ribeiro-Viriginia.jpg 1080w\" sizes=\"auto, (max-width: 640px) 100vw, 640px\" \/><figcaption id=\"caption-attachment-2718\" class=\"wp-caption-text\">Bruno Ribeiro &#8211; Foto: Kiwi Motorsport<\/figcaption><\/figure>\n<p style=\"text-align: justify;\">Segundo colocado no grid para as duas corridas deste final de semana na F\u00f3rmula Regional das Am\u00e9ricas, Bruno Ribeiro viveu uma etapa bastante desafiadora no Virg\u00ednia International Raceway, nos Estados Unidos. Ap\u00f3s um estouro no motor tirar sua segunda coloca\u00e7\u00e3o praticamente garantida na prova do s\u00e1bado, o piloto retornou \u00e0 pista neste domingo e ficou novamente muito perto do p\u00f3dio, mas novamente problemas de motor e a quebra da asa dianteira em uma disputa na \u00faltima relargada tamb\u00e9m tiraram outro p\u00f3dio do piloto brasileiro, que concluiu a corrida no top-5.<\/p>\n<p style=\"text-align: justify;\">\u201cO nosso motor estava superaquecendo desde s\u00e1bado e perdendo pot\u00eancia. Ontem tivemos a quebra e hoje o motor estava em 120 graus o tempo inteiro e ele normalmente tem que andar em cerca de 92 graus. Mesmo assim ele resistiu at\u00e9 o final, mesmo perdendo pot\u00eancia, principalmente nas relargadas e foi a\u00ed que tomei um toque quebrando a asa dianteira. Ainda assim lutei muito para conseguir fazer a \u00faltima volta e chegar em quinto\u201d, explica Ribeiro, que acelera o carro n\u00famero 01 da equipe Kiwi Motorsports.<\/p>\n<p><img loading=\"lazy\" decoding=\"async\" class=\"alignnone size-large wp-image-2717\" src=\"https:\/\/blogs.gazetaesportiva.com\/automobilismo\/files\/2025\/09\/Bruno-Ribeiro-2025-1024x626.jpg\" alt=\"\" width=\"640\" height=\"391\" srcset=\"https:\/\/blogs.gazetaesportiva.com\/automobilismo\/files\/2025\/09\/Bruno-Ribeiro-2025-1024x626.jpg 1024w, https:\/\/blogs.gazetaesportiva.com\/automobilismo\/files\/2025\/09\/Bruno-Ribeiro-2025-300x183.jpg 300w, https:\/\/blogs.gazetaesportiva.com\/automobilismo\/files\/2025\/09\/Bruno-Ribeiro-2025-768x469.jpg 768w, https:\/\/blogs.gazetaesportiva.com\/automobilismo\/files\/2025\/09\/Bruno-Ribeiro-2025.jpg 1080w\" sizes=\"auto, (max-width: 640px) 100vw, 640px\" \/><\/p>\n<p style=\"text-align: justify;\">Com os resultados deste final de semana na Virg\u00ednia, Bruno Ribeiro chegar\u00e1 na decis\u00e3o do campeonato em Barber como vice-l\u00edder do campeonato, com 237 pontos conquistados. O brasileiro est\u00e1 11,5 pontos atr\u00e1s do norte-americano Titus Sherlock e tem dois pontos a mais que o terceiro colocado, o chileno Nicolas Ambiado. Somente os tr\u00eas pilotos chegam com chances matem\u00e1ticas de t\u00edtulo na \u00faltima rodada dupla do campeonato com 50 pontos em jogo.<\/p>\n<p style=\"text-align: justify;\">Bruno est\u00e1 em sua segunda temporada no automobilismo norte-americano, ap\u00f3s ter feito sua forma\u00e7\u00e3o na USF Juniors em 2024. O piloto brasileiro acumula 12 p\u00f3dios e tr\u00eas vit\u00f3rias em 2025.<\/p>\n<p style=\"text-align: justify;\">A decis\u00e3o da F\u00f3rmula Regional das Am\u00e9ricas em Barber ser\u00e1 realizada nos dias 18 e 19 de outubro, nos Estados Unidos.<\/p>\n","protected":false},"excerpt":{"rendered":"<p>Segundo colocado no grid para as duas corridas deste final de semana na F\u00f3rmula Regional das Am\u00e9ricas, Bruno Ribeiro viveu uma etapa bastante desafiadora no <a class=\"read-more\" href=\"https:\/\/blogs.gazetaesportiva.com\/automobilismo\/2025\/09\/21\/bruno-ribeiro-conquista-top-5-na-virginia-e-chega-para-a-final-da-formula-regional-das-americas-como-vice-lider\/\">leia mais<\/a><\/p>\n","protected":false},"author":75,"featured_media":2718,"comment_status":"open","ping_status":"open","sticky":false,"template":"","format":"standard","meta":{"jetpack_post_was_ever_published":false,"_jetpack_newsletter_access":"","_jetpack_dont_email_post_to_subs":false,"_jetpack_newsletter_tier_id":0,"_jetpack_memberships_contains_paywalled_content":false,"_jetpack_memberships_contains_paid_content":false,"footnotes":"","jetpack_publicize_message":"","jetpack_publicize_feature_enabled":true,"jetpack_social_post_already_shared":false,"jetpack_social_options":{"image_generator_settings":{"template":"highway","default_image_id":0,"font":"","enabled":false},"version":2}},"categories":[1],"tags":[],"class_list":["post-2716","post","type-post","status-publish","format-standard","has-post-thumbnail","hentry","category-sem-categoria"],"jetpack_publicize_connections":[],"jetpack_featured_media_url":"https:\/\/blogs.gazetaesportiva.com\/automobilismo\/files\/2025\/09\/Bruno-Ribeiro-Viriginia.jpg","jetpack_sharing_enabled":true,"jetpack_shortlink":"https:\/\/wp.me\/pblv91-HO","_links":{"self":[{"href":"https:\/\/blogs.gazetaesportiva.com\/automobilismo\/wp-json\/wp\/v2\/posts\/2716","targetHints":{"allow":["GET"]}}],"collection":[{"href":"https:\/\/blogs.gazetaesportiva.com\/automobilismo\/wp-json\/wp\/v2\/posts"}],"about":[{"href":"https:\/\/blogs.gazetaesportiva.com\/automobilismo\/wp-json\/wp\/v2\/types\/post"}],"author":[{"embeddable":true,"href":"https:\/\/blogs.gazetaesportiva.com\/automobilismo\/wp-json\/wp\/v2\/users\/75"}],"replies":[{"embeddable":true,"href":"https:\/\/blogs.gazetaesportiva.com\/automobilismo\/wp-json\/wp\/v2\/comments?post=2716"}],"version-history":[{"count":0,"href":"https:\/\/blogs.gazetaesportiva.com\/automobilismo\/wp-json\/wp\/v2\/posts\/2716\/revisions"}],"wp:featuredmedia":[{"embeddable":true,"href":"https:\/\/blogs.gazetaesportiva.com\/automobilismo\/wp-json\/wp\/v2\/media\/2718"}],"wp:attachment":[{"href":"https:\/\/blogs.gazetaesportiva.com\/automobilismo\/wp-json\/wp\/v2\/media?parent=2716"}],"wp:term":[{"taxonomy":"category","embeddable":true,"href":"https:\/\/blogs.gazetaesportiva.com\/automobilismo\/wp-json\/wp\/v2\/categories?post=2716"},{"taxonomy":"post_tag","embeddable":true,"href":"https:\/\/blogs.gazetaesportiva.com\/automobilismo\/wp-json\/wp\/v2\/tags?post=2716"}],"curies":[{"name":"wp","href":"https:\/\/api.w.org\/{rel}","templated":true}]}}