{"id":2713,"date":"2025-09-20T21:18:44","date_gmt":"2025-09-20T21:18:44","guid":{"rendered":"https:\/\/blogs.gazetaesportiva.com\/automobilismo\/?p=2713"},"modified":"2025-09-21T11:40:50","modified_gmt":"2025-09-21T11:40:50","slug":"valdeno-brito-reestreia-na-nascar-brasil-com-quarto-lugar-em-curvelo-na-corrida-classificatoria","status":"publish","type":"post","link":"https:\/\/blogs.gazetaesportiva.com\/automobilismo\/2025\/09\/20\/valdeno-brito-reestreia-na-nascar-brasil-com-quarto-lugar-em-curvelo-na-corrida-classificatoria\/","title":{"rendered":"Valdeno Brito reestreia na NASCAR Brasil com quarto lugar em Curvelo na corrida classificat\u00f3ria"},"content":{"rendered":"<div class=\"mceTemp\"><\/div>\n<p style=\"text-align: justify;\">Principal novidade no grid da NASCAR Brasil para o Special Edition, Valdeno Brito reestreou na categoria mostrando velocidade em sua primeira corrida no oval de Curvelo, defendendo a equipe de Rodopho Mattheis. O piloto paraibano finalizou a corrida classificat\u00f3ria na quarta coloca\u00e7\u00e3o ap\u00f3s largar em sexto no grid.<\/p>\n<figure id=\"attachment_2715\" aria-describedby=\"caption-attachment-2715\" style=\"width: 640px\" class=\"wp-caption alignnone\"><img loading=\"lazy\" decoding=\"async\" class=\"size-large wp-image-2715\" src=\"https:\/\/blogs.gazetaesportiva.com\/automobilismo\/files\/2025\/09\/DSC_0917_1-1024x681.jpg\" alt=\"Valdeno Brito\" width=\"640\" height=\"426\" srcset=\"https:\/\/blogs.gazetaesportiva.com\/automobilismo\/files\/2025\/09\/DSC_0917_1-1024x681.jpg 1024w, https:\/\/blogs.gazetaesportiva.com\/automobilismo\/files\/2025\/09\/DSC_0917_1-300x200.jpg 300w, https:\/\/blogs.gazetaesportiva.com\/automobilismo\/files\/2025\/09\/DSC_0917_1-768x511.jpg 768w, https:\/\/blogs.gazetaesportiva.com\/automobilismo\/files\/2025\/09\/DSC_0917_1.jpg 1500w\" sizes=\"auto, (max-width: 640px) 100vw, 640px\" \/><figcaption id=\"caption-attachment-2715\" class=\"wp-caption-text\">Foto: Luciano Santos<\/figcaption><\/figure>\n<p style=\"text-align: justify;\">&#8220;Foi um resultado bom para a reestreia na NASCAR Brasil. O ritmo foi positivo. O objetivo realmente era chegar bem e conseguirmos finalizar em quarto lugar. Estou feliz com a reestreia e amanh\u00e3 vamos torcer para se livrar dos problemas e ter um bom resultado novamente\u201d, diz Valdeno, que tem patroc\u00ednio de SETAI Grupo GP.<\/p>\n<p style=\"text-align: justify;\">Ap\u00f3s largar na sexta coloca\u00e7\u00e3o do grid neste s\u00e1bado e conseguir ir avan\u00e7ando na prova, Valdeno enfrentou o desafio de acelerar sem a ajuda da dire\u00e7\u00e3o el\u00e9trica, mas mesmo assim conseguiu manter o quarto lugar conquistado at\u00e9 o final.<\/p>\n<p style=\"text-align: justify;\">&#8220;O problema foi que fiquei sem dire\u00e7\u00e3o el\u00e9trica do meio da corrida para frente. Esses carros t\u00eam assist\u00eancia de dire\u00e7\u00e3o el\u00e9trica, ent\u00e3o quando acontece algum problema assim a dire\u00e7\u00e3o fica muito dura. Em um oval como esse voc\u00ea perde rendimento, ent\u00e3o vamos torcer para resolver para amanh\u00e3, mas foi uma boa experi\u00eancia para come\u00e7ar\u201d, completa Valdeno.<\/p>\n<p style=\"text-align: justify;\">A prova principal em Curvelo, com previs\u00e3o de 100 voltas, ser\u00e1 realizada neste domingo, \u00e0s 13h50, com transmiss\u00e3o de RedeTV!, ESPN, Disney+ e YouTube.<\/p>\n","protected":false},"excerpt":{"rendered":"<p>Principal novidade no grid da NASCAR Brasil para o Special Edition, Valdeno Brito reestreou na categoria mostrando velocidade em sua primeira corrida no oval de <a class=\"read-more\" href=\"https:\/\/blogs.gazetaesportiva.com\/automobilismo\/2025\/09\/20\/valdeno-brito-reestreia-na-nascar-brasil-com-quarto-lugar-em-curvelo-na-corrida-classificatoria\/\">leia mais<\/a><\/p>\n","protected":false},"author":75,"featured_media":2715,"comment_status":"open","ping_status":"open","sticky":false,"template":"","format":"standard","meta":{"jetpack_post_was_ever_published":false,"_jetpack_newsletter_access":"","_jetpack_dont_email_post_to_subs":false,"_jetpack_newsletter_tier_id":0,"_jetpack_memberships_contains_paywalled_content":false,"_jetpack_memberships_contains_paid_content":false,"footnotes":"","jetpack_publicize_message":"","jetpack_publicize_feature_enabled":true,"jetpack_social_post_already_shared":false,"jetpack_social_options":{"image_generator_settings":{"template":"highway","default_image_id":0,"font":"","enabled":false},"version":2}},"categories":[1],"tags":[],"class_list":["post-2713","post","type-post","status-publish","format-standard","has-post-thumbnail","hentry","category-sem-categoria"],"jetpack_publicize_connections":[],"jetpack_featured_media_url":"https:\/\/blogs.gazetaesportiva.com\/automobilismo\/files\/2025\/09\/DSC_0917_1.jpg","jetpack_sharing_enabled":true,"jetpack_shortlink":"https:\/\/wp.me\/pblv91-HL","_links":{"self":[{"href":"https:\/\/blogs.gazetaesportiva.com\/automobilismo\/wp-json\/wp\/v2\/posts\/2713","targetHints":{"allow":["GET"]}}],"collection":[{"href":"https:\/\/blogs.gazetaesportiva.com\/automobilismo\/wp-json\/wp\/v2\/posts"}],"about":[{"href":"https:\/\/blogs.gazetaesportiva.com\/automobilismo\/wp-json\/wp\/v2\/types\/post"}],"author":[{"embeddable":true,"href":"https:\/\/blogs.gazetaesportiva.com\/automobilismo\/wp-json\/wp\/v2\/users\/75"}],"replies":[{"embeddable":true,"href":"https:\/\/blogs.gazetaesportiva.com\/automobilismo\/wp-json\/wp\/v2\/comments?post=2713"}],"version-history":[{"count":0,"href":"https:\/\/blogs.gazetaesportiva.com\/automobilismo\/wp-json\/wp\/v2\/posts\/2713\/revisions"}],"wp:featuredmedia":[{"embeddable":true,"href":"https:\/\/blogs.gazetaesportiva.com\/automobilismo\/wp-json\/wp\/v2\/media\/2715"}],"wp:attachment":[{"href":"https:\/\/blogs.gazetaesportiva.com\/automobilismo\/wp-json\/wp\/v2\/media?parent=2713"}],"wp:term":[{"taxonomy":"category","embeddable":true,"href":"https:\/\/blogs.gazetaesportiva.com\/automobilismo\/wp-json\/wp\/v2\/categories?post=2713"},{"taxonomy":"post_tag","embeddable":true,"href":"https:\/\/blogs.gazetaesportiva.com\/automobilismo\/wp-json\/wp\/v2\/tags?post=2713"}],"curies":[{"name":"wp","href":"https:\/\/api.w.org\/{rel}","templated":true}]}}