{"id":2710,"date":"2025-09-19T18:23:19","date_gmt":"2025-09-19T18:23:19","guid":{"rendered":"https:\/\/blogs.gazetaesportiva.com\/automobilismo\/?p=2710"},"modified":"2025-09-20T17:23:40","modified_gmt":"2025-09-20T17:23:40","slug":"lider-da-copa-truck-felipe-giaffone-garante-top-3-nos-treinos-livres-em-curvelo","status":"publish","type":"post","link":"https:\/\/blogs.gazetaesportiva.com\/automobilismo\/2025\/09\/19\/lider-da-copa-truck-felipe-giaffone-garante-top-3-nos-treinos-livres-em-curvelo\/","title":{"rendered":"L\u00edder da Copa Truck, Felipe Giaffone garante top-3 nos treinos livres em Curvelo"},"content":{"rendered":"<figure id=\"attachment_2712\" aria-describedby=\"caption-attachment-2712\" style=\"width: 640px\" class=\"wp-caption alignnone\"><img loading=\"lazy\" decoding=\"async\" class=\"size-large wp-image-2712\" src=\"https:\/\/blogs.gazetaesportiva.com\/automobilismo\/files\/2025\/09\/Felipe-Giaffone-Copa-Truck-2025-MG-1024x683.jpg\" alt=\"\" width=\"640\" height=\"427\" srcset=\"https:\/\/blogs.gazetaesportiva.com\/automobilismo\/files\/2025\/09\/Felipe-Giaffone-Copa-Truck-2025-MG-1024x683.jpg 1024w, https:\/\/blogs.gazetaesportiva.com\/automobilismo\/files\/2025\/09\/Felipe-Giaffone-Copa-Truck-2025-MG-300x200.jpg 300w, https:\/\/blogs.gazetaesportiva.com\/automobilismo\/files\/2025\/09\/Felipe-Giaffone-Copa-Truck-2025-MG-768x512.jpg 768w, https:\/\/blogs.gazetaesportiva.com\/automobilismo\/files\/2025\/09\/Felipe-Giaffone-Copa-Truck-2025-MG.jpg 1200w\" sizes=\"auto, (max-width: 640px) 100vw, 640px\" \/><figcaption id=\"caption-attachment-2712\" class=\"wp-caption-text\">Felipe Giaffone em Curvelo &#8211; Foto: Vanderley Soares \/RF1<\/figcaption><\/figure>\n<p style=\"text-align: justify;\">L\u00edder do campeonato da Copa Truck, Felipe Giaffone foi um dos destaques da sexta-feira (19) de treinos livres para a s\u00e9tima etapa da Copa Truck, realizado no Circuito dos Cristais, em Curvelo (MG). Com um caminh\u00e3o Volkswagen da equipe Giaffone Mission Zero, o tricampe\u00e3o esteve no top-3 nas duas atividades, sendo segundo no primeiro ensaio, e terceiro na sess\u00e3o que fechou o dia.<\/p>\n<p style=\"text-align: justify;\">\u201cMostramos um bom desempenho neste primeiro dia. O caminh\u00e3o esteve r\u00e1pido, mas vamos trabalhar com a equipe para evoluir ainda mais o ritmo para brigarmos pela pole position neste s\u00e1bado. Aqui em Curvelo \u00e9 importante largar na frente para lutar por bons resultados\u201d, disse Felipe Giaffone, que tem os patroc\u00ednios de CBMM, Sabesp, ArcelorMittal, Facchini, Ciser, Omni e Exparts.<\/p>\n<figure id=\"attachment_2711\" aria-describedby=\"caption-attachment-2711\" style=\"width: 640px\" class=\"wp-caption alignnone\"><img loading=\"lazy\" decoding=\"async\" class=\"wp-image-2711 size-large\" src=\"https:\/\/blogs.gazetaesportiva.com\/automobilismo\/files\/2025\/09\/Felipe-Giaffone-sexta-Curvelo-2025-1024x683.jpg\" alt=\"\" width=\"640\" height=\"427\" srcset=\"https:\/\/blogs.gazetaesportiva.com\/automobilismo\/files\/2025\/09\/Felipe-Giaffone-sexta-Curvelo-2025-1024x683.jpg 1024w, https:\/\/blogs.gazetaesportiva.com\/automobilismo\/files\/2025\/09\/Felipe-Giaffone-sexta-Curvelo-2025-300x200.jpg 300w, https:\/\/blogs.gazetaesportiva.com\/automobilismo\/files\/2025\/09\/Felipe-Giaffone-sexta-Curvelo-2025-768x512.jpg 768w, https:\/\/blogs.gazetaesportiva.com\/automobilismo\/files\/2025\/09\/Felipe-Giaffone-sexta-Curvelo-2025.jpg 1500w\" sizes=\"auto, (max-width: 640px) 100vw, 640px\" \/><figcaption id=\"caption-attachment-2711\" class=\"wp-caption-text\">Foto: Vanderley Soares \/RF1<\/figcaption><\/figure>\n<p style=\"text-align: justify;\">Giaffone \u00e9 o maior vencedor da principal categoria de caminh\u00f5es do Pa\u00eds em Curvelo, com tr\u00eas triunfos no circuito de 3.330 metros, incluindo um na primeira das duas provas da etapa de 2024, importante para que o dono do Volkswagen Meteor n\u00famero 4 arrancasse para o t\u00edtulo da \u00faltima temporada. Felipe ainda marcou a pole position no ano passado.<\/p>\n<p style=\"text-align: justify;\">A programa\u00e7\u00e3o da Copa Truck em Curvelo ter\u00e1 sequ\u00eancia neste s\u00e1bado (20), inicialmente com mais um treino livre e, depois, com a classifica\u00e7\u00e3o, marcada para 12h15. A s\u00e9tima etapa da temporada ter\u00e1 suas corridas no domingo, com largada a partir das 12h10. Band, Sportv e YouTube mostram as provas ao vivo.<\/p>\n","protected":false},"excerpt":{"rendered":"<p>L\u00edder do campeonato da Copa Truck, Felipe Giaffone foi um dos destaques da sexta-feira (19) de treinos livres para a s\u00e9tima etapa da Copa Truck, <a class=\"read-more\" href=\"https:\/\/blogs.gazetaesportiva.com\/automobilismo\/2025\/09\/19\/lider-da-copa-truck-felipe-giaffone-garante-top-3-nos-treinos-livres-em-curvelo\/\">leia mais<\/a><\/p>\n","protected":false},"author":75,"featured_media":2712,"comment_status":"open","ping_status":"open","sticky":false,"template":"","format":"standard","meta":{"jetpack_post_was_ever_published":false,"_jetpack_newsletter_access":"","_jetpack_dont_email_post_to_subs":false,"_jetpack_newsletter_tier_id":0,"_jetpack_memberships_contains_paywalled_content":false,"_jetpack_memberships_contains_paid_content":false,"footnotes":"","jetpack_publicize_message":"","jetpack_publicize_feature_enabled":true,"jetpack_social_post_already_shared":false,"jetpack_social_options":{"image_generator_settings":{"template":"highway","default_image_id":0,"font":"","enabled":false},"version":2}},"categories":[1],"tags":[],"class_list":["post-2710","post","type-post","status-publish","format-standard","has-post-thumbnail","hentry","category-sem-categoria"],"jetpack_publicize_connections":[],"jetpack_featured_media_url":"https:\/\/blogs.gazetaesportiva.com\/automobilismo\/files\/2025\/09\/Felipe-Giaffone-Copa-Truck-2025-MG.jpg","jetpack_sharing_enabled":true,"jetpack_shortlink":"https:\/\/wp.me\/pblv91-HI","_links":{"self":[{"href":"https:\/\/blogs.gazetaesportiva.com\/automobilismo\/wp-json\/wp\/v2\/posts\/2710","targetHints":{"allow":["GET"]}}],"collection":[{"href":"https:\/\/blogs.gazetaesportiva.com\/automobilismo\/wp-json\/wp\/v2\/posts"}],"about":[{"href":"https:\/\/blogs.gazetaesportiva.com\/automobilismo\/wp-json\/wp\/v2\/types\/post"}],"author":[{"embeddable":true,"href":"https:\/\/blogs.gazetaesportiva.com\/automobilismo\/wp-json\/wp\/v2\/users\/75"}],"replies":[{"embeddable":true,"href":"https:\/\/blogs.gazetaesportiva.com\/automobilismo\/wp-json\/wp\/v2\/comments?post=2710"}],"version-history":[{"count":0,"href":"https:\/\/blogs.gazetaesportiva.com\/automobilismo\/wp-json\/wp\/v2\/posts\/2710\/revisions"}],"wp:featuredmedia":[{"embeddable":true,"href":"https:\/\/blogs.gazetaesportiva.com\/automobilismo\/wp-json\/wp\/v2\/media\/2712"}],"wp:attachment":[{"href":"https:\/\/blogs.gazetaesportiva.com\/automobilismo\/wp-json\/wp\/v2\/media?parent=2710"}],"wp:term":[{"taxonomy":"category","embeddable":true,"href":"https:\/\/blogs.gazetaesportiva.com\/automobilismo\/wp-json\/wp\/v2\/categories?post=2710"},{"taxonomy":"post_tag","embeddable":true,"href":"https:\/\/blogs.gazetaesportiva.com\/automobilismo\/wp-json\/wp\/v2\/tags?post=2710"}],"curies":[{"name":"wp","href":"https:\/\/api.w.org\/{rel}","templated":true}]}}