{"id":2707,"date":"2025-09-19T17:54:26","date_gmt":"2025-09-19T17:54:26","guid":{"rendered":"https:\/\/blogs.gazetaesportiva.com\/automobilismo\/?p=2707"},"modified":"2025-09-19T17:54:26","modified_gmt":"2025-09-19T17:54:26","slug":"pedro-clerot-fecha-treinos-livres-no-top-5-da-freca-em-barcelona","status":"publish","type":"post","link":"https:\/\/blogs.gazetaesportiva.com\/automobilismo\/2025\/09\/19\/pedro-clerot-fecha-treinos-livres-no-top-5-da-freca-em-barcelona\/","title":{"rendered":"Pedro Clerot fecha treinos livres no top-5 da FRECA em Barcelona"},"content":{"rendered":"<figure id=\"attachment_2709\" aria-describedby=\"caption-attachment-2709\" style=\"width: 640px\" class=\"wp-caption alignnone\"><img loading=\"lazy\" decoding=\"async\" class=\"size-large wp-image-2709\" src=\"https:\/\/blogs.gazetaesportiva.com\/automobilismo\/files\/2025\/09\/Pedro-Clerot-em-Barcelona-top5-1024x842.jpg\" alt=\"\" width=\"640\" height=\"526\" srcset=\"https:\/\/blogs.gazetaesportiva.com\/automobilismo\/files\/2025\/09\/Pedro-Clerot-em-Barcelona-top5-1024x842.jpg 1024w, https:\/\/blogs.gazetaesportiva.com\/automobilismo\/files\/2025\/09\/Pedro-Clerot-em-Barcelona-top5-300x247.jpg 300w, https:\/\/blogs.gazetaesportiva.com\/automobilismo\/files\/2025\/09\/Pedro-Clerot-em-Barcelona-top5-768x631.jpg 768w, https:\/\/blogs.gazetaesportiva.com\/automobilismo\/files\/2025\/09\/Pedro-Clerot-em-Barcelona-top5.jpg 1500w\" sizes=\"auto, (max-width: 640px) 100vw, 640px\" \/><figcaption id=\"caption-attachment-2709\" class=\"wp-caption-text\">Pedro Clerot &#8211; Foto: Dutch Photo Agency<\/figcaption><\/figure>\n<p style=\"text-align: justify;\">As atividades da oitava etapa da FRECA come\u00e7aram nesta sexta-feira (19) com o brasileiro Pedro Clerot acelerando no top-5 das duas sess\u00f5es realizadas nesta sexta-feira, no Circuito de Barcelona, na Espanha. O piloto da equipe Van Amersfoort fechou as duas atividades na quinta coloca\u00e7\u00e3o.<\/p>\n<p style=\"text-align: justify;\">\u201cTreinos finalizados aqui em Barcelona. N\u00f3s temos algumas coisas para melhorar para a classifica\u00e7\u00e3o amanh\u00e3, mas estamos no caminho certo. Vamos para cima\u201d, disse Clerot, que tem patroc\u00ednio do Banco BRB.<\/p>\n<figure id=\"attachment_2709\" aria-describedby=\"caption-attachment-2709\" style=\"width: 640px\" class=\"wp-caption alignnone\"><img loading=\"lazy\" decoding=\"async\" class=\"size-large wp-image-2709\" src=\"https:\/\/blogs.gazetaesportiva.com\/automobilismo\/files\/2025\/09\/Pedro-Clerot-em-Barcelona-top5-1024x842.jpg\" alt=\"\" width=\"640\" height=\"526\" srcset=\"https:\/\/blogs.gazetaesportiva.com\/automobilismo\/files\/2025\/09\/Pedro-Clerot-em-Barcelona-top5-1024x842.jpg 1024w, https:\/\/blogs.gazetaesportiva.com\/automobilismo\/files\/2025\/09\/Pedro-Clerot-em-Barcelona-top5-300x247.jpg 300w, https:\/\/blogs.gazetaesportiva.com\/automobilismo\/files\/2025\/09\/Pedro-Clerot-em-Barcelona-top5-768x631.jpg 768w, https:\/\/blogs.gazetaesportiva.com\/automobilismo\/files\/2025\/09\/Pedro-Clerot-em-Barcelona-top5.jpg 1500w\" sizes=\"auto, (max-width: 640px) 100vw, 640px\" \/><figcaption id=\"caption-attachment-2709\" class=\"wp-caption-text\">Pedro Clerot &#8211; Foto: Dutch Photo Agency<\/figcaption><\/figure>\n<p style=\"text-align: justify;\">Quarto colocado no campeonato com 165 pontos conquistados, Clerot chegou na Espanha embalado pela pole position e vit\u00f3ria conquistadas no Red Bull Ring, na etapa passada.<\/p>\n<p style=\"text-align: justify;\">A programa\u00e7\u00e3o da FRECA em Barcelona segue neste s\u00e1bado com a primeira classifica\u00e7\u00e3o \u00e0s 6h25, definindo o grid para a corrida do mesmo dia \u00e0s 12h45. A segunda classifica\u00e7\u00e3o ser\u00e1 realizada no domingo \u00e0s 4h50, seguida da segunda prova \u00e0s 11h50 (hor\u00e1rios de Bras\u00edlia). As defini\u00e7\u00f5es dos grids e corridas ser\u00e3o exibidas ao vivo no YouTube.<\/p>\n","protected":false},"excerpt":{"rendered":"<p>As atividades da oitava etapa da FRECA come\u00e7aram nesta sexta-feira (19) com o brasileiro Pedro Clerot acelerando no top-5 das duas sess\u00f5es realizadas nesta sexta-feira, <a class=\"read-more\" href=\"https:\/\/blogs.gazetaesportiva.com\/automobilismo\/2025\/09\/19\/pedro-clerot-fecha-treinos-livres-no-top-5-da-freca-em-barcelona\/\">leia mais<\/a><\/p>\n","protected":false},"author":75,"featured_media":2708,"comment_status":"open","ping_status":"open","sticky":false,"template":"","format":"standard","meta":{"jetpack_post_was_ever_published":false,"_jetpack_newsletter_access":"","_jetpack_dont_email_post_to_subs":false,"_jetpack_newsletter_tier_id":0,"_jetpack_memberships_contains_paywalled_content":false,"_jetpack_memberships_contains_paid_content":false,"footnotes":"","jetpack_publicize_message":"","jetpack_publicize_feature_enabled":true,"jetpack_social_post_already_shared":false,"jetpack_social_options":{"image_generator_settings":{"template":"highway","default_image_id":0,"font":"","enabled":false},"version":2}},"categories":[1],"tags":[],"class_list":["post-2707","post","type-post","status-publish","format-standard","has-post-thumbnail","hentry","category-sem-categoria"],"jetpack_publicize_connections":[],"jetpack_featured_media_url":"https:\/\/blogs.gazetaesportiva.com\/automobilismo\/files\/2025\/09\/Pedro-Clerot-na-FRECA.jpg","jetpack_sharing_enabled":true,"jetpack_shortlink":"https:\/\/wp.me\/pblv91-HF","_links":{"self":[{"href":"https:\/\/blogs.gazetaesportiva.com\/automobilismo\/wp-json\/wp\/v2\/posts\/2707","targetHints":{"allow":["GET"]}}],"collection":[{"href":"https:\/\/blogs.gazetaesportiva.com\/automobilismo\/wp-json\/wp\/v2\/posts"}],"about":[{"href":"https:\/\/blogs.gazetaesportiva.com\/automobilismo\/wp-json\/wp\/v2\/types\/post"}],"author":[{"embeddable":true,"href":"https:\/\/blogs.gazetaesportiva.com\/automobilismo\/wp-json\/wp\/v2\/users\/75"}],"replies":[{"embeddable":true,"href":"https:\/\/blogs.gazetaesportiva.com\/automobilismo\/wp-json\/wp\/v2\/comments?post=2707"}],"version-history":[{"count":0,"href":"https:\/\/blogs.gazetaesportiva.com\/automobilismo\/wp-json\/wp\/v2\/posts\/2707\/revisions"}],"wp:featuredmedia":[{"embeddable":true,"href":"https:\/\/blogs.gazetaesportiva.com\/automobilismo\/wp-json\/wp\/v2\/media\/2708"}],"wp:attachment":[{"href":"https:\/\/blogs.gazetaesportiva.com\/automobilismo\/wp-json\/wp\/v2\/media?parent=2707"}],"wp:term":[{"taxonomy":"category","embeddable":true,"href":"https:\/\/blogs.gazetaesportiva.com\/automobilismo\/wp-json\/wp\/v2\/categories?post=2707"},{"taxonomy":"post_tag","embeddable":true,"href":"https:\/\/blogs.gazetaesportiva.com\/automobilismo\/wp-json\/wp\/v2\/tags?post=2707"}],"curies":[{"name":"wp","href":"https:\/\/api.w.org\/{rel}","templated":true}]}}