{"id":2703,"date":"2025-09-17T21:12:13","date_gmt":"2025-09-17T21:12:13","guid":{"rendered":"https:\/\/blogs.gazetaesportiva.com\/automobilismo\/?p=2703"},"modified":"2025-09-17T21:12:13","modified_gmt":"2025-09-17T21:12:13","slug":"vice-lider-da-copa-hb20-uli-dias-busca-se-aproximar-da-ponta-em-curvelo-com-a-d4u-immigration","status":"publish","type":"post","link":"https:\/\/blogs.gazetaesportiva.com\/automobilismo\/2025\/09\/17\/vice-lider-da-copa-hb20-uli-dias-busca-se-aproximar-da-ponta-em-curvelo-com-a-d4u-immigration\/","title":{"rendered":"Vice-l\u00edder da Copa HB20, Uli Dias busca se aproximar da ponta em Curvelo com a D4U Immigration"},"content":{"rendered":"<figure id=\"attachment_2704\" aria-describedby=\"caption-attachment-2704\" style=\"width: 640px\" class=\"wp-caption alignnone\"><img loading=\"lazy\" decoding=\"async\" class=\"size-large wp-image-2704\" src=\"https:\/\/blogs.gazetaesportiva.com\/automobilismo\/files\/2025\/09\/Uli-Dias-na-Copa-HB20-foto-Rodrigo-Ruiz-1024x683.jpg\" alt=\"\" width=\"640\" height=\"427\" srcset=\"https:\/\/blogs.gazetaesportiva.com\/automobilismo\/files\/2025\/09\/Uli-Dias-na-Copa-HB20-foto-Rodrigo-Ruiz-1024x683.jpg 1024w, https:\/\/blogs.gazetaesportiva.com\/automobilismo\/files\/2025\/09\/Uli-Dias-na-Copa-HB20-foto-Rodrigo-Ruiz-300x200.jpg 300w, https:\/\/blogs.gazetaesportiva.com\/automobilismo\/files\/2025\/09\/Uli-Dias-na-Copa-HB20-foto-Rodrigo-Ruiz-768x513.jpg 768w, https:\/\/blogs.gazetaesportiva.com\/automobilismo\/files\/2025\/09\/Uli-Dias-na-Copa-HB20-foto-Rodrigo-Ruiz.jpg 1500w\" sizes=\"auto, (max-width: 640px) 100vw, 640px\" \/><figcaption id=\"caption-attachment-2704\" class=\"wp-caption-text\">Uli Dias &#8211; Foto: Rodrigo Ruiz<\/figcaption><\/figure>\n<p style=\"text-align: justify;\">A Copa HB20 volta a realizar uma etapa v\u00e1lida para o campeonato de 2025 neste final de semana, quando a categoria vai at\u00e9 o Circuito dos Cristais para a rodada dupla de Curvelo (MG). Vice-l\u00edder da categoria Elite e piloto que leva a marca da D4U Immigration em seu carro, Uli Dias parte para o interior mineiro buscando a lideran\u00e7a da tabela de classifica\u00e7\u00e3o.<\/p>\n<p style=\"text-align: justify;\">Uli vem de um p\u00f3dio na \u00faltima etapa, disputada em Cascavel, e tem no hist\u00f3rico um segundo lugar no circuito de 3.330 metros na temporada passada, durante a campanha do t\u00edtulo da categoria Super. O dono do carro n\u00famero 100 volta ao interior mineiro disposto a brigar pelas primeiras coloca\u00e7\u00f5es neste final de semana.<\/p>\n<figure id=\"attachment_2705\" aria-describedby=\"caption-attachment-2705\" style=\"width: 640px\" class=\"wp-caption alignnone\"><img loading=\"lazy\" decoding=\"async\" class=\"size-large wp-image-2705\" src=\"https:\/\/blogs.gazetaesportiva.com\/automobilismo\/files\/2025\/09\/Uli-Dias-Foto-Rodrigo-Ruiz-Copa-HB20-1024x683.jpg\" alt=\"\" width=\"640\" height=\"427\" srcset=\"https:\/\/blogs.gazetaesportiva.com\/automobilismo\/files\/2025\/09\/Uli-Dias-Foto-Rodrigo-Ruiz-Copa-HB20-1024x683.jpg 1024w, https:\/\/blogs.gazetaesportiva.com\/automobilismo\/files\/2025\/09\/Uli-Dias-Foto-Rodrigo-Ruiz-Copa-HB20-300x200.jpg 300w, https:\/\/blogs.gazetaesportiva.com\/automobilismo\/files\/2025\/09\/Uli-Dias-Foto-Rodrigo-Ruiz-Copa-HB20-768x513.jpg 768w, https:\/\/blogs.gazetaesportiva.com\/automobilismo\/files\/2025\/09\/Uli-Dias-Foto-Rodrigo-Ruiz-Copa-HB20.jpg 1500w\" sizes=\"auto, (max-width: 640px) 100vw, 640px\" \/><figcaption id=\"caption-attachment-2705\" class=\"wp-caption-text\">Uli Dias &#8211; Foto: Rodrigo Ruiz<\/figcaption><\/figure>\n<p style=\"text-align: justify;\">\u201cCurvelo \u00e9 uma pista em que tivemos bons resultados no ano passado, com um p\u00f3dio que foi importante na conquista do t\u00edtulo da Super. Agora a gente volta com o objetivo de, primeiro, ter uma boa classifica\u00e7\u00e3o para, ent\u00e3o, lutar por bons resultados nas duas corridas. O campeonato \u00e9 muito parelho e precisamos estar sempre na frente para ter chances de t\u00edtulo no final do ano\u201d, disse Uli Dias, que tem o patroc\u00ednio de D4U Immigration.<\/p>\n<p style=\"text-align: justify;\">A programa\u00e7\u00e3o da Copa HB20 contempla dois treinos livres na sexta-feira e mais um ensaio no s\u00e1bado, dia que ter\u00e1 ainda a classifica\u00e7\u00e3o e a primeira corrida, \u00e0s 16h30. O domingo ter\u00e1 mais uma prova, \u00e0s 10h30, com transmiss\u00e3o de Canal UOL, RedeTV! e YouTube.<\/p>\n","protected":false},"excerpt":{"rendered":"<p>A Copa HB20 volta a realizar uma etapa v\u00e1lida para o campeonato de 2025 neste final de semana, quando a categoria vai at\u00e9 o Circuito <a class=\"read-more\" href=\"https:\/\/blogs.gazetaesportiva.com\/automobilismo\/2025\/09\/17\/vice-lider-da-copa-hb20-uli-dias-busca-se-aproximar-da-ponta-em-curvelo-com-a-d4u-immigration\/\">leia mais<\/a><\/p>\n","protected":false},"author":75,"featured_media":2704,"comment_status":"open","ping_status":"open","sticky":false,"template":"","format":"standard","meta":{"jetpack_post_was_ever_published":false,"_jetpack_newsletter_access":"","_jetpack_dont_email_post_to_subs":false,"_jetpack_newsletter_tier_id":0,"_jetpack_memberships_contains_paywalled_content":false,"_jetpack_memberships_contains_paid_content":false,"footnotes":"","jetpack_publicize_message":"","jetpack_publicize_feature_enabled":true,"jetpack_social_post_already_shared":false,"jetpack_social_options":{"image_generator_settings":{"template":"highway","default_image_id":0,"font":"","enabled":false},"version":2}},"categories":[1],"tags":[],"class_list":["post-2703","post","type-post","status-publish","format-standard","has-post-thumbnail","hentry","category-sem-categoria"],"jetpack_publicize_connections":[],"jetpack_featured_media_url":"https:\/\/blogs.gazetaesportiva.com\/automobilismo\/files\/2025\/09\/Uli-Dias-na-Copa-HB20-foto-Rodrigo-Ruiz.jpg","jetpack_sharing_enabled":true,"jetpack_shortlink":"https:\/\/wp.me\/pblv91-HB","_links":{"self":[{"href":"https:\/\/blogs.gazetaesportiva.com\/automobilismo\/wp-json\/wp\/v2\/posts\/2703","targetHints":{"allow":["GET"]}}],"collection":[{"href":"https:\/\/blogs.gazetaesportiva.com\/automobilismo\/wp-json\/wp\/v2\/posts"}],"about":[{"href":"https:\/\/blogs.gazetaesportiva.com\/automobilismo\/wp-json\/wp\/v2\/types\/post"}],"author":[{"embeddable":true,"href":"https:\/\/blogs.gazetaesportiva.com\/automobilismo\/wp-json\/wp\/v2\/users\/75"}],"replies":[{"embeddable":true,"href":"https:\/\/blogs.gazetaesportiva.com\/automobilismo\/wp-json\/wp\/v2\/comments?post=2703"}],"version-history":[{"count":0,"href":"https:\/\/blogs.gazetaesportiva.com\/automobilismo\/wp-json\/wp\/v2\/posts\/2703\/revisions"}],"wp:featuredmedia":[{"embeddable":true,"href":"https:\/\/blogs.gazetaesportiva.com\/automobilismo\/wp-json\/wp\/v2\/media\/2704"}],"wp:attachment":[{"href":"https:\/\/blogs.gazetaesportiva.com\/automobilismo\/wp-json\/wp\/v2\/media?parent=2703"}],"wp:term":[{"taxonomy":"category","embeddable":true,"href":"https:\/\/blogs.gazetaesportiva.com\/automobilismo\/wp-json\/wp\/v2\/categories?post=2703"},{"taxonomy":"post_tag","embeddable":true,"href":"https:\/\/blogs.gazetaesportiva.com\/automobilismo\/wp-json\/wp\/v2\/tags?post=2703"}],"curies":[{"name":"wp","href":"https:\/\/api.w.org\/{rel}","templated":true}]}}