{"id":2698,"date":"2025-09-17T20:47:27","date_gmt":"2025-09-17T20:47:27","guid":{"rendered":"https:\/\/blogs.gazetaesportiva.com\/automobilismo\/?p=2698"},"modified":"2025-09-17T20:47:27","modified_gmt":"2025-09-17T20:47:27","slug":"lider-da-formula-regional-das-americas-bruno-ribeiro-tenta-ampliar-vantagem-na-penultima-etapa-do-campeonato","status":"publish","type":"post","link":"https:\/\/blogs.gazetaesportiva.com\/automobilismo\/2025\/09\/17\/lider-da-formula-regional-das-americas-bruno-ribeiro-tenta-ampliar-vantagem-na-penultima-etapa-do-campeonato\/","title":{"rendered":"L\u00edder da F\u00f3rmula Regional das Am\u00e9ricas, Bruno Ribeiro tenta ampliar vantagem na pen\u00faltima etapa do campeonato"},"content":{"rendered":"<figure id=\"attachment_2702\" aria-describedby=\"caption-attachment-2702\" style=\"width: 640px\" class=\"wp-caption alignnone\"><img loading=\"lazy\" decoding=\"async\" class=\"wp-image-2702 size-large\" src=\"https:\/\/blogs.gazetaesportiva.com\/automobilismo\/files\/2025\/09\/Bruno-Ribeiro-F-Regional-Americas-1024x625.jpg\" alt=\"\" width=\"640\" height=\"391\" srcset=\"https:\/\/blogs.gazetaesportiva.com\/automobilismo\/files\/2025\/09\/Bruno-Ribeiro-F-Regional-Americas-1024x625.jpg 1024w, https:\/\/blogs.gazetaesportiva.com\/automobilismo\/files\/2025\/09\/Bruno-Ribeiro-F-Regional-Americas-300x183.jpg 300w, https:\/\/blogs.gazetaesportiva.com\/automobilismo\/files\/2025\/09\/Bruno-Ribeiro-F-Regional-Americas-768x469.jpg 768w, https:\/\/blogs.gazetaesportiva.com\/automobilismo\/files\/2025\/09\/Bruno-Ribeiro-F-Regional-Americas.jpg 1200w\" sizes=\"auto, (max-width: 640px) 100vw, 640px\" \/><figcaption id=\"caption-attachment-2702\" class=\"wp-caption-text\">Bruno Ribeiro \u00e9 o l\u00edder da F-Regional nos EUA &#8211; Foto: Kiwi Motorsport<\/figcaption><\/figure>\n<p style=\"text-align: justify;\">A disputa do t\u00edtulo da F\u00f3rmula Regional das Am\u00e9ricas segue emocionante ao entrar nas duas rodadas finais da competi\u00e7\u00e3o. A pen\u00faltima etapa ser\u00e1 disputada neste final de semana no Virg\u00ednia International Raceway, nos Estados Unidos, pista onde o brasileiro Bruno Ribeiro tenta ampliar a vantagem de quatro pontos para o chileno Nicolas Ambiado. Os dois pilotos s\u00e3o \u00fanicos sul-americanos do campeonato, que tem em sua maioria competidores norte-americanos e canadenses.<\/p>\n<p style=\"text-align: justify;\">&#8220;Entramos na reta final do campeonato com o foco total em tentar levar esse t\u00edtulo in\u00e9dito para o Brasil. Sabemos que ser\u00e3o duas etapas bem dif\u00edceis, mas estou confiante de que poderemos fazer um bom trabalho em Virg\u00ednia para seguir na lideran\u00e7a\u201d, diz Bruno, que acelera o carro n\u00famero 01 da equipe Kiwi Motorsports.<\/p>\n<figure id=\"attachment_2701\" aria-describedby=\"caption-attachment-2701\" style=\"width: 640px\" class=\"wp-caption alignnone\"><img loading=\"lazy\" decoding=\"async\" class=\"wp-image-2701 size-large\" src=\"https:\/\/blogs.gazetaesportiva.com\/automobilismo\/files\/2025\/09\/Bruno-Ribeiro-na-F-Regional-Americas-2025-1024x627.jpg\" alt=\"\" width=\"640\" height=\"392\" srcset=\"https:\/\/blogs.gazetaesportiva.com\/automobilismo\/files\/2025\/09\/Bruno-Ribeiro-na-F-Regional-Americas-2025-1024x627.jpg 1024w, https:\/\/blogs.gazetaesportiva.com\/automobilismo\/files\/2025\/09\/Bruno-Ribeiro-na-F-Regional-Americas-2025-300x184.jpg 300w, https:\/\/blogs.gazetaesportiva.com\/automobilismo\/files\/2025\/09\/Bruno-Ribeiro-na-F-Regional-Americas-2025-768x471.jpg 768w, https:\/\/blogs.gazetaesportiva.com\/automobilismo\/files\/2025\/09\/Bruno-Ribeiro-na-F-Regional-Americas-2025.jpg 1500w\" sizes=\"auto, (max-width: 640px) 100vw, 640px\" \/><figcaption id=\"caption-attachment-2701\" class=\"wp-caption-text\">Foto: Kiwi Motorsport<\/figcaption><\/figure>\n<p style=\"text-align: justify;\">O circuito de Virg\u00ednia, palco da rodada dupla deste final de semana, tem 5.262 metros e 17 curvas, sendo considerado um tra\u00e7ado bastante t\u00e9cnico e desafiador para os pilotos por conta de suas subidas e descidas.<\/p>\n<p style=\"text-align: justify;\">Piloto com forma\u00e7\u00e3o na USF Juniors em seu primeiro ano no automobilismo dos EUA em 2024, Bruno vive uma temporada recheada de bons resultados em 2025. O piloto carioca coleciona 12 p\u00f3dios, tr\u00eas vit\u00f3rias, soma 227 pontos e cravou a melhor volta da prova em seis oportunidades.<\/p>\n<p style=\"text-align: justify;\">A programa\u00e7\u00e3o da F\u00f3rmula Regional ter\u00e1 treinos opcionais nesta quinta-feira e segue na sexta-feira com o \u00fanico treino livre. A classifica\u00e7\u00e3o ser\u00e1 realizada no mesmo dia, a partir de 16h55. A corrida 1 est\u00e1 marcada para o s\u00e1bado \u00e0s 17h10 e a corrida 2 ser\u00e1 realizada no domingo, \u00e0s 17h25 (hor\u00e1rios de Bras\u00edlia).<\/p>\n","protected":false},"excerpt":{"rendered":"<p>A disputa do t\u00edtulo da F\u00f3rmula Regional das Am\u00e9ricas segue emocionante ao entrar nas duas rodadas finais da competi\u00e7\u00e3o. A pen\u00faltima etapa ser\u00e1 disputada neste <a class=\"read-more\" href=\"https:\/\/blogs.gazetaesportiva.com\/automobilismo\/2025\/09\/17\/lider-da-formula-regional-das-americas-bruno-ribeiro-tenta-ampliar-vantagem-na-penultima-etapa-do-campeonato\/\">leia mais<\/a><\/p>\n","protected":false},"author":75,"featured_media":2702,"comment_status":"open","ping_status":"open","sticky":false,"template":"","format":"standard","meta":{"jetpack_post_was_ever_published":false,"_jetpack_newsletter_access":"","_jetpack_dont_email_post_to_subs":false,"_jetpack_newsletter_tier_id":0,"_jetpack_memberships_contains_paywalled_content":false,"_jetpack_memberships_contains_paid_content":false,"footnotes":"","jetpack_publicize_message":"","jetpack_publicize_feature_enabled":true,"jetpack_social_post_already_shared":false,"jetpack_social_options":{"image_generator_settings":{"template":"highway","default_image_id":0,"font":"","enabled":false},"version":2}},"categories":[1],"tags":[],"class_list":["post-2698","post","type-post","status-publish","format-standard","has-post-thumbnail","hentry","category-sem-categoria"],"jetpack_publicize_connections":[],"jetpack_featured_media_url":"https:\/\/blogs.gazetaesportiva.com\/automobilismo\/files\/2025\/09\/Bruno-Ribeiro-F-Regional-Americas.jpg","jetpack_sharing_enabled":true,"jetpack_shortlink":"https:\/\/wp.me\/pblv91-Hw","_links":{"self":[{"href":"https:\/\/blogs.gazetaesportiva.com\/automobilismo\/wp-json\/wp\/v2\/posts\/2698","targetHints":{"allow":["GET"]}}],"collection":[{"href":"https:\/\/blogs.gazetaesportiva.com\/automobilismo\/wp-json\/wp\/v2\/posts"}],"about":[{"href":"https:\/\/blogs.gazetaesportiva.com\/automobilismo\/wp-json\/wp\/v2\/types\/post"}],"author":[{"embeddable":true,"href":"https:\/\/blogs.gazetaesportiva.com\/automobilismo\/wp-json\/wp\/v2\/users\/75"}],"replies":[{"embeddable":true,"href":"https:\/\/blogs.gazetaesportiva.com\/automobilismo\/wp-json\/wp\/v2\/comments?post=2698"}],"version-history":[{"count":0,"href":"https:\/\/blogs.gazetaesportiva.com\/automobilismo\/wp-json\/wp\/v2\/posts\/2698\/revisions"}],"wp:featuredmedia":[{"embeddable":true,"href":"https:\/\/blogs.gazetaesportiva.com\/automobilismo\/wp-json\/wp\/v2\/media\/2702"}],"wp:attachment":[{"href":"https:\/\/blogs.gazetaesportiva.com\/automobilismo\/wp-json\/wp\/v2\/media?parent=2698"}],"wp:term":[{"taxonomy":"category","embeddable":true,"href":"https:\/\/blogs.gazetaesportiva.com\/automobilismo\/wp-json\/wp\/v2\/categories?post=2698"},{"taxonomy":"post_tag","embeddable":true,"href":"https:\/\/blogs.gazetaesportiva.com\/automobilismo\/wp-json\/wp\/v2\/tags?post=2698"}],"curies":[{"name":"wp","href":"https:\/\/api.w.org\/{rel}","templated":true}]}}