{"id":2695,"date":"2025-09-17T12:37:17","date_gmt":"2025-09-17T12:37:17","guid":{"rendered":"https:\/\/blogs.gazetaesportiva.com\/automobilismo\/?p=2695"},"modified":"2025-09-17T12:37:17","modified_gmt":"2025-09-17T12:37:17","slug":"campeao-em-curvelo-na-nascar-special-edition-gabriel-casagrande-destaca-desafios-do-oval-mineiro","status":"publish","type":"post","link":"https:\/\/blogs.gazetaesportiva.com\/automobilismo\/2025\/09\/17\/campeao-em-curvelo-na-nascar-special-edition-gabriel-casagrande-destaca-desafios-do-oval-mineiro\/","title":{"rendered":"Campe\u00e3o em Curvelo na NASCAR Special Edition, Gabriel Casagrande destaca desafios do oval mineiro"},"content":{"rendered":"<figure id=\"attachment_2696\" aria-describedby=\"caption-attachment-2696\" style=\"width: 640px\" class=\"wp-caption alignnone\"><img loading=\"lazy\" decoding=\"async\" class=\"size-large wp-image-2696\" src=\"https:\/\/blogs.gazetaesportiva.com\/automobilismo\/files\/2025\/09\/Casagrande-NASCAR-Brasil-2025-1024x683.jpg\" alt=\"\" width=\"640\" height=\"427\" srcset=\"https:\/\/blogs.gazetaesportiva.com\/automobilismo\/files\/2025\/09\/Casagrande-NASCAR-Brasil-2025-1024x683.jpg 1024w, https:\/\/blogs.gazetaesportiva.com\/automobilismo\/files\/2025\/09\/Casagrande-NASCAR-Brasil-2025-300x200.jpg 300w, https:\/\/blogs.gazetaesportiva.com\/automobilismo\/files\/2025\/09\/Casagrande-NASCAR-Brasil-2025-768x512.jpg 768w, https:\/\/blogs.gazetaesportiva.com\/automobilismo\/files\/2025\/09\/Casagrande-NASCAR-Brasil-2025.jpg 1500w\" sizes=\"auto, (max-width: 640px) 100vw, 640px\" \/><figcaption id=\"caption-attachment-2696\" class=\"wp-caption-text\">Gabriel Casagrande &#8211; Foto: Rodrigo Guimar\u00e3es\/ RF1<\/figcaption><\/figure>\n<p>A NASCAR Brasil Special Edition est\u00e1 de volta neste final de semana e o atual campe\u00e3o Gabriel Casagrande tentar\u00e1 repetir a conquista de 2024. Se na \u00faltima vez foi em Curvelo (MG) que o t\u00edtulo do piloto paranaense foi sacramentado, desta vez \u00e9 o circuito oval que abre a disputa das tr\u00eas etapas finais da temporada.<\/p>\n<p>\u201c\u00c9 especial poder voltar ao circuito em que fomos campe\u00f5es no ano passado ao lado do Alex (Seid). Agora esse ano fazendo a temporada completa sozinho tem sido um grande desafio e vamos trabalhar para termos um carro bem competitivo e r\u00e1pido aqui em Curvelo\u201d, diz Casagrande, que tem patroc\u00ednios de Baterias J\u00fapiter, Axalta, STP, Cresol, OnPetro, Vonder, Atacad\u00e3o Pneus, Panter e RP Info.<\/p>\n<figure id=\"attachment_2697\" aria-describedby=\"caption-attachment-2697\" style=\"width: 640px\" class=\"wp-caption alignnone\"><img loading=\"lazy\" decoding=\"async\" class=\"size-large wp-image-2697\" src=\"https:\/\/blogs.gazetaesportiva.com\/automobilismo\/files\/2025\/09\/Gabriel-Casagrande-Velocitta-2025-Nascar-1024x683.jpg\" alt=\"\" width=\"640\" height=\"427\" srcset=\"https:\/\/blogs.gazetaesportiva.com\/automobilismo\/files\/2025\/09\/Gabriel-Casagrande-Velocitta-2025-Nascar-1024x683.jpg 1024w, https:\/\/blogs.gazetaesportiva.com\/automobilismo\/files\/2025\/09\/Gabriel-Casagrande-Velocitta-2025-Nascar-300x200.jpg 300w, https:\/\/blogs.gazetaesportiva.com\/automobilismo\/files\/2025\/09\/Gabriel-Casagrande-Velocitta-2025-Nascar-768x512.jpg 768w, https:\/\/blogs.gazetaesportiva.com\/automobilismo\/files\/2025\/09\/Gabriel-Casagrande-Velocitta-2025-Nascar.jpg 1200w\" sizes=\"auto, (max-width: 640px) 100vw, 640px\" \/><figcaption id=\"caption-attachment-2697\" class=\"wp-caption-text\">Gabriel Casagrande no Velocitta &#8211; Foto: Rodrigo Guimar\u00e3es\/ RF1<\/figcaption><\/figure>\n<p>Destaque pela corrida de recupera\u00e7\u00e3o em Curvelo no ano passado para chegar no p\u00f3dio, Casagrande lembra que nem sempre as condi\u00e7\u00f5es para ultrapassagens s\u00e3o as ideais neste tipo de circuito.<\/p>\n<p>\u201cA pista oval de Curvelo tem uma caracter\u00edstica bem particular e um dos grandes desafios \u00e9 que os pilotos basicamente t\u00eam uma linha de tra\u00e7ado bem definida como a mais r\u00e1pida, mas para voc\u00ea buscar a ultrapassagem \u00e9 necess\u00e1rio arriscar e sair um pouco dela, o que torna esse desafio bem interessante. At\u00e9 por isso \u00e9 importante tentar largar na frente\u201d, afirma Casagrande.<\/p>\n<p>As atividades da NASCAR Brasil ser\u00e3o iniciadas a partir desta quinta-feira com treinos extras e os pilotos voltam ao oval no dia seguinte para os treinos livres. A programa\u00e7\u00e3o segue no s\u00e1bado com um novo formato de classifica\u00e7\u00e3o a partir das 10h, quando cada piloto ter\u00e1 cinco voltas na pista. A corrida classificat\u00f3ria ser\u00e1 \u00e0s 14h25 do mesmo dia, enquanto a prova principal est\u00e1 marcada para o domingo \u00e0s 13h50, com a disputa de 100 voltas ou 53 minutos mais uma volta. RedeTV!, ESPN, Disney+ e YouTube mostram a corrida.<\/p>\n","protected":false},"excerpt":{"rendered":"<p>A NASCAR Brasil Special Edition est\u00e1 de volta neste final de semana e o atual campe\u00e3o Gabriel Casagrande tentar\u00e1 repetir a conquista de 2024. Se <a class=\"read-more\" href=\"https:\/\/blogs.gazetaesportiva.com\/automobilismo\/2025\/09\/17\/campeao-em-curvelo-na-nascar-special-edition-gabriel-casagrande-destaca-desafios-do-oval-mineiro\/\">leia mais<\/a><\/p>\n","protected":false},"author":75,"featured_media":2696,"comment_status":"open","ping_status":"open","sticky":false,"template":"","format":"standard","meta":{"jetpack_post_was_ever_published":false,"_jetpack_newsletter_access":"","_jetpack_dont_email_post_to_subs":false,"_jetpack_newsletter_tier_id":0,"_jetpack_memberships_contains_paywalled_content":false,"_jetpack_memberships_contains_paid_content":false,"footnotes":"","jetpack_publicize_message":"","jetpack_publicize_feature_enabled":true,"jetpack_social_post_already_shared":false,"jetpack_social_options":{"image_generator_settings":{"template":"highway","default_image_id":0,"font":"","enabled":false},"version":2}},"categories":[1],"tags":[],"class_list":["post-2695","post","type-post","status-publish","format-standard","has-post-thumbnail","hentry","category-sem-categoria"],"jetpack_publicize_connections":[],"jetpack_featured_media_url":"https:\/\/blogs.gazetaesportiva.com\/automobilismo\/files\/2025\/09\/Casagrande-NASCAR-Brasil-2025.jpg","jetpack_sharing_enabled":true,"jetpack_shortlink":"https:\/\/wp.me\/pblv91-Ht","_links":{"self":[{"href":"https:\/\/blogs.gazetaesportiva.com\/automobilismo\/wp-json\/wp\/v2\/posts\/2695","targetHints":{"allow":["GET"]}}],"collection":[{"href":"https:\/\/blogs.gazetaesportiva.com\/automobilismo\/wp-json\/wp\/v2\/posts"}],"about":[{"href":"https:\/\/blogs.gazetaesportiva.com\/automobilismo\/wp-json\/wp\/v2\/types\/post"}],"author":[{"embeddable":true,"href":"https:\/\/blogs.gazetaesportiva.com\/automobilismo\/wp-json\/wp\/v2\/users\/75"}],"replies":[{"embeddable":true,"href":"https:\/\/blogs.gazetaesportiva.com\/automobilismo\/wp-json\/wp\/v2\/comments?post=2695"}],"version-history":[{"count":0,"href":"https:\/\/blogs.gazetaesportiva.com\/automobilismo\/wp-json\/wp\/v2\/posts\/2695\/revisions"}],"wp:featuredmedia":[{"embeddable":true,"href":"https:\/\/blogs.gazetaesportiva.com\/automobilismo\/wp-json\/wp\/v2\/media\/2696"}],"wp:attachment":[{"href":"https:\/\/blogs.gazetaesportiva.com\/automobilismo\/wp-json\/wp\/v2\/media?parent=2695"}],"wp:term":[{"taxonomy":"category","embeddable":true,"href":"https:\/\/blogs.gazetaesportiva.com\/automobilismo\/wp-json\/wp\/v2\/categories?post=2695"},{"taxonomy":"post_tag","embeddable":true,"href":"https:\/\/blogs.gazetaesportiva.com\/automobilismo\/wp-json\/wp\/v2\/tags?post=2695"}],"curies":[{"name":"wp","href":"https:\/\/api.w.org\/{rel}","templated":true}]}}