{"id":2690,"date":"2025-09-15T22:07:06","date_gmt":"2025-09-15T22:07:06","guid":{"rendered":"https:\/\/blogs.gazetaesportiva.com\/automobilismo\/?p=2690"},"modified":"2025-09-15T22:07:06","modified_gmt":"2025-09-15T22:07:06","slug":"paulo-reales-escala-pelotao-e-fica-proximo-de-podio-na-porsche-cup-com-o-ouribank","status":"publish","type":"post","link":"https:\/\/blogs.gazetaesportiva.com\/automobilismo\/2025\/09\/15\/paulo-reales-escala-pelotao-e-fica-proximo-de-podio-na-porsche-cup-com-o-ouribank\/","title":{"rendered":"Paulo Reales escala pelot\u00e3o e fica pr\u00f3ximo de p\u00f3dio na Porsche Cup com o Ouribank"},"content":{"rendered":"<p>Piloto que disputa sua primeira temporada completa na Porsche Cup, Paulo Reales conquistou o sexto lugar na corrida \u00fanica da Sprint Trophy neste \u00faltimo final de semana, no Aut\u00f3dromo Velocitta, em Mogi Gua\u00e7u (SP). Estreando o novo visual de seu Porsche 911 nas cores do Ouribank, Reales mostrou uma boa recupera\u00e7\u00e3o ao longo da corrida.<\/p>\n<figure id=\"attachment_2691\" aria-describedby=\"caption-attachment-2691\" style=\"width: 640px\" class=\"wp-caption alignnone\"><img loading=\"lazy\" decoding=\"async\" src=\"https:\/\/blogs.gazetaesportiva.com\/automobilismo\/files\/2025\/09\/WhatsApp-Image-2025-09-12-at-15.03.28-1024x683.jpeg\" alt=\"Paulo Reales\" width=\"640\" height=\"427\" class=\"size-large wp-image-2691\" srcset=\"https:\/\/blogs.gazetaesportiva.com\/automobilismo\/files\/2025\/09\/WhatsApp-Image-2025-09-12-at-15.03.28-1024x683.jpeg 1024w, https:\/\/blogs.gazetaesportiva.com\/automobilismo\/files\/2025\/09\/WhatsApp-Image-2025-09-12-at-15.03.28-300x200.jpeg 300w, https:\/\/blogs.gazetaesportiva.com\/automobilismo\/files\/2025\/09\/WhatsApp-Image-2025-09-12-at-15.03.28-768x512.jpeg 768w, https:\/\/blogs.gazetaesportiva.com\/automobilismo\/files\/2025\/09\/WhatsApp-Image-2025-09-12-at-15.03.28-1536x1024.jpeg 1536w, https:\/\/blogs.gazetaesportiva.com\/automobilismo\/files\/2025\/09\/WhatsApp-Image-2025-09-12-at-15.03.28-2048x1366.jpeg 2048w\" sizes=\"auto, (max-width: 640px) 100vw, 640px\" \/><figcaption id=\"caption-attachment-2691\" class=\"wp-caption-text\">Foto: Ca\u00edque Roberto<\/figcaption><\/figure>\n<p>\u201cN\u00f3s largamos de 11\u00ba na categoria e conseguimos escalar bem o pelot\u00e3o e chegamos em sexto. A gente n\u00e3o contou com muita sorte de ter v\u00e1rios safety car e a gente conseguir aproximar, mas foi uma boa recupera\u00e7\u00e3o\u201d, diz Reales, que \u00e9 CEO da Sterling e propriet\u00e1rio da equipe CAR Racing na Stock Car.<\/p>\n<p>\u201cN\u00f3s fizemos a melhor volta do final de semana durante a corrida, o que comprova a nossa evolu\u00e7\u00e3o. Chegamos um pouquinho atr\u00e1s do quinto, quase beliscamos o p\u00f3dio, mas estou satisfeito com a nossa evolu\u00e7\u00e3o e agora \u00e9 se preparar para a nossa decis\u00e3o\u201d, completa Reales.<\/p>\n<p>A etapa final da Sprint Trophy ser\u00e1 disputada em novembro, com os carros da Porsche acelerando na preliminar da F\u00f3rmula 1, em Interlagos.<\/p>\n","protected":false},"excerpt":{"rendered":"<p>Piloto que disputa sua primeira temporada completa na Porsche Cup, Paulo Reales conquistou o sexto lugar na corrida \u00fanica da Sprint Trophy neste \u00faltimo final <a class=\"read-more\" href=\"https:\/\/blogs.gazetaesportiva.com\/automobilismo\/2025\/09\/15\/paulo-reales-escala-pelotao-e-fica-proximo-de-podio-na-porsche-cup-com-o-ouribank\/\">leia mais<\/a><\/p>\n","protected":false},"author":75,"featured_media":2691,"comment_status":"open","ping_status":"open","sticky":false,"template":"","format":"standard","meta":{"jetpack_post_was_ever_published":false,"_jetpack_newsletter_access":"","_jetpack_dont_email_post_to_subs":false,"_jetpack_newsletter_tier_id":0,"_jetpack_memberships_contains_paywalled_content":false,"_jetpack_memberships_contains_paid_content":false,"footnotes":"","jetpack_publicize_message":"","jetpack_publicize_feature_enabled":true,"jetpack_social_post_already_shared":false,"jetpack_social_options":{"image_generator_settings":{"template":"highway","default_image_id":0,"font":"","enabled":false},"version":2}},"categories":[1],"tags":[],"class_list":["post-2690","post","type-post","status-publish","format-standard","has-post-thumbnail","hentry","category-sem-categoria"],"jetpack_publicize_connections":[],"jetpack_featured_media_url":"https:\/\/blogs.gazetaesportiva.com\/automobilismo\/files\/2025\/09\/WhatsApp-Image-2025-09-12-at-15.03.28-scaled.jpeg","jetpack_sharing_enabled":true,"jetpack_shortlink":"https:\/\/wp.me\/pblv91-Ho","_links":{"self":[{"href":"https:\/\/blogs.gazetaesportiva.com\/automobilismo\/wp-json\/wp\/v2\/posts\/2690","targetHints":{"allow":["GET"]}}],"collection":[{"href":"https:\/\/blogs.gazetaesportiva.com\/automobilismo\/wp-json\/wp\/v2\/posts"}],"about":[{"href":"https:\/\/blogs.gazetaesportiva.com\/automobilismo\/wp-json\/wp\/v2\/types\/post"}],"author":[{"embeddable":true,"href":"https:\/\/blogs.gazetaesportiva.com\/automobilismo\/wp-json\/wp\/v2\/users\/75"}],"replies":[{"embeddable":true,"href":"https:\/\/blogs.gazetaesportiva.com\/automobilismo\/wp-json\/wp\/v2\/comments?post=2690"}],"version-history":[{"count":0,"href":"https:\/\/blogs.gazetaesportiva.com\/automobilismo\/wp-json\/wp\/v2\/posts\/2690\/revisions"}],"wp:featuredmedia":[{"embeddable":true,"href":"https:\/\/blogs.gazetaesportiva.com\/automobilismo\/wp-json\/wp\/v2\/media\/2691"}],"wp:attachment":[{"href":"https:\/\/blogs.gazetaesportiva.com\/automobilismo\/wp-json\/wp\/v2\/media?parent=2690"}],"wp:term":[{"taxonomy":"category","embeddable":true,"href":"https:\/\/blogs.gazetaesportiva.com\/automobilismo\/wp-json\/wp\/v2\/categories?post=2690"},{"taxonomy":"post_tag","embeddable":true,"href":"https:\/\/blogs.gazetaesportiva.com\/automobilismo\/wp-json\/wp\/v2\/tags?post=2690"}],"curies":[{"name":"wp","href":"https:\/\/api.w.org\/{rel}","templated":true}]}}