{"id":2688,"date":"2025-09-15T19:33:42","date_gmt":"2025-09-15T19:33:42","guid":{"rendered":"https:\/\/blogs.gazetaesportiva.com\/automobilismo\/?p=2688"},"modified":"2025-09-15T19:33:42","modified_gmt":"2025-09-15T19:33:42","slug":"momento-velocidade-mostra-bastidores-da-stock-car-com-arthur-gama-piloto-toyota-gazoo-racing","status":"publish","type":"post","link":"https:\/\/blogs.gazetaesportiva.com\/automobilismo\/2025\/09\/15\/momento-velocidade-mostra-bastidores-da-stock-car-com-arthur-gama-piloto-toyota-gazoo-racing\/","title":{"rendered":"Momento Velocidade mostra bastidores da Stock Car com Arthur Gama, piloto TOYOTA GAZOO Racing"},"content":{"rendered":"<p>O Momento Velocidade mostra uma entrevista com Arthur Gama, piloto da TOYOTA GAZOO Racing e titular mais jovem do grid da Stock Car em 2025, e que conversou com o programa antes da vit\u00f3ria obtida na etapa de Cascavel (PR).<\/p>\n<figure id=\"attachment_2689\" aria-describedby=\"caption-attachment-2689\" style=\"width: 640px\" class=\"wp-caption alignnone\"><img loading=\"lazy\" decoding=\"async\" src=\"https:\/\/blogs.gazetaesportiva.com\/automobilismo\/files\/2025\/09\/456759_1170729_whatsapp_image_2025_09_06_at_17.04.18-682x1024.jpeg\" alt=\"Arthur Gama\" width=\"640\" height=\"961\" class=\"size-large wp-image-2689\" srcset=\"https:\/\/blogs.gazetaesportiva.com\/automobilismo\/files\/2025\/09\/456759_1170729_whatsapp_image_2025_09_06_at_17.04.18-682x1024.jpeg 682w, https:\/\/blogs.gazetaesportiva.com\/automobilismo\/files\/2025\/09\/456759_1170729_whatsapp_image_2025_09_06_at_17.04.18-200x300.jpeg 200w, https:\/\/blogs.gazetaesportiva.com\/automobilismo\/files\/2025\/09\/456759_1170729_whatsapp_image_2025_09_06_at_17.04.18-768x1153.jpeg 768w, https:\/\/blogs.gazetaesportiva.com\/automobilismo\/files\/2025\/09\/456759_1170729_whatsapp_image_2025_09_06_at_17.04.18-1023x1536.jpeg 1023w, https:\/\/blogs.gazetaesportiva.com\/automobilismo\/files\/2025\/09\/456759_1170729_whatsapp_image_2025_09_06_at_17.04.18.jpeg 1066w\" sizes=\"auto, (max-width: 640px) 100vw, 640px\" \/><figcaption id=\"caption-attachment-2689\" class=\"wp-caption-text\">Foto: Carsten Horst\/HYSET<\/figcaption><\/figure>\n<p>O programa fala com o ga\u00facho em dois momentos: primeiro, antes da largada para a corrida Sprint, da qual o dono do Toyota Corolla Cross n\u00famero 9 partiu da pole position. E tamb\u00e9m ap\u00f3s Gama confirmar a vit\u00f3ria, a sua primeira na categoria.<\/p>\n<p><iframe loading=\"lazy\" title=\"Momento velocidade | Gazeta Motors\" width=\"640\" height=\"360\" src=\"https:\/\/www.youtube.com\/embed\/wpfevEFLnEA?feature=oembed\" frameborder=\"0\" allow=\"accelerometer; autoplay; clipboard-write; encrypted-media; gyroscope; picture-in-picture; web-share\" referrerpolicy=\"strict-origin-when-cross-origin\" allowfullscreen><\/iframe><\/p>\n","protected":false},"excerpt":{"rendered":"<p>O Momento Velocidade mostra uma entrevista com Arthur Gama, piloto da TOYOTA GAZOO Racing e titular mais jovem do grid da Stock Car em 2025, <a class=\"read-more\" href=\"https:\/\/blogs.gazetaesportiva.com\/automobilismo\/2025\/09\/15\/momento-velocidade-mostra-bastidores-da-stock-car-com-arthur-gama-piloto-toyota-gazoo-racing\/\">leia mais<\/a><\/p>\n","protected":false},"author":75,"featured_media":2689,"comment_status":"open","ping_status":"open","sticky":false,"template":"","format":"standard","meta":{"jetpack_post_was_ever_published":false,"_jetpack_newsletter_access":"","_jetpack_dont_email_post_to_subs":false,"_jetpack_newsletter_tier_id":0,"_jetpack_memberships_contains_paywalled_content":false,"_jetpack_memberships_contains_paid_content":false,"footnotes":"","jetpack_publicize_message":"","jetpack_publicize_feature_enabled":true,"jetpack_social_post_already_shared":false,"jetpack_social_options":{"image_generator_settings":{"template":"highway","default_image_id":0,"font":"","enabled":false},"version":2}},"categories":[1],"tags":[],"class_list":["post-2688","post","type-post","status-publish","format-standard","has-post-thumbnail","hentry","category-sem-categoria"],"jetpack_publicize_connections":[],"jetpack_featured_media_url":"https:\/\/blogs.gazetaesportiva.com\/automobilismo\/files\/2025\/09\/456759_1170729_whatsapp_image_2025_09_06_at_17.04.18.jpeg","jetpack_sharing_enabled":true,"jetpack_shortlink":"https:\/\/wp.me\/pblv91-Hm","_links":{"self":[{"href":"https:\/\/blogs.gazetaesportiva.com\/automobilismo\/wp-json\/wp\/v2\/posts\/2688","targetHints":{"allow":["GET"]}}],"collection":[{"href":"https:\/\/blogs.gazetaesportiva.com\/automobilismo\/wp-json\/wp\/v2\/posts"}],"about":[{"href":"https:\/\/blogs.gazetaesportiva.com\/automobilismo\/wp-json\/wp\/v2\/types\/post"}],"author":[{"embeddable":true,"href":"https:\/\/blogs.gazetaesportiva.com\/automobilismo\/wp-json\/wp\/v2\/users\/75"}],"replies":[{"embeddable":true,"href":"https:\/\/blogs.gazetaesportiva.com\/automobilismo\/wp-json\/wp\/v2\/comments?post=2688"}],"version-history":[{"count":0,"href":"https:\/\/blogs.gazetaesportiva.com\/automobilismo\/wp-json\/wp\/v2\/posts\/2688\/revisions"}],"wp:featuredmedia":[{"embeddable":true,"href":"https:\/\/blogs.gazetaesportiva.com\/automobilismo\/wp-json\/wp\/v2\/media\/2689"}],"wp:attachment":[{"href":"https:\/\/blogs.gazetaesportiva.com\/automobilismo\/wp-json\/wp\/v2\/media?parent=2688"}],"wp:term":[{"taxonomy":"category","embeddable":true,"href":"https:\/\/blogs.gazetaesportiva.com\/automobilismo\/wp-json\/wp\/v2\/categories?post=2688"},{"taxonomy":"post_tag","embeddable":true,"href":"https:\/\/blogs.gazetaesportiva.com\/automobilismo\/wp-json\/wp\/v2\/tags?post=2688"}],"curies":[{"name":"wp","href":"https:\/\/api.w.org\/{rel}","templated":true}]}}