{"id":2686,"date":"2025-09-15T19:00:50","date_gmt":"2025-09-15T19:00:50","guid":{"rendered":"https:\/\/blogs.gazetaesportiva.com\/automobilismo\/?p=2686"},"modified":"2025-09-15T19:00:50","modified_gmt":"2025-09-15T19:00:50","slug":"momento-velocidade-destaca-setima-etapa-da-copa-sao-paulo-bradesco-de-kart","status":"publish","type":"post","link":"https:\/\/blogs.gazetaesportiva.com\/automobilismo\/2025\/09\/15\/momento-velocidade-destaca-setima-etapa-da-copa-sao-paulo-bradesco-de-kart\/","title":{"rendered":"Momento Velocidade destaca s\u00e9tima etapa da Copa S\u00e3o Paulo Bradesco de Kart"},"content":{"rendered":"<p>O Momento Velocidade traz os destaques da s\u00e9tima etapa da Copa S\u00e3o Paulo Bradesco de Kart, disputada no Kart\u00f3dromo Granja Viana, em Cotia (SP).<\/p>\n<figure id=\"attachment_2687\" aria-describedby=\"caption-attachment-2687\" style=\"width: 640px\" class=\"wp-caption alignnone\"><img loading=\"lazy\" decoding=\"async\" src=\"https:\/\/blogs.gazetaesportiva.com\/automobilismo\/files\/2025\/09\/456482_1169654_whatsapp_image_2025_09_01_at_10.45.13__1_-1024x1024.jpeg\" alt=\"\" width=\"640\" height=\"640\" class=\"size-large wp-image-2687\" srcset=\"https:\/\/blogs.gazetaesportiva.com\/automobilismo\/files\/2025\/09\/456482_1169654_whatsapp_image_2025_09_01_at_10.45.13__1_-1024x1024.jpeg 1024w, https:\/\/blogs.gazetaesportiva.com\/automobilismo\/files\/2025\/09\/456482_1169654_whatsapp_image_2025_09_01_at_10.45.13__1_-300x300.jpeg 300w, https:\/\/blogs.gazetaesportiva.com\/automobilismo\/files\/2025\/09\/456482_1169654_whatsapp_image_2025_09_01_at_10.45.13__1_-150x150.jpeg 150w, https:\/\/blogs.gazetaesportiva.com\/automobilismo\/files\/2025\/09\/456482_1169654_whatsapp_image_2025_09_01_at_10.45.13__1_-768x768.jpeg 768w, https:\/\/blogs.gazetaesportiva.com\/automobilismo\/files\/2025\/09\/456482_1169654_whatsapp_image_2025_09_01_at_10.45.13__1_.jpeg 1080w\" sizes=\"auto, (max-width: 640px) 100vw, 640px\" \/><figcaption id=\"caption-attachment-2687\" class=\"wp-caption-text\">Foto: divulga\u00e7\u00e3o<\/figcaption><\/figure>\n<p>A etapa foi marcada por vit\u00f3rias de pilotas, de competidores que atuam em categorias nacionais do esporte a motor e disputas entre alguns dos principais pilotos do Pa\u00eds.<\/p>\n<p><iframe loading=\"lazy\" width=\"560\" height=\"315\" src=\"https:\/\/www.youtube.com\/embed\/mlijHL7WpEM?si=uJGVpckHS1gUXf9U\" title=\"YouTube video player\" frameborder=\"0\" allow=\"accelerometer; autoplay; clipboard-write; encrypted-media; gyroscope; picture-in-picture; web-share\" referrerpolicy=\"strict-origin-when-cross-origin\" allowfullscreen><\/iframe><\/p>\n<p>A pr\u00f3xima etapa da Copa S\u00e3o Paulo Bradesco de Kart est\u00e1 marcada para 27 de setembro, novamente no Kart\u00f3dromo Granja Viana.<\/p>\n","protected":false},"excerpt":{"rendered":"<p>O Momento Velocidade traz os destaques da s\u00e9tima etapa da Copa S\u00e3o Paulo Bradesco de Kart, disputada no Kart\u00f3dromo Granja Viana, em Cotia (SP). A <a class=\"read-more\" href=\"https:\/\/blogs.gazetaesportiva.com\/automobilismo\/2025\/09\/15\/momento-velocidade-destaca-setima-etapa-da-copa-sao-paulo-bradesco-de-kart\/\">leia mais<\/a><\/p>\n","protected":false},"author":75,"featured_media":2687,"comment_status":"open","ping_status":"open","sticky":false,"template":"","format":"standard","meta":{"jetpack_post_was_ever_published":false,"_jetpack_newsletter_access":"","_jetpack_dont_email_post_to_subs":false,"_jetpack_newsletter_tier_id":0,"_jetpack_memberships_contains_paywalled_content":false,"_jetpack_memberships_contains_paid_content":false,"footnotes":"","jetpack_publicize_message":"","jetpack_publicize_feature_enabled":true,"jetpack_social_post_already_shared":false,"jetpack_social_options":{"image_generator_settings":{"template":"highway","default_image_id":0,"font":"","enabled":false},"version":2}},"categories":[1],"tags":[],"class_list":["post-2686","post","type-post","status-publish","format-standard","has-post-thumbnail","hentry","category-sem-categoria"],"jetpack_publicize_connections":[],"jetpack_featured_media_url":"https:\/\/blogs.gazetaesportiva.com\/automobilismo\/files\/2025\/09\/456482_1169654_whatsapp_image_2025_09_01_at_10.45.13__1_.jpeg","jetpack_sharing_enabled":true,"jetpack_shortlink":"https:\/\/wp.me\/pblv91-Hk","_links":{"self":[{"href":"https:\/\/blogs.gazetaesportiva.com\/automobilismo\/wp-json\/wp\/v2\/posts\/2686","targetHints":{"allow":["GET"]}}],"collection":[{"href":"https:\/\/blogs.gazetaesportiva.com\/automobilismo\/wp-json\/wp\/v2\/posts"}],"about":[{"href":"https:\/\/blogs.gazetaesportiva.com\/automobilismo\/wp-json\/wp\/v2\/types\/post"}],"author":[{"embeddable":true,"href":"https:\/\/blogs.gazetaesportiva.com\/automobilismo\/wp-json\/wp\/v2\/users\/75"}],"replies":[{"embeddable":true,"href":"https:\/\/blogs.gazetaesportiva.com\/automobilismo\/wp-json\/wp\/v2\/comments?post=2686"}],"version-history":[{"count":0,"href":"https:\/\/blogs.gazetaesportiva.com\/automobilismo\/wp-json\/wp\/v2\/posts\/2686\/revisions"}],"wp:featuredmedia":[{"embeddable":true,"href":"https:\/\/blogs.gazetaesportiva.com\/automobilismo\/wp-json\/wp\/v2\/media\/2687"}],"wp:attachment":[{"href":"https:\/\/blogs.gazetaesportiva.com\/automobilismo\/wp-json\/wp\/v2\/media?parent=2686"}],"wp:term":[{"taxonomy":"category","embeddable":true,"href":"https:\/\/blogs.gazetaesportiva.com\/automobilismo\/wp-json\/wp\/v2\/categories?post=2686"},{"taxonomy":"post_tag","embeddable":true,"href":"https:\/\/blogs.gazetaesportiva.com\/automobilismo\/wp-json\/wp\/v2\/tags?post=2686"}],"curies":[{"name":"wp","href":"https:\/\/api.w.org\/{rel}","templated":true}]}}