{"id":2684,"date":"2025-09-12T18:16:24","date_gmt":"2025-09-12T18:16:24","guid":{"rendered":"https:\/\/blogs.gazetaesportiva.com\/automobilismo\/?p=2684"},"modified":"2025-09-12T18:16:24","modified_gmt":"2025-09-12T18:16:24","slug":"paulo-reales-estreia-novo-visual-de-seu-carro-na-porsche-cup-com-as-cores-do-ouribank-no-velocitta","status":"publish","type":"post","link":"https:\/\/blogs.gazetaesportiva.com\/automobilismo\/2025\/09\/12\/paulo-reales-estreia-novo-visual-de-seu-carro-na-porsche-cup-com-as-cores-do-ouribank-no-velocitta\/","title":{"rendered":"Paulo Reales estreia novo visual de seu carro na Porsche Cup com as cores do Ouribank no Velocitta"},"content":{"rendered":"<p>A Porsche Cup disputa neste final de semana uma etapa exclusiva para os pilotos da categoria Sprint Trophy no Aut\u00f3dromo Velocitta, em Mogi Gua\u00e7u (SP). Paulo Reales, piloto que faz sua primeira temporada completa acelerando o Porsche 911 GT3, estreia o novo visual de seu carro n\u00famero 11 inspirado nas cores do Grupo Ouribank e vai em busca de um lugar no p\u00f3dio da classe Sport.<\/p>\n<figure id=\"attachment_2685\" aria-describedby=\"caption-attachment-2685\" style=\"width: 640px\" class=\"wp-caption alignnone\"><img loading=\"lazy\" decoding=\"async\" src=\"https:\/\/blogs.gazetaesportiva.com\/automobilismo\/files\/2025\/09\/WhatsApp-Image-2025-09-12-at-14.47.55-1024x683.jpeg\" alt=\"Paulo Reales\" width=\"640\" height=\"427\" class=\"size-large wp-image-2685\" srcset=\"https:\/\/blogs.gazetaesportiva.com\/automobilismo\/files\/2025\/09\/WhatsApp-Image-2025-09-12-at-14.47.55-1024x683.jpeg 1024w, https:\/\/blogs.gazetaesportiva.com\/automobilismo\/files\/2025\/09\/WhatsApp-Image-2025-09-12-at-14.47.55-300x200.jpeg 300w, https:\/\/blogs.gazetaesportiva.com\/automobilismo\/files\/2025\/09\/WhatsApp-Image-2025-09-12-at-14.47.55-768x512.jpeg 768w, https:\/\/blogs.gazetaesportiva.com\/automobilismo\/files\/2025\/09\/WhatsApp-Image-2025-09-12-at-14.47.55-1536x1024.jpeg 1536w, https:\/\/blogs.gazetaesportiva.com\/automobilismo\/files\/2025\/09\/WhatsApp-Image-2025-09-12-at-14.47.55-2048x1366.jpeg 2048w\" sizes=\"auto, (max-width: 640px) 100vw, 640px\" \/><figcaption id=\"caption-attachment-2685\" class=\"wp-caption-text\">Foto: Ca\u00edque Roberto<\/figcaption><\/figure>\n<p>\u201cVou contar com a for\u00e7a do Ouribank junto comigo na pista. Estou muito feliz em anunciar essa parceria que chega pra acelerar nossos resultados\u201d, diz Paulo Reales, que \u00e9 s\u00f3cio-fundador da Sterling e propriet\u00e1rio da CAR Racing, equipe da Stock Car.<\/p>\n<p>O Ouribank \u00e9 uma institui\u00e7\u00e3o financeira comprometida em oferecer servi\u00e7os banc\u00e1rios de alta qualidade, solu\u00e7\u00f5es inovadoras e atendimento excepcional, garantindo os melhores processos para transa\u00e7\u00f5es financeiras e tornando os neg\u00f3cios cada vez mais competitivos e ganhando novos mercados.<\/p>\n<p>Ap\u00f3s a realiza\u00e7\u00e3o dos treinos livres e da classifica\u00e7\u00e3o nesta sexta-feira, a corrida da Porsche Cup no Velocitta ser\u00e1 disputada a partir das 9h da manh\u00e3 deste s\u00e1bado. O YouTube exibe a etapa ao vivo.<\/p>\n","protected":false},"excerpt":{"rendered":"<p>A Porsche Cup disputa neste final de semana uma etapa exclusiva para os pilotos da categoria Sprint Trophy no Aut\u00f3dromo Velocitta, em Mogi Gua\u00e7u (SP). <a class=\"read-more\" href=\"https:\/\/blogs.gazetaesportiva.com\/automobilismo\/2025\/09\/12\/paulo-reales-estreia-novo-visual-de-seu-carro-na-porsche-cup-com-as-cores-do-ouribank-no-velocitta\/\">leia mais<\/a><\/p>\n","protected":false},"author":75,"featured_media":2685,"comment_status":"open","ping_status":"open","sticky":false,"template":"","format":"standard","meta":{"jetpack_post_was_ever_published":false,"_jetpack_newsletter_access":"","_jetpack_dont_email_post_to_subs":false,"_jetpack_newsletter_tier_id":0,"_jetpack_memberships_contains_paywalled_content":false,"_jetpack_memberships_contains_paid_content":false,"footnotes":"","jetpack_publicize_message":"","jetpack_publicize_feature_enabled":true,"jetpack_social_post_already_shared":false,"jetpack_social_options":{"image_generator_settings":{"template":"highway","default_image_id":0,"font":"","enabled":false},"version":2}},"categories":[1],"tags":[],"class_list":["post-2684","post","type-post","status-publish","format-standard","has-post-thumbnail","hentry","category-sem-categoria"],"jetpack_publicize_connections":[],"jetpack_featured_media_url":"https:\/\/blogs.gazetaesportiva.com\/automobilismo\/files\/2025\/09\/WhatsApp-Image-2025-09-12-at-14.47.55-scaled.jpeg","jetpack_sharing_enabled":true,"jetpack_shortlink":"https:\/\/wp.me\/pblv91-Hi","_links":{"self":[{"href":"https:\/\/blogs.gazetaesportiva.com\/automobilismo\/wp-json\/wp\/v2\/posts\/2684","targetHints":{"allow":["GET"]}}],"collection":[{"href":"https:\/\/blogs.gazetaesportiva.com\/automobilismo\/wp-json\/wp\/v2\/posts"}],"about":[{"href":"https:\/\/blogs.gazetaesportiva.com\/automobilismo\/wp-json\/wp\/v2\/types\/post"}],"author":[{"embeddable":true,"href":"https:\/\/blogs.gazetaesportiva.com\/automobilismo\/wp-json\/wp\/v2\/users\/75"}],"replies":[{"embeddable":true,"href":"https:\/\/blogs.gazetaesportiva.com\/automobilismo\/wp-json\/wp\/v2\/comments?post=2684"}],"version-history":[{"count":0,"href":"https:\/\/blogs.gazetaesportiva.com\/automobilismo\/wp-json\/wp\/v2\/posts\/2684\/revisions"}],"wp:featuredmedia":[{"embeddable":true,"href":"https:\/\/blogs.gazetaesportiva.com\/automobilismo\/wp-json\/wp\/v2\/media\/2685"}],"wp:attachment":[{"href":"https:\/\/blogs.gazetaesportiva.com\/automobilismo\/wp-json\/wp\/v2\/media?parent=2684"}],"wp:term":[{"taxonomy":"category","embeddable":true,"href":"https:\/\/blogs.gazetaesportiva.com\/automobilismo\/wp-json\/wp\/v2\/categories?post=2684"},{"taxonomy":"post_tag","embeddable":true,"href":"https:\/\/blogs.gazetaesportiva.com\/automobilismo\/wp-json\/wp\/v2\/tags?post=2684"}],"curies":[{"name":"wp","href":"https:\/\/api.w.org\/{rel}","templated":true}]}}