{"id":2681,"date":"2025-09-11T18:59:43","date_gmt":"2025-09-11T18:59:43","guid":{"rendered":"https:\/\/blogs.gazetaesportiva.com\/automobilismo\/?p=2681"},"modified":"2025-09-11T18:59:43","modified_gmt":"2025-09-11T18:59:43","slug":"porsche-cup-paulo-reales-volta-ao-velocitta-e-almeja-primeiras-posicoes-na-sprint-trophy","status":"publish","type":"post","link":"https:\/\/blogs.gazetaesportiva.com\/automobilismo\/2025\/09\/11\/porsche-cup-paulo-reales-volta-ao-velocitta-e-almeja-primeiras-posicoes-na-sprint-trophy\/","title":{"rendered":"Porsche Cup: Paulo Reales volta ao Velocitta e almeja primeiras posi\u00e7\u00f5es na Sprint Trophy"},"content":{"rendered":"<p style=\"text-align: justify;\">Em sua primeira temporada no automobilismo ap\u00f3s anos no kartismo, Paulo Reales disputa neste final de semana a quarta etapa da categoria Sprint Trophy da Porsche Cup, marcada para o Velocitta, em Mogi Gua\u00e7u (SP). Em evolu\u00e7\u00e3o no campeonato, o piloto do carro n\u00famero 11 que leva as cores da Sterling espera avan\u00e7ar no pelot\u00e3o e brigar pelas posi\u00e7\u00f5es da frente.<\/p>\n<p style=\"text-align: justify;\">O palco da etapa deste final de semana j\u00e1 \u00e9 conhecido de Reales. O Velocitta recebeu as duas primeiras etapas do campeonato deste ano. Mais adaptado ao carro e com experi\u00eancia no tra\u00e7ado do interior paulista, o piloto foca em melhorar seu ritmo e j\u00e1 admite brigar pelo t\u00edtulo na temporada de 2026.<\/p>\n<figure id=\"attachment_2682\" aria-describedby=\"caption-attachment-2682\" style=\"width: 640px\" class=\"wp-caption alignnone\"><img loading=\"lazy\" decoding=\"async\" class=\"size-large wp-image-2682\" src=\"https:\/\/blogs.gazetaesportiva.com\/automobilismo\/files\/2025\/09\/Paulo-Reales-na-Porsche-Cup-1024x683.jpg\" alt=\"\" width=\"640\" height=\"427\" srcset=\"https:\/\/blogs.gazetaesportiva.com\/automobilismo\/files\/2025\/09\/Paulo-Reales-na-Porsche-Cup-1024x683.jpg 1024w, https:\/\/blogs.gazetaesportiva.com\/automobilismo\/files\/2025\/09\/Paulo-Reales-na-Porsche-Cup-300x200.jpg 300w, https:\/\/blogs.gazetaesportiva.com\/automobilismo\/files\/2025\/09\/Paulo-Reales-na-Porsche-Cup-768x512.jpg 768w, https:\/\/blogs.gazetaesportiva.com\/automobilismo\/files\/2025\/09\/Paulo-Reales-na-Porsche-Cup.jpg 1500w\" sizes=\"auto, (max-width: 640px) 100vw, 640px\" \/><figcaption id=\"caption-attachment-2682\" class=\"wp-caption-text\">Paulo Reales &#8211; Foto: Serj\u00e3o Soares<\/figcaption><\/figure>\n<p style=\"text-align: justify;\">\u201cA Porsche tem um grid super forte com pilotos muito talentosos. \u00c9 o meu primeiro ano como piloto de carro. Para quem subiu do kart direto para um Porsche com quase 550 cv, foi um salto grande. Quero terminar o ano com um ritmo forte para, ent\u00e3o, disputar o t\u00edtulo no ano que vem\u201d, diz Paulo Reales, que tem o patroc\u00ednio de Sterling.<\/p>\n<p style=\"text-align: justify;\">A programa\u00e7\u00e3o da Porsche Cup no Velocitta contar\u00e1 com duas sess\u00f5es de treinos livres e a classifica\u00e7\u00e3o na sexta-feira (12), enquanto a corrida ocorre no s\u00e1bado, com largada \u00e0s 9h. O YouTube mostra a etapa ao vivo.<\/p>\n","protected":false},"excerpt":{"rendered":"<p>Em sua primeira temporada no automobilismo ap\u00f3s anos no kartismo, Paulo Reales disputa neste final de semana a quarta etapa da categoria Sprint Trophy da <a class=\"read-more\" href=\"https:\/\/blogs.gazetaesportiva.com\/automobilismo\/2025\/09\/11\/porsche-cup-paulo-reales-volta-ao-velocitta-e-almeja-primeiras-posicoes-na-sprint-trophy\/\">leia mais<\/a><\/p>\n","protected":false},"author":75,"featured_media":2683,"comment_status":"open","ping_status":"open","sticky":false,"template":"","format":"standard","meta":{"jetpack_post_was_ever_published":false,"_jetpack_newsletter_access":"","_jetpack_dont_email_post_to_subs":false,"_jetpack_newsletter_tier_id":0,"_jetpack_memberships_contains_paywalled_content":false,"_jetpack_memberships_contains_paid_content":false,"footnotes":"","jetpack_publicize_message":"","jetpack_publicize_feature_enabled":true,"jetpack_social_post_already_shared":false,"jetpack_social_options":{"image_generator_settings":{"template":"highway","default_image_id":0,"font":"","enabled":false},"version":2}},"categories":[1],"tags":[],"class_list":["post-2681","post","type-post","status-publish","format-standard","has-post-thumbnail","hentry","category-sem-categoria"],"jetpack_publicize_connections":[],"jetpack_featured_media_url":"https:\/\/blogs.gazetaesportiva.com\/automobilismo\/files\/2025\/09\/Paulo-Reales-no-Velocitta.jpg","jetpack_sharing_enabled":true,"jetpack_shortlink":"https:\/\/wp.me\/pblv91-Hf","_links":{"self":[{"href":"https:\/\/blogs.gazetaesportiva.com\/automobilismo\/wp-json\/wp\/v2\/posts\/2681","targetHints":{"allow":["GET"]}}],"collection":[{"href":"https:\/\/blogs.gazetaesportiva.com\/automobilismo\/wp-json\/wp\/v2\/posts"}],"about":[{"href":"https:\/\/blogs.gazetaesportiva.com\/automobilismo\/wp-json\/wp\/v2\/types\/post"}],"author":[{"embeddable":true,"href":"https:\/\/blogs.gazetaesportiva.com\/automobilismo\/wp-json\/wp\/v2\/users\/75"}],"replies":[{"embeddable":true,"href":"https:\/\/blogs.gazetaesportiva.com\/automobilismo\/wp-json\/wp\/v2\/comments?post=2681"}],"version-history":[{"count":0,"href":"https:\/\/blogs.gazetaesportiva.com\/automobilismo\/wp-json\/wp\/v2\/posts\/2681\/revisions"}],"wp:featuredmedia":[{"embeddable":true,"href":"https:\/\/blogs.gazetaesportiva.com\/automobilismo\/wp-json\/wp\/v2\/media\/2683"}],"wp:attachment":[{"href":"https:\/\/blogs.gazetaesportiva.com\/automobilismo\/wp-json\/wp\/v2\/media?parent=2681"}],"wp:term":[{"taxonomy":"category","embeddable":true,"href":"https:\/\/blogs.gazetaesportiva.com\/automobilismo\/wp-json\/wp\/v2\/categories?post=2681"},{"taxonomy":"post_tag","embeddable":true,"href":"https:\/\/blogs.gazetaesportiva.com\/automobilismo\/wp-json\/wp\/v2\/tags?post=2681"}],"curies":[{"name":"wp","href":"https:\/\/api.w.org\/{rel}","templated":true}]}}