{"id":2678,"date":"2025-09-08T13:45:24","date_gmt":"2025-09-08T13:45:24","guid":{"rendered":"https:\/\/blogs.gazetaesportiva.com\/automobilismo\/?p=2678"},"modified":"2025-09-08T13:45:24","modified_gmt":"2025-09-08T13:45:24","slug":"gabriel-casagrande-relembra-primeira-vitoria-na-stock-car-com-o-momento-velocidade","status":"publish","type":"post","link":"https:\/\/blogs.gazetaesportiva.com\/automobilismo\/2025\/09\/08\/gabriel-casagrande-relembra-primeira-vitoria-na-stock-car-com-o-momento-velocidade\/","title":{"rendered":"Gabriel Casagrande relembra primeira vit\u00f3ria na Stock Car com o Momento Velocidade"},"content":{"rendered":"<p>Campe\u00e3o de tr\u00eas das \u00faltimas quatro temporadas da Stock Car, Gabriel Casagrande conversou com o Momento Velocidade durante a quinta etapa do campeonato, realizada em Curvelo (MG), e relembrou sua primeira vit\u00f3ria na categoria.<\/p>\n<figure id=\"attachment_2679\" aria-describedby=\"caption-attachment-2679\" style=\"width: 640px\" class=\"wp-caption alignnone\"><img loading=\"lazy\" decoding=\"async\" class=\"size-large wp-image-2679\" src=\"https:\/\/blogs.gazetaesportiva.com\/automobilismo\/files\/2025\/09\/455807_1167029_rhd29422-1024x683.jpg\" alt=\"Gabriel Casagrande\" width=\"640\" height=\"427\" srcset=\"https:\/\/blogs.gazetaesportiva.com\/automobilismo\/files\/2025\/09\/455807_1167029_rhd29422-1024x683.jpg 1024w, https:\/\/blogs.gazetaesportiva.com\/automobilismo\/files\/2025\/09\/455807_1167029_rhd29422-300x200.jpg 300w, https:\/\/blogs.gazetaesportiva.com\/automobilismo\/files\/2025\/09\/455807_1167029_rhd29422-768x512.jpg 768w, https:\/\/blogs.gazetaesportiva.com\/automobilismo\/files\/2025\/09\/455807_1167029_rhd29422-1536x1024.jpg 1536w, https:\/\/blogs.gazetaesportiva.com\/automobilismo\/files\/2025\/09\/455807_1167029_rhd29422-2048x1365.jpg 2048w\" sizes=\"auto, (max-width: 640px) 100vw, 640px\" \/><figcaption id=\"caption-attachment-2679\" class=\"wp-caption-text\">Foto: Rodrigo Guimar\u00e3es<\/figcaption><\/figure>\n<p>A primeira vez que Casagrande subiu no alto do p\u00f3dio na Stock Car foi no Circuito dos Cristais, que voltou a receber o mais importante campeonato do esporte a motor brasileiro nesta temporada, ap\u00f3s oito anos longe do interior mineiro.<\/p>\n<p><iframe loading=\"lazy\" title=\"Momento velocidade | Gazeta Motors\" width=\"640\" height=\"360\" src=\"https:\/\/www.youtube.com\/embed\/WIoARz7GkUU?feature=oembed\" frameborder=\"0\" allow=\"accelerometer; autoplay; clipboard-write; encrypted-media; gyroscope; picture-in-picture; web-share\" referrerpolicy=\"strict-origin-when-cross-origin\" allowfullscreen><\/iframe><\/p>\n<p>O piloto teve uma sensa\u00e7\u00e3o de nostalgia no aut\u00f3dromo de Curvelo ao completar as primeiras voltas do final de semana, muito por conta de alguns trechos da pista seguirem da mesma forma como oito anos atr\u00e1s.<\/p>\n","protected":false},"excerpt":{"rendered":"<p>Campe\u00e3o de tr\u00eas das \u00faltimas quatro temporadas da Stock Car, Gabriel Casagrande conversou com o Momento Velocidade durante a quinta etapa do campeonato, realizada em <a class=\"read-more\" href=\"https:\/\/blogs.gazetaesportiva.com\/automobilismo\/2025\/09\/08\/gabriel-casagrande-relembra-primeira-vitoria-na-stock-car-com-o-momento-velocidade\/\">leia mais<\/a><\/p>\n","protected":false},"author":75,"featured_media":2679,"comment_status":"open","ping_status":"open","sticky":false,"template":"","format":"standard","meta":{"jetpack_post_was_ever_published":false,"_jetpack_newsletter_access":"","_jetpack_dont_email_post_to_subs":false,"_jetpack_newsletter_tier_id":0,"_jetpack_memberships_contains_paywalled_content":false,"_jetpack_memberships_contains_paid_content":false,"footnotes":"","jetpack_publicize_message":"","jetpack_publicize_feature_enabled":true,"jetpack_social_post_already_shared":false,"jetpack_social_options":{"image_generator_settings":{"template":"highway","default_image_id":0,"font":"","enabled":false},"version":2}},"categories":[1],"tags":[],"class_list":["post-2678","post","type-post","status-publish","format-standard","has-post-thumbnail","hentry","category-sem-categoria"],"jetpack_publicize_connections":[],"jetpack_featured_media_url":"https:\/\/blogs.gazetaesportiva.com\/automobilismo\/files\/2025\/09\/455807_1167029_rhd29422-scaled.jpg","jetpack_sharing_enabled":true,"jetpack_shortlink":"https:\/\/wp.me\/pblv91-Hc","_links":{"self":[{"href":"https:\/\/blogs.gazetaesportiva.com\/automobilismo\/wp-json\/wp\/v2\/posts\/2678","targetHints":{"allow":["GET"]}}],"collection":[{"href":"https:\/\/blogs.gazetaesportiva.com\/automobilismo\/wp-json\/wp\/v2\/posts"}],"about":[{"href":"https:\/\/blogs.gazetaesportiva.com\/automobilismo\/wp-json\/wp\/v2\/types\/post"}],"author":[{"embeddable":true,"href":"https:\/\/blogs.gazetaesportiva.com\/automobilismo\/wp-json\/wp\/v2\/users\/75"}],"replies":[{"embeddable":true,"href":"https:\/\/blogs.gazetaesportiva.com\/automobilismo\/wp-json\/wp\/v2\/comments?post=2678"}],"version-history":[{"count":0,"href":"https:\/\/blogs.gazetaesportiva.com\/automobilismo\/wp-json\/wp\/v2\/posts\/2678\/revisions"}],"wp:featuredmedia":[{"embeddable":true,"href":"https:\/\/blogs.gazetaesportiva.com\/automobilismo\/wp-json\/wp\/v2\/media\/2679"}],"wp:attachment":[{"href":"https:\/\/blogs.gazetaesportiva.com\/automobilismo\/wp-json\/wp\/v2\/media?parent=2678"}],"wp:term":[{"taxonomy":"category","embeddable":true,"href":"https:\/\/blogs.gazetaesportiva.com\/automobilismo\/wp-json\/wp\/v2\/categories?post=2678"},{"taxonomy":"post_tag","embeddable":true,"href":"https:\/\/blogs.gazetaesportiva.com\/automobilismo\/wp-json\/wp\/v2\/tags?post=2678"}],"curies":[{"name":"wp","href":"https:\/\/api.w.org\/{rel}","templated":true}]}}