{"id":2676,"date":"2025-09-08T13:30:55","date_gmt":"2025-09-08T13:30:55","guid":{"rendered":"https:\/\/blogs.gazetaesportiva.com\/automobilismo\/?p=2676"},"modified":"2025-09-08T13:30:55","modified_gmt":"2025-09-08T13:30:55","slug":"momento-velocidade-mostra-entrevista-com-caca-bueno-na-stock-car","status":"publish","type":"post","link":"https:\/\/blogs.gazetaesportiva.com\/automobilismo\/2025\/09\/08\/momento-velocidade-mostra-entrevista-com-caca-bueno-na-stock-car\/","title":{"rendered":"Momento Velocidade mostra entrevista com Cac\u00e1 Bueno na Stock Car"},"content":{"rendered":"<p>O Momento Velocidade traz nesta edi\u00e7\u00e3o uma entrevista com Cac\u00e1 Bueno, piloto que atua na Stock Car e que defende a variedade de circuitos no calend\u00e1rio da principal categoria do esporte a motor brasileiro. A entrevista ocorreu no Circuito dos Cristais, em Curvelo (MG).<\/p>\n<figure id=\"attachment_2677\" aria-describedby=\"caption-attachment-2677\" style=\"width: 640px\" class=\"wp-caption alignnone\"><img loading=\"lazy\" decoding=\"async\" class=\"size-large wp-image-2677\" src=\"https:\/\/blogs.gazetaesportiva.com\/automobilismo\/files\/2025\/09\/BT623487-1024x683.jpg\" alt=\"Cac\u00e1 Bueno\" width=\"640\" height=\"427\" srcset=\"https:\/\/blogs.gazetaesportiva.com\/automobilismo\/files\/2025\/09\/BT623487-1024x683.jpg 1024w, https:\/\/blogs.gazetaesportiva.com\/automobilismo\/files\/2025\/09\/BT623487-300x200.jpg 300w, https:\/\/blogs.gazetaesportiva.com\/automobilismo\/files\/2025\/09\/BT623487-768x512.jpg 768w, https:\/\/blogs.gazetaesportiva.com\/automobilismo\/files\/2025\/09\/BT623487-1536x1024.jpg 1536w, https:\/\/blogs.gazetaesportiva.com\/automobilismo\/files\/2025\/09\/BT623487-2048x1365.jpg 2048w\" sizes=\"auto, (max-width: 640px) 100vw, 640px\" \/><figcaption id=\"caption-attachment-2677\" class=\"wp-caption-text\">Foto: Bruno Terena<\/figcaption><\/figure>\n<p>O piloto da Scuderia Chiarelli destacou as boas condi\u00e7\u00f5es do aut\u00f3dromo localizado no interior mineiro, onde a Stock Car n\u00e3o corria desde a temporada de 2017.<\/p>\n<p><iframe loading=\"lazy\" title=\"Momento velocidade | Gazeta Motors\" width=\"640\" height=\"360\" src=\"https:\/\/www.youtube.com\/embed\/5coTDJ2MnlY?start=22&#038;feature=oembed\" frameborder=\"0\" allow=\"accelerometer; autoplay; clipboard-write; encrypted-media; gyroscope; picture-in-picture; web-share\" referrerpolicy=\"strict-origin-when-cross-origin\" allowfullscreen><\/iframe><\/p>\n<p>Cac\u00e1 tamb\u00e9m falou dos bastidores da NASCAR Brasil, categoria em que atua junto da Stock Car e que o multicampe\u00e3o tem exibido atrav\u00e9s das suas redes sociais.<\/p>\n","protected":false},"excerpt":{"rendered":"<p>O Momento Velocidade traz nesta edi\u00e7\u00e3o uma entrevista com Cac\u00e1 Bueno, piloto que atua na Stock Car e que defende a variedade de circuitos no <a class=\"read-more\" href=\"https:\/\/blogs.gazetaesportiva.com\/automobilismo\/2025\/09\/08\/momento-velocidade-mostra-entrevista-com-caca-bueno-na-stock-car\/\">leia mais<\/a><\/p>\n","protected":false},"author":75,"featured_media":2677,"comment_status":"open","ping_status":"open","sticky":false,"template":"","format":"standard","meta":{"jetpack_post_was_ever_published":false,"_jetpack_newsletter_access":"","_jetpack_dont_email_post_to_subs":false,"_jetpack_newsletter_tier_id":0,"_jetpack_memberships_contains_paywalled_content":false,"_jetpack_memberships_contains_paid_content":false,"footnotes":"","jetpack_publicize_message":"","jetpack_publicize_feature_enabled":true,"jetpack_social_post_already_shared":false,"jetpack_social_options":{"image_generator_settings":{"template":"highway","default_image_id":0,"font":"","enabled":false},"version":2}},"categories":[1],"tags":[],"class_list":["post-2676","post","type-post","status-publish","format-standard","has-post-thumbnail","hentry","category-sem-categoria"],"jetpack_publicize_connections":[],"jetpack_featured_media_url":"https:\/\/blogs.gazetaesportiva.com\/automobilismo\/files\/2025\/09\/BT623487.jpg","jetpack_sharing_enabled":true,"jetpack_shortlink":"https:\/\/wp.me\/pblv91-Ha","_links":{"self":[{"href":"https:\/\/blogs.gazetaesportiva.com\/automobilismo\/wp-json\/wp\/v2\/posts\/2676","targetHints":{"allow":["GET"]}}],"collection":[{"href":"https:\/\/blogs.gazetaesportiva.com\/automobilismo\/wp-json\/wp\/v2\/posts"}],"about":[{"href":"https:\/\/blogs.gazetaesportiva.com\/automobilismo\/wp-json\/wp\/v2\/types\/post"}],"author":[{"embeddable":true,"href":"https:\/\/blogs.gazetaesportiva.com\/automobilismo\/wp-json\/wp\/v2\/users\/75"}],"replies":[{"embeddable":true,"href":"https:\/\/blogs.gazetaesportiva.com\/automobilismo\/wp-json\/wp\/v2\/comments?post=2676"}],"version-history":[{"count":0,"href":"https:\/\/blogs.gazetaesportiva.com\/automobilismo\/wp-json\/wp\/v2\/posts\/2676\/revisions"}],"wp:featuredmedia":[{"embeddable":true,"href":"https:\/\/blogs.gazetaesportiva.com\/automobilismo\/wp-json\/wp\/v2\/media\/2677"}],"wp:attachment":[{"href":"https:\/\/blogs.gazetaesportiva.com\/automobilismo\/wp-json\/wp\/v2\/media?parent=2676"}],"wp:term":[{"taxonomy":"category","embeddable":true,"href":"https:\/\/blogs.gazetaesportiva.com\/automobilismo\/wp-json\/wp\/v2\/categories?post=2676"},{"taxonomy":"post_tag","embeddable":true,"href":"https:\/\/blogs.gazetaesportiva.com\/automobilismo\/wp-json\/wp\/v2\/tags?post=2676"}],"curies":[{"name":"wp","href":"https:\/\/api.w.org\/{rel}","templated":true}]}}