{"id":2674,"date":"2025-09-06T15:23:34","date_gmt":"2025-09-06T15:23:34","guid":{"rendered":"https:\/\/blogs.gazetaesportiva.com\/automobilismo\/?p=2674"},"modified":"2025-09-06T15:23:34","modified_gmt":"2025-09-06T15:23:34","slug":"stock-car-arthur-gama-larga-da-pole-position-na-sprint-em-cascavel-com-a-toyota-gazoo-racing","status":"publish","type":"post","link":"https:\/\/blogs.gazetaesportiva.com\/automobilismo\/2025\/09\/06\/stock-car-arthur-gama-larga-da-pole-position-na-sprint-em-cascavel-com-a-toyota-gazoo-racing\/","title":{"rendered":"Stock Car: Arthur Gama larga da pole position na Sprint em Cascavel com a TOYOTA GAZOO Racing"},"content":{"rendered":"<p>Piloto que leva as cores da TOYOTA GAZOO Racing no carro na Stock Car, Arthur Gama vai largar da pole position na corrida Sprint deste s\u00e1bado (6), no Aut\u00f3dromo Zilmar Beux, em Cascavel (PR). Ser\u00e1 a primeira vez que o ga\u00facho, que faz sua temporada de estreia, partir\u00e1 na frente na principal categoria do esporte a motor nacional.<\/p>\n<figure id=\"attachment_2675\" aria-describedby=\"caption-attachment-2675\" style=\"width: 640px\" class=\"wp-caption alignnone\"><img loading=\"lazy\" decoding=\"async\" src=\"https:\/\/blogs.gazetaesportiva.com\/automobilismo\/files\/2025\/09\/05092025_091145_Cascavel-PR_CaiqueRoberto_089-1024x683.jpg\" alt=\"Arthur Gama\" width=\"640\" height=\"427\" class=\"size-large wp-image-2675\" srcset=\"https:\/\/blogs.gazetaesportiva.com\/automobilismo\/files\/2025\/09\/05092025_091145_Cascavel-PR_CaiqueRoberto_089-1024x683.jpg 1024w, https:\/\/blogs.gazetaesportiva.com\/automobilismo\/files\/2025\/09\/05092025_091145_Cascavel-PR_CaiqueRoberto_089-300x200.jpg 300w, https:\/\/blogs.gazetaesportiva.com\/automobilismo\/files\/2025\/09\/05092025_091145_Cascavel-PR_CaiqueRoberto_089-768x512.jpg 768w, https:\/\/blogs.gazetaesportiva.com\/automobilismo\/files\/2025\/09\/05092025_091145_Cascavel-PR_CaiqueRoberto_089-1536x1024.jpg 1536w, https:\/\/blogs.gazetaesportiva.com\/automobilismo\/files\/2025\/09\/05092025_091145_Cascavel-PR_CaiqueRoberto_089-2048x1365.jpg 2048w\" sizes=\"auto, (max-width: 640px) 100vw, 640px\" \/><figcaption id=\"caption-attachment-2675\" class=\"wp-caption-text\">Foto: Ca\u00edque Roberto<\/figcaption><\/figure>\n<p>Gama avan\u00e7ou para o Q2 com o terceiro melhor tempo de seu grupo, e anotou o 12\u00ba tempo na segunda fase da atividade que definiu as posi\u00e7\u00f5es de largada. Com a invers\u00e3o de posi\u00e7\u00f5es entre os 12 melhores para a corrida mais curta do final de semana, o atual campe\u00e3o da Stock Light largar\u00e1 na frente logo mais, com Julio Campos, tamb\u00e9m com um Toyota Corolla Cross, na segunda posi\u00e7\u00e3o.<\/p>\n<p>\u201cEstou feliz demais por estar na primeira posi\u00e7\u00e3o. A gente sabe que tinha potencial para entrar no Q3, mas tamb\u00e9m sabemos que estamos r\u00e1pidos tamb\u00e9m. Vamos apostar todas as fichas para tentar essa vit\u00f3ria. Em cada etapa a gente vem trabalhando cada vez mais. A gente sabe do nosso potencial e estamos evoluindo muito forte\u201d, disse Arthur Gama.<\/p>\n<p>A Sprint da etapa de Cascavel ser\u00e1 disputada ainda neste s\u00e1bado, com largada \u00e0s 14h30. O domingo contar\u00e1 com a corrida principal, com in\u00edcio \u00e0s 14h05 e transmiss\u00e3o de Band, Sportv, BandSports e YouTube.<\/p>\n","protected":false},"excerpt":{"rendered":"<p>Piloto que leva as cores da TOYOTA GAZOO Racing no carro na Stock Car, Arthur Gama vai largar da pole position na corrida Sprint deste <a class=\"read-more\" href=\"https:\/\/blogs.gazetaesportiva.com\/automobilismo\/2025\/09\/06\/stock-car-arthur-gama-larga-da-pole-position-na-sprint-em-cascavel-com-a-toyota-gazoo-racing\/\">leia mais<\/a><\/p>\n","protected":false},"author":75,"featured_media":2675,"comment_status":"open","ping_status":"open","sticky":false,"template":"","format":"standard","meta":{"jetpack_post_was_ever_published":false,"_jetpack_newsletter_access":"","_jetpack_dont_email_post_to_subs":false,"_jetpack_newsletter_tier_id":0,"_jetpack_memberships_contains_paywalled_content":false,"_jetpack_memberships_contains_paid_content":false,"footnotes":"","jetpack_publicize_message":"","jetpack_publicize_feature_enabled":true,"jetpack_social_post_already_shared":false,"jetpack_social_options":{"image_generator_settings":{"template":"highway","default_image_id":0,"font":"","enabled":false},"version":2}},"categories":[1],"tags":[],"class_list":["post-2674","post","type-post","status-publish","format-standard","has-post-thumbnail","hentry","category-sem-categoria"],"jetpack_publicize_connections":[],"jetpack_featured_media_url":"https:\/\/blogs.gazetaesportiva.com\/automobilismo\/files\/2025\/09\/05092025_091145_Cascavel-PR_CaiqueRoberto_089-scaled.jpg","jetpack_sharing_enabled":true,"jetpack_shortlink":"https:\/\/wp.me\/pblv91-H8","_links":{"self":[{"href":"https:\/\/blogs.gazetaesportiva.com\/automobilismo\/wp-json\/wp\/v2\/posts\/2674","targetHints":{"allow":["GET"]}}],"collection":[{"href":"https:\/\/blogs.gazetaesportiva.com\/automobilismo\/wp-json\/wp\/v2\/posts"}],"about":[{"href":"https:\/\/blogs.gazetaesportiva.com\/automobilismo\/wp-json\/wp\/v2\/types\/post"}],"author":[{"embeddable":true,"href":"https:\/\/blogs.gazetaesportiva.com\/automobilismo\/wp-json\/wp\/v2\/users\/75"}],"replies":[{"embeddable":true,"href":"https:\/\/blogs.gazetaesportiva.com\/automobilismo\/wp-json\/wp\/v2\/comments?post=2674"}],"version-history":[{"count":0,"href":"https:\/\/blogs.gazetaesportiva.com\/automobilismo\/wp-json\/wp\/v2\/posts\/2674\/revisions"}],"wp:featuredmedia":[{"embeddable":true,"href":"https:\/\/blogs.gazetaesportiva.com\/automobilismo\/wp-json\/wp\/v2\/media\/2675"}],"wp:attachment":[{"href":"https:\/\/blogs.gazetaesportiva.com\/automobilismo\/wp-json\/wp\/v2\/media?parent=2674"}],"wp:term":[{"taxonomy":"category","embeddable":true,"href":"https:\/\/blogs.gazetaesportiva.com\/automobilismo\/wp-json\/wp\/v2\/categories?post=2674"},{"taxonomy":"post_tag","embeddable":true,"href":"https:\/\/blogs.gazetaesportiva.com\/automobilismo\/wp-json\/wp\/v2\/tags?post=2674"}],"curies":[{"name":"wp","href":"https:\/\/api.w.org\/{rel}","templated":true}]}}