{"id":2670,"date":"2025-09-04T16:02:40","date_gmt":"2025-09-04T16:02:40","guid":{"rendered":"https:\/\/blogs.gazetaesportiva.com\/automobilismo\/?p=2670"},"modified":"2025-09-04T16:02:40","modified_gmt":"2025-09-04T16:02:40","slug":"apos-top-5-no-beto-carrero-vicente-da-silva-sofre-acidente-mas-foca-em-rapida-recuperacao-para-o-proximo-mes","status":"publish","type":"post","link":"https:\/\/blogs.gazetaesportiva.com\/automobilismo\/2025\/09\/04\/apos-top-5-no-beto-carrero-vicente-da-silva-sofre-acidente-mas-foca-em-rapida-recuperacao-para-o-proximo-mes\/","title":{"rendered":"Ap\u00f3s top-5 no Beto Carrero, Vicente da Silva sofre acidente, mas foca em r\u00e1pida recupera\u00e7\u00e3o para o pr\u00f3ximo m\u00eas"},"content":{"rendered":"<p>Um dos destaques da nova gera\u00e7\u00e3o do kartismo brasileiro, Vicente da Silva disputou nesse final de semana a quarta etapa da temporada 2025 da Copa Beto Carrero de Kart, disputada no Kart\u00f3dromo Beto Carrero, em Penha (SC). Pela categoria OKN J\u00fanior, o piloto conquistou um quinto lugar na segunda corrida, al\u00e9m de um 11\u00ba lugar na prova que abriu a etapa, terminando em oitavo na soma de pontos, mas sofreu um acidente que causou a fratura de um bra\u00e7o.<\/p>\n<figure id=\"attachment_2671\" aria-describedby=\"caption-attachment-2671\" style=\"width: 640px\" class=\"wp-caption alignnone\"><img loading=\"lazy\" decoding=\"async\" src=\"https:\/\/blogs.gazetaesportiva.com\/automobilismo\/files\/2025\/09\/WhatsApp-Image-2025-09-01-at-08.26.03-1024x682.jpeg\" alt=\"Vicente da Silva\" width=\"640\" height=\"426\" class=\"size-large wp-image-2671\" srcset=\"https:\/\/blogs.gazetaesportiva.com\/automobilismo\/files\/2025\/09\/WhatsApp-Image-2025-09-01-at-08.26.03-1024x682.jpeg 1024w, https:\/\/blogs.gazetaesportiva.com\/automobilismo\/files\/2025\/09\/WhatsApp-Image-2025-09-01-at-08.26.03-300x200.jpeg 300w, https:\/\/blogs.gazetaesportiva.com\/automobilismo\/files\/2025\/09\/WhatsApp-Image-2025-09-01-at-08.26.03-768x511.jpeg 768w, https:\/\/blogs.gazetaesportiva.com\/automobilismo\/files\/2025\/09\/WhatsApp-Image-2025-09-01-at-08.26.03.jpeg 1280w\" sizes=\"auto, (max-width: 640px) 100vw, 640px\" \/><figcaption id=\"caption-attachment-2671\" class=\"wp-caption-text\">Foto: Eni Alves<\/figcaption><\/figure>\n<p>Vicente, que faz sua primeira temporada na categoria, mostrou bom desempenho nos treinos e, na tomada de tempos, ficou com a sexta posi\u00e7\u00e3o. Na corrida que abriu a etapa, o piloto formado na escola de pilotos Fittipaldi Brothers chegou a andar no top-5 e precisou se recuperar ap\u00f3s um incidente, finalizando em 11\u00ba.<\/p>\n<p>Na segunda bateria, o catarinense de Balne\u00e1rio Cambori\u00fa escalava o pelot\u00e3o e brigava por um lugar no top-5. Restando duas voltas para o final, o piloto sofreu um toque de um concorrente que causou um acidente forte que causou o encerramento da disputa em bandeira vermelha. Vicente fraturou o bra\u00e7o no lance e terminou com o quinto lugar.<\/p>\n<p>\u201cEu capotei durante a corrida. Agrade\u00e7o a todos que ficaram preocupados comigo e mandaram mensagem. Foi uma fratura simples no cotovelo, mas n\u00e3o vai precisar de cirurgia. Estou bem e em fase de recupera\u00e7\u00e3o. Vou ter que ficar com o gesso por um m\u00eas, mas est\u00e1 tudo bem\u201d, disse Vicente da Silva.<\/p>\n<p>A etapa final da Copa Beto Carrero de Kart ser\u00e1 disputada entre os dias 24 e 25 de outubro, novamente em Penha.<\/p>\n","protected":false},"excerpt":{"rendered":"<p>Um dos destaques da nova gera\u00e7\u00e3o do kartismo brasileiro, Vicente da Silva disputou nesse final de semana a quarta etapa da temporada 2025 da Copa <a class=\"read-more\" href=\"https:\/\/blogs.gazetaesportiva.com\/automobilismo\/2025\/09\/04\/apos-top-5-no-beto-carrero-vicente-da-silva-sofre-acidente-mas-foca-em-rapida-recuperacao-para-o-proximo-mes\/\">leia mais<\/a><\/p>\n","protected":false},"author":75,"featured_media":2671,"comment_status":"open","ping_status":"open","sticky":false,"template":"","format":"standard","meta":{"jetpack_post_was_ever_published":false,"_jetpack_newsletter_access":"","_jetpack_dont_email_post_to_subs":false,"_jetpack_newsletter_tier_id":0,"_jetpack_memberships_contains_paywalled_content":false,"_jetpack_memberships_contains_paid_content":false,"footnotes":"","jetpack_publicize_message":"","jetpack_publicize_feature_enabled":true,"jetpack_social_post_already_shared":false,"jetpack_social_options":{"image_generator_settings":{"template":"highway","default_image_id":0,"font":"","enabled":false},"version":2}},"categories":[1],"tags":[],"class_list":["post-2670","post","type-post","status-publish","format-standard","has-post-thumbnail","hentry","category-sem-categoria"],"jetpack_publicize_connections":[],"jetpack_featured_media_url":"https:\/\/blogs.gazetaesportiva.com\/automobilismo\/files\/2025\/09\/WhatsApp-Image-2025-09-01-at-08.26.03.jpeg","jetpack_sharing_enabled":true,"jetpack_shortlink":"https:\/\/wp.me\/pblv91-H4","_links":{"self":[{"href":"https:\/\/blogs.gazetaesportiva.com\/automobilismo\/wp-json\/wp\/v2\/posts\/2670","targetHints":{"allow":["GET"]}}],"collection":[{"href":"https:\/\/blogs.gazetaesportiva.com\/automobilismo\/wp-json\/wp\/v2\/posts"}],"about":[{"href":"https:\/\/blogs.gazetaesportiva.com\/automobilismo\/wp-json\/wp\/v2\/types\/post"}],"author":[{"embeddable":true,"href":"https:\/\/blogs.gazetaesportiva.com\/automobilismo\/wp-json\/wp\/v2\/users\/75"}],"replies":[{"embeddable":true,"href":"https:\/\/blogs.gazetaesportiva.com\/automobilismo\/wp-json\/wp\/v2\/comments?post=2670"}],"version-history":[{"count":0,"href":"https:\/\/blogs.gazetaesportiva.com\/automobilismo\/wp-json\/wp\/v2\/posts\/2670\/revisions"}],"wp:featuredmedia":[{"embeddable":true,"href":"https:\/\/blogs.gazetaesportiva.com\/automobilismo\/wp-json\/wp\/v2\/media\/2671"}],"wp:attachment":[{"href":"https:\/\/blogs.gazetaesportiva.com\/automobilismo\/wp-json\/wp\/v2\/media?parent=2670"}],"wp:term":[{"taxonomy":"category","embeddable":true,"href":"https:\/\/blogs.gazetaesportiva.com\/automobilismo\/wp-json\/wp\/v2\/categories?post=2670"},{"taxonomy":"post_tag","embeddable":true,"href":"https:\/\/blogs.gazetaesportiva.com\/automobilismo\/wp-json\/wp\/v2\/tags?post=2670"}],"curies":[{"name":"wp","href":"https:\/\/api.w.org\/{rel}","templated":true}]}}