{"id":2666,"date":"2025-09-04T15:13:27","date_gmt":"2025-09-04T15:13:27","guid":{"rendered":"https:\/\/blogs.gazetaesportiva.com\/automobilismo\/?p=2666"},"modified":"2025-09-04T15:13:27","modified_gmt":"2025-09-04T15:13:27","slug":"momento-velocidade-fala-de-f1-f3-formula-regional-e-stock-light-na-tv-gazeta","status":"publish","type":"post","link":"https:\/\/blogs.gazetaesportiva.com\/automobilismo\/2025\/09\/04\/momento-velocidade-fala-de-f1-f3-formula-regional-e-stock-light-na-tv-gazeta\/","title":{"rendered":"Momento Velocidade fala de F1, F3, F\u00f3rmula Regional e Stock Light na TV Gazeta"},"content":{"rendered":"<p>A F1 chega em Monza com a Ferrari em crise: a equipe abandonou com seus 2 carros o GP da Holanda e busca rea\u00e7\u00e3o diante de sua torcida na It\u00e1lia, onde Lando Norris tamb\u00e9m precisa tirar a diferen\u00e7a de 34 pontos para o l\u00edder, Oscar Piastri. Este foi um dos destaques do Momento Velocidade na noite desta quarta-feira ao vivo no Gazeta Esportiva.<\/p>\n<figure id=\"attachment_2667\" aria-describedby=\"caption-attachment-2667\" style=\"width: 640px\" class=\"wp-caption alignnone\"><img loading=\"lazy\" decoding=\"async\" src=\"https:\/\/blogs.gazetaesportiva.com\/automobilismo\/files\/2025\/09\/Gzr6s84XAAAIJS9-1024x683.jpeg\" alt=\"Charles Leclerc\" width=\"640\" height=\"427\" class=\"size-large wp-image-2667\" srcset=\"https:\/\/blogs.gazetaesportiva.com\/automobilismo\/files\/2025\/09\/Gzr6s84XAAAIJS9-1024x683.jpeg 1024w, https:\/\/blogs.gazetaesportiva.com\/automobilismo\/files\/2025\/09\/Gzr6s84XAAAIJS9-300x200.jpeg 300w, https:\/\/blogs.gazetaesportiva.com\/automobilismo\/files\/2025\/09\/Gzr6s84XAAAIJS9-768x512.jpeg 768w, https:\/\/blogs.gazetaesportiva.com\/automobilismo\/files\/2025\/09\/Gzr6s84XAAAIJS9-1536x1025.jpeg 1536w, https:\/\/blogs.gazetaesportiva.com\/automobilismo\/files\/2025\/09\/Gzr6s84XAAAIJS9.jpeg 2048w\" sizes=\"auto, (max-width: 640px) 100vw, 640px\" \/><figcaption id=\"caption-attachment-2667\" class=\"wp-caption-text\">Foto: Scuderia Ferrari<\/figcaption><\/figure>\n<p>No Brasil, tivemos boas not\u00edcias com a confirma\u00e7\u00e3o de Fefo Barrichello e Pedro Clerot na F3, preliminar da F1. Clerot acelera na FRECA neste final de semana no Red Bull Ring.<\/p>\n<figure id=\"attachment_2574\" aria-describedby=\"caption-attachment-2574\" style=\"width: 640px\" class=\"wp-caption alignnone\"><img loading=\"lazy\" decoding=\"async\" src=\"https:\/\/blogs.gazetaesportiva.com\/automobilismo\/files\/2025\/08\/Pedro-Clerot-na-Italia-na-freca-1024x683.jpg\" alt=\"\" width=\"640\" height=\"427\" class=\"size-large wp-image-2574\" srcset=\"https:\/\/blogs.gazetaesportiva.com\/automobilismo\/files\/2025\/08\/Pedro-Clerot-na-Italia-na-freca-1024x683.jpg 1024w, https:\/\/blogs.gazetaesportiva.com\/automobilismo\/files\/2025\/08\/Pedro-Clerot-na-Italia-na-freca-300x200.jpg 300w, https:\/\/blogs.gazetaesportiva.com\/automobilismo\/files\/2025\/08\/Pedro-Clerot-na-Italia-na-freca-768x512.jpg 768w, https:\/\/blogs.gazetaesportiva.com\/automobilismo\/files\/2025\/08\/Pedro-Clerot-na-Italia-na-freca-1536x1024.jpg 1536w, https:\/\/blogs.gazetaesportiva.com\/automobilismo\/files\/2025\/08\/Pedro-Clerot-na-Italia-na-freca-2048x1365.jpg 2048w\" sizes=\"auto, (max-width: 640px) 100vw, 640px\" \/><figcaption id=\"caption-attachment-2574\" class=\"wp-caption-text\">Foto: Dutch Photo Agency<\/figcaption><\/figure>\n<p>O Brasil tamb\u00e9m est\u00e1 em alta na Formula Regional das Am\u00e9ricas, onde o carioca Bruno Ribeiro faz uma temporada impec\u00e1vel, com tr\u00eas vit\u00f3rias, 12 p\u00f3dios e lideran\u00e7a do campeonato. Ele subiu no p\u00f3dio na etapa do Canad\u00e1 neste domingo e mandou um recado pra gente:<\/p>\n<figure id=\"attachment_2669\" aria-describedby=\"caption-attachment-2669\" style=\"width: 640px\" class=\"wp-caption alignnone\"><img loading=\"lazy\" decoding=\"async\" src=\"https:\/\/blogs.gazetaesportiva.com\/automobilismo\/files\/2025\/09\/456387_1169296_whatsapp_image_2025_08_31_at_14.06.39-1024x683.jpeg\" alt=\"Bruno Ribeiro\" width=\"640\" height=\"427\" class=\"size-large wp-image-2669\" srcset=\"https:\/\/blogs.gazetaesportiva.com\/automobilismo\/files\/2025\/09\/456387_1169296_whatsapp_image_2025_08_31_at_14.06.39-1024x683.jpeg 1024w, https:\/\/blogs.gazetaesportiva.com\/automobilismo\/files\/2025\/09\/456387_1169296_whatsapp_image_2025_08_31_at_14.06.39-300x200.jpeg 300w, https:\/\/blogs.gazetaesportiva.com\/automobilismo\/files\/2025\/09\/456387_1169296_whatsapp_image_2025_08_31_at_14.06.39-768x512.jpeg 768w, https:\/\/blogs.gazetaesportiva.com\/automobilismo\/files\/2025\/09\/456387_1169296_whatsapp_image_2025_08_31_at_14.06.39.jpeg 1080w\" sizes=\"auto, (max-width: 640px) 100vw, 640px\" \/><figcaption id=\"caption-attachment-2669\" class=\"wp-caption-text\">Foto: Kiwi Motorsport<\/figcaption><\/figure>\n<p><iframe loading=\"lazy\" width=\"560\" height=\"315\" src=\"https:\/\/www.youtube.com\/embed\/bbqpsjojRt8?si=1m4BFDH9eLNlZFHu&amp;start=1533\" title=\"YouTube video player\" frameborder=\"0\" allow=\"accelerometer; autoplay; clipboard-write; encrypted-media; gyroscope; picture-in-picture; web-share\" referrerpolicy=\"strict-origin-when-cross-origin\" allowfullscreen><\/iframe><\/p>\n<p>No Brasil, o final de semana ser\u00e1 repleto de velocidade em Cascavel, onde teremos Turismo Nacional, Stock Light e Stock Car. E na divis\u00e3o de acesso, o grande destaque da temporada \u00e9 Leonardo Reis, piloto que corre com apoio do Bradesco e \u00e9 o l\u00edder entre os estreantes:<\/p>\n<figure id=\"attachment_2668\" aria-describedby=\"caption-attachment-2668\" style=\"width: 640px\" class=\"wp-caption alignnone\"><img loading=\"lazy\" decoding=\"async\" src=\"https:\/\/blogs.gazetaesportiva.com\/automobilismo\/files\/2025\/09\/20250720_836_Stock4_Velocitta_RodrigoRuiz_17485-683x1024.jpg\" alt=\"L\u00e9o Reis\" width=\"640\" height=\"960\" class=\"size-large wp-image-2668\" srcset=\"https:\/\/blogs.gazetaesportiva.com\/automobilismo\/files\/2025\/09\/20250720_836_Stock4_Velocitta_RodrigoRuiz_17485-683x1024.jpg 683w, https:\/\/blogs.gazetaesportiva.com\/automobilismo\/files\/2025\/09\/20250720_836_Stock4_Velocitta_RodrigoRuiz_17485-200x300.jpg 200w, https:\/\/blogs.gazetaesportiva.com\/automobilismo\/files\/2025\/09\/20250720_836_Stock4_Velocitta_RodrigoRuiz_17485-768x1151.jpg 768w, https:\/\/blogs.gazetaesportiva.com\/automobilismo\/files\/2025\/09\/20250720_836_Stock4_Velocitta_RodrigoRuiz_17485-1025x1536.jpg 1025w, https:\/\/blogs.gazetaesportiva.com\/automobilismo\/files\/2025\/09\/20250720_836_Stock4_Velocitta_RodrigoRuiz_17485-1366x2048.jpg 1366w, https:\/\/blogs.gazetaesportiva.com\/automobilismo\/files\/2025\/09\/20250720_836_Stock4_Velocitta_RodrigoRuiz_17485-scaled.jpg 1708w\" sizes=\"auto, (max-width: 640px) 100vw, 640px\" \/><figcaption id=\"caption-attachment-2668\" class=\"wp-caption-text\">Foto: Rodrigo Aguiar Ruiz\/RR Media<\/figcaption><\/figure>\n<p>A cobertura da Stock Car voc\u00ea confere domingo no Momento Velocidade.<\/p>\n","protected":false},"excerpt":{"rendered":"<p>A F1 chega em Monza com a Ferrari em crise: a equipe abandonou com seus 2 carros o GP da Holanda e busca rea\u00e7\u00e3o diante <a class=\"read-more\" href=\"https:\/\/blogs.gazetaesportiva.com\/automobilismo\/2025\/09\/04\/momento-velocidade-fala-de-f1-f3-formula-regional-e-stock-light-na-tv-gazeta\/\">leia mais<\/a><\/p>\n","protected":false},"author":75,"featured_media":1940,"comment_status":"open","ping_status":"open","sticky":false,"template":"","format":"standard","meta":{"jetpack_post_was_ever_published":false,"_jetpack_newsletter_access":"","_jetpack_dont_email_post_to_subs":false,"_jetpack_newsletter_tier_id":0,"_jetpack_memberships_contains_paywalled_content":false,"_jetpack_memberships_contains_paid_content":false,"footnotes":"","jetpack_publicize_message":"","jetpack_publicize_feature_enabled":true,"jetpack_social_post_already_shared":false,"jetpack_social_options":{"image_generator_settings":{"template":"highway","default_image_id":0,"font":"","enabled":false},"version":2}},"categories":[1],"tags":[],"class_list":["post-2666","post","type-post","status-publish","format-standard","has-post-thumbnail","hentry","category-sem-categoria"],"jetpack_publicize_connections":[],"jetpack_featured_media_url":"https:\/\/blogs.gazetaesportiva.com\/automobilismo\/files\/2024\/11\/@itgabriel-101.jpg","jetpack_sharing_enabled":true,"jetpack_shortlink":"https:\/\/wp.me\/pblv91-H0","_links":{"self":[{"href":"https:\/\/blogs.gazetaesportiva.com\/automobilismo\/wp-json\/wp\/v2\/posts\/2666","targetHints":{"allow":["GET"]}}],"collection":[{"href":"https:\/\/blogs.gazetaesportiva.com\/automobilismo\/wp-json\/wp\/v2\/posts"}],"about":[{"href":"https:\/\/blogs.gazetaesportiva.com\/automobilismo\/wp-json\/wp\/v2\/types\/post"}],"author":[{"embeddable":true,"href":"https:\/\/blogs.gazetaesportiva.com\/automobilismo\/wp-json\/wp\/v2\/users\/75"}],"replies":[{"embeddable":true,"href":"https:\/\/blogs.gazetaesportiva.com\/automobilismo\/wp-json\/wp\/v2\/comments?post=2666"}],"version-history":[{"count":0,"href":"https:\/\/blogs.gazetaesportiva.com\/automobilismo\/wp-json\/wp\/v2\/posts\/2666\/revisions"}],"wp:featuredmedia":[{"embeddable":true,"href":"https:\/\/blogs.gazetaesportiva.com\/automobilismo\/wp-json\/wp\/v2\/media\/1940"}],"wp:attachment":[{"href":"https:\/\/blogs.gazetaesportiva.com\/automobilismo\/wp-json\/wp\/v2\/media?parent=2666"}],"wp:term":[{"taxonomy":"category","embeddable":true,"href":"https:\/\/blogs.gazetaesportiva.com\/automobilismo\/wp-json\/wp\/v2\/categories?post=2666"},{"taxonomy":"post_tag","embeddable":true,"href":"https:\/\/blogs.gazetaesportiva.com\/automobilismo\/wp-json\/wp\/v2\/tags?post=2666"}],"curies":[{"name":"wp","href":"https:\/\/api.w.org\/{rel}","templated":true}]}}