{"id":2664,"date":"2025-09-03T18:51:12","date_gmt":"2025-09-03T18:51:12","guid":{"rendered":"https:\/\/blogs.gazetaesportiva.com\/automobilismo\/?p=2664"},"modified":"2025-09-03T18:51:12","modified_gmt":"2025-09-03T18:51:12","slug":"car-racing-chega-em-cascavel-com-11-pilotos-em-acao-em-3-categorias","status":"publish","type":"post","link":"https:\/\/blogs.gazetaesportiva.com\/automobilismo\/2025\/09\/03\/car-racing-chega-em-cascavel-com-11-pilotos-em-acao-em-3-categorias\/","title":{"rendered":"CAR Racing chega em Cascavel com 11 pilotos em a\u00e7\u00e3o em 3 categorias"},"content":{"rendered":"<figure id=\"attachment_2665\" aria-describedby=\"caption-attachment-2665\" style=\"width: 640px\" class=\"wp-caption alignnone\"><img loading=\"lazy\" decoding=\"async\" class=\"size-large wp-image-2665\" src=\"https:\/\/blogs.gazetaesportiva.com\/automobilismo\/files\/2025\/09\/Rafa-Reis-na-Stock-Car-1024x683.jpg\" alt=\"\" width=\"640\" height=\"427\" srcset=\"https:\/\/blogs.gazetaesportiva.com\/automobilismo\/files\/2025\/09\/Rafa-Reis-na-Stock-Car-1024x683.jpg 1024w, https:\/\/blogs.gazetaesportiva.com\/automobilismo\/files\/2025\/09\/Rafa-Reis-na-Stock-Car-300x200.jpg 300w, https:\/\/blogs.gazetaesportiva.com\/automobilismo\/files\/2025\/09\/Rafa-Reis-na-Stock-Car-768x513.jpg 768w, https:\/\/blogs.gazetaesportiva.com\/automobilismo\/files\/2025\/09\/Rafa-Reis-na-Stock-Car.jpg 1500w\" sizes=\"auto, (max-width: 640px) 100vw, 640px\" \/><figcaption id=\"caption-attachment-2665\" class=\"wp-caption-text\">Rafael Reis &#8211; Foto: Rodrigo Ruiz<\/figcaption><\/figure>\n<p style=\"text-align: justify;\">Vencedora da etapa passada da Stock Car em Cascavel (PR), a CAR Racing desembarca no Aut\u00f3dromo Zilmar Beux com um verdadeiro esquadr\u00e3o com mais de 10 carros para acelerar nas principais categorias do automobilismo nacional. O time comandado por Leandro Reis e Paulo Reales vem embalado por bons resultados nas diversas categorias em que compete no Pa\u00eds.<\/p>\n<p style=\"text-align: justify;\">Na Stock Car, a equipe permanece com o quarteto formado por Felipe Baptista, Gianluca Petecof, Rafael Reis e Zezinho Muggiati. O time ainda oferece suporte para L\u00e9o Reis, piloto da Academia Car Racing na Stock Light, enquanto na Turismo Nacional ser\u00e3o mais seis pilotos da equipe acelerando no Paran\u00e1: Alberto Cattucci, Renzo Zambolini, Vasco Pedro, Adilson Jr., Diego Lozov e Al\u00ea Xavier.<\/p>\n<p style=\"text-align: justify;\">Pela Stock Car, Felipe Baptista foi um dos destaques da etapa passada ao conquistar o segundo lugar em Curvelo (MG). Com isso, o piloto chega na terceira coloca\u00e7\u00e3o do campeonato de pilotos e em busca de diminuir a dist\u00e2ncia de 16 pontos para o l\u00edder.<\/p>\n<p style=\"text-align: justify;\">\u201cA expectativa \u00e9 boa, foi uma etapa legal em Cascavel em maio. Na corrida de domingo terminamos em quinto, mesmo tendo o problema de falha no carro. Dessa vez vamos conseguir entregar um resultado muito melhor. O carro evoluiu muito ao longo da temporada, ent\u00e3o com certeza vamos poder conseguir ainda mais nessa segunda passagem por Cascavel\u201d, diz Baptista.<\/p>\n<p style=\"text-align: justify;\">Gianluca Petecof, vencedor em Cascavel na segunda etapa da temporada, tamb\u00e9m chega animado para voltar ao palco de sua primeira vit\u00f3ria com a nova equipe.<\/p>\n<p style=\"text-align: justify;\">\u201cChegamos \u00e0 metade do campeonato e voltamos a Cascavel, uma pista onde j\u00e1 venci neste ano. O objetivo \u00e9 claro: estar novamente na frente. Em Curvelo mostramos velocidade, com uma das voltas mais r\u00e1pidas do fim de semana e boas recupera\u00e7\u00f5es, mas os pontos n\u00e3o vieram. Agora a meta \u00e9 fazer um fim de semana limpo, sair de Cascavel de cabe\u00e7a erguida e retomar a briga no campeonato\u201d, diz Gianluca.<\/p>\n<p style=\"text-align: justify;\">Estreante em 2025, Rafael Reis destaca a import\u00e2ncia de ter sua primeira oportunidade de voltar para um tra\u00e7ado em que j\u00e1 acelerou o Stock Car.<\/p>\n<p style=\"text-align: justify;\">\u201cConhecer o comportamento do carro nessa pista \u00e9 importante para n\u00f3s. Isso traz bastante confian\u00e7a na pilotagem, ent\u00e3o espero conseguir um bom resultado com a equipe. Temos bastante dados para analisar e agora \u00e9 aproveitar cada momento na pista\u201d, diz Reis.<\/p>\n<p style=\"text-align: justify;\">Uma das revela\u00e7\u00f5es dos \u00faltimos anos na Stock Car, Zezinho Muggiati tem boas recorda\u00e7\u00f5es da etapa anterior no Paran\u00e1. O piloto da casa foi o quinto colocado na corrida Sprint em maio.<\/p>\n<p style=\"text-align: justify;\">\u201cEstou bastante animado para voltar a Cascavel. Na \u00faltima etapa l\u00e1 n\u00f3s conseguimos uma boa recupera\u00e7\u00e3o e terminamos em quinto, o que mostrou a nossa competitividade. As \u00faltimas corridas foram dif\u00edceis por conta de quebras e fatores fora do nosso controle, mas agora, correndo em casa, acredito que temos tudo para reagir. Temos ritmo, s\u00f3 precisamos encaixar tudo\u201d, diz Muggiati.<\/p>\n<p style=\"text-align: justify;\">A programa\u00e7\u00e3o da Stock Car em Cascavel ter\u00e1 in\u00edcio nesta sexta-feira (5) com os treinos livres. O s\u00e1bado contar\u00e1 com a classifica\u00e7\u00e3o e a Sprint, marcada para 14h30. O domingo tem a corrida principal, com largada \u00e0s 14h e transmiss\u00e3o de Band, Sportv, BandSports e YouTube. As demais categorias tamb\u00e9m aceleram ao longo do final de semana. A Turismo Nacional prev\u00ea a realiza\u00e7\u00e3o de seis corridas, enquanto a Stock Light tem tr\u00eas provas agendadas para a etapa paranaense.<\/p>\n","protected":false},"excerpt":{"rendered":"<p>Vencedora da etapa passada da Stock Car em Cascavel (PR), a CAR Racing desembarca no Aut\u00f3dromo Zilmar Beux com um verdadeiro esquadr\u00e3o com mais de <a class=\"read-more\" href=\"https:\/\/blogs.gazetaesportiva.com\/automobilismo\/2025\/09\/03\/car-racing-chega-em-cascavel-com-11-pilotos-em-acao-em-3-categorias\/\">leia mais<\/a><\/p>\n","protected":false},"author":75,"featured_media":2665,"comment_status":"open","ping_status":"open","sticky":false,"template":"","format":"standard","meta":{"jetpack_post_was_ever_published":false,"_jetpack_newsletter_access":"","_jetpack_dont_email_post_to_subs":false,"_jetpack_newsletter_tier_id":0,"_jetpack_memberships_contains_paywalled_content":false,"_jetpack_memberships_contains_paid_content":false,"footnotes":"","jetpack_publicize_message":"","jetpack_publicize_feature_enabled":true,"jetpack_social_post_already_shared":false,"jetpack_social_options":{"image_generator_settings":{"template":"highway","default_image_id":0,"font":"","enabled":false},"version":2}},"categories":[1],"tags":[],"class_list":["post-2664","post","type-post","status-publish","format-standard","has-post-thumbnail","hentry","category-sem-categoria"],"jetpack_publicize_connections":[],"jetpack_featured_media_url":"https:\/\/blogs.gazetaesportiva.com\/automobilismo\/files\/2025\/09\/Rafa-Reis-na-Stock-Car.jpg","jetpack_sharing_enabled":true,"jetpack_shortlink":"https:\/\/wp.me\/pblv91-GY","_links":{"self":[{"href":"https:\/\/blogs.gazetaesportiva.com\/automobilismo\/wp-json\/wp\/v2\/posts\/2664","targetHints":{"allow":["GET"]}}],"collection":[{"href":"https:\/\/blogs.gazetaesportiva.com\/automobilismo\/wp-json\/wp\/v2\/posts"}],"about":[{"href":"https:\/\/blogs.gazetaesportiva.com\/automobilismo\/wp-json\/wp\/v2\/types\/post"}],"author":[{"embeddable":true,"href":"https:\/\/blogs.gazetaesportiva.com\/automobilismo\/wp-json\/wp\/v2\/users\/75"}],"replies":[{"embeddable":true,"href":"https:\/\/blogs.gazetaesportiva.com\/automobilismo\/wp-json\/wp\/v2\/comments?post=2664"}],"version-history":[{"count":0,"href":"https:\/\/blogs.gazetaesportiva.com\/automobilismo\/wp-json\/wp\/v2\/posts\/2664\/revisions"}],"wp:featuredmedia":[{"embeddable":true,"href":"https:\/\/blogs.gazetaesportiva.com\/automobilismo\/wp-json\/wp\/v2\/media\/2665"}],"wp:attachment":[{"href":"https:\/\/blogs.gazetaesportiva.com\/automobilismo\/wp-json\/wp\/v2\/media?parent=2664"}],"wp:term":[{"taxonomy":"category","embeddable":true,"href":"https:\/\/blogs.gazetaesportiva.com\/automobilismo\/wp-json\/wp\/v2\/categories?post=2664"},{"taxonomy":"post_tag","embeddable":true,"href":"https:\/\/blogs.gazetaesportiva.com\/automobilismo\/wp-json\/wp\/v2\/tags?post=2664"}],"curies":[{"name":"wp","href":"https:\/\/api.w.org\/{rel}","templated":true}]}}