{"id":2661,"date":"2025-09-03T17:30:13","date_gmt":"2025-09-03T17:30:13","guid":{"rendered":"https:\/\/blogs.gazetaesportiva.com\/automobilismo\/?p=2661"},"modified":"2025-09-03T17:30:13","modified_gmt":"2025-09-03T17:30:13","slug":"embalada-por-vitoria-e-volta-mais-rapida-toyota-gazoo-racing-parte-para-cascavel-e-busca-manter-bom-momento-na-stock-car","status":"publish","type":"post","link":"https:\/\/blogs.gazetaesportiva.com\/automobilismo\/2025\/09\/03\/embalada-por-vitoria-e-volta-mais-rapida-toyota-gazoo-racing-parte-para-cascavel-e-busca-manter-bom-momento-na-stock-car\/","title":{"rendered":"Embalada por vit\u00f3ria e volta mais r\u00e1pida, TOYOTA GAZOO Racing parte para Cascavel e busca manter bom momento na Stock Car"},"content":{"rendered":"<figure id=\"attachment_2662\" aria-describedby=\"caption-attachment-2662\" style=\"width: 640px\" class=\"wp-caption alignnone\"><img loading=\"lazy\" decoding=\"async\" class=\"size-large wp-image-2662\" src=\"https:\/\/blogs.gazetaesportiva.com\/automobilismo\/files\/2025\/09\/JP-de-Oliveira-TGR-1024x683.jpg\" alt=\"\" width=\"640\" height=\"427\" srcset=\"https:\/\/blogs.gazetaesportiva.com\/automobilismo\/files\/2025\/09\/JP-de-Oliveira-TGR-1024x683.jpg 1024w, https:\/\/blogs.gazetaesportiva.com\/automobilismo\/files\/2025\/09\/JP-de-Oliveira-TGR-300x200.jpg 300w, https:\/\/blogs.gazetaesportiva.com\/automobilismo\/files\/2025\/09\/JP-de-Oliveira-TGR-768x512.jpg 768w, https:\/\/blogs.gazetaesportiva.com\/automobilismo\/files\/2025\/09\/JP-de-Oliveira-TGR.jpg 1500w\" sizes=\"auto, (max-width: 640px) 100vw, 640px\" \/><figcaption id=\"caption-attachment-2662\" class=\"wp-caption-text\">JP de Oliveira em Curvelo &#8211; Foto: Rafa Catelan \/RF1<\/figcaption><\/figure>\n<p>A Stock Car volta ao Aut\u00f3dromo Zilmar Beux, em Cascavel (PR), para a disputa da sexta etapa do campeonato, e a TOYOTA GAZOO Racing chega embalada para a segunda passagem pelo interior paranaense em 2025 gra\u00e7as a vit\u00f3ria de Cesar Ramos em Curvelo (MG). Na ocasi\u00e3o, o piloto do Toyota Corolla Cross da Ipiranga Racing largou da pole position e seguiu para a vit\u00f3ria, resultado que a fabricante busca repetir na pista mais veloz do calend\u00e1rio.<\/p>\n<figure id=\"attachment_2663\" aria-describedby=\"caption-attachment-2663\" style=\"width: 640px\" class=\"wp-caption alignnone\"><img loading=\"lazy\" decoding=\"async\" class=\"wp-image-2663 size-large\" src=\"https:\/\/blogs.gazetaesportiva.com\/automobilismo\/files\/2025\/09\/podio-2021-ch-1024x683.jpg\" alt=\"\" width=\"640\" height=\"427\" srcset=\"https:\/\/blogs.gazetaesportiva.com\/automobilismo\/files\/2025\/09\/podio-2021-ch-1024x683.jpg 1024w, https:\/\/blogs.gazetaesportiva.com\/automobilismo\/files\/2025\/09\/podio-2021-ch-300x200.jpg 300w, https:\/\/blogs.gazetaesportiva.com\/automobilismo\/files\/2025\/09\/podio-2021-ch-768x512.jpg 768w, https:\/\/blogs.gazetaesportiva.com\/automobilismo\/files\/2025\/09\/podio-2021-ch-1536x1024.jpg 1536w, https:\/\/blogs.gazetaesportiva.com\/automobilismo\/files\/2025\/09\/podio-2021-ch.jpg 1680w\" sizes=\"auto, (max-width: 640px) 100vw, 640px\" \/><figcaption id=\"caption-attachment-2663\" class=\"wp-caption-text\">Thiago Camilo e Cesar Ramos fizeram dobradinha em 2021 em Cascavel &#8211; Foto: Carsten Horst<\/figcaption><\/figure>\n<p>Al\u00e9m de Ramos, a TOYOTA GAZOO Racing tem em Thiago Camilo outra esperan\u00e7a de bom resultado no oeste do Paran\u00e1. O veterano possui tr\u00eas triunfos em Cascavel e vem de bom desempenho em Curvelo, quando conquistou um p\u00f3dio na Sprint e fez a volta mais r\u00e1pida do final de semana.<\/p>\n<p>Piloto que leva as cores da TOYOTA GAZOO Racing em seu carro, JP de Oliveira espera por um desempenho ainda melhor em rela\u00e7\u00e3o a primeira passagem pelo circuito de 3.058 metros. Naquela oportunidade, o piloto do Toyota Corolla Cross n\u00famero 7 fazia apenas sua segunda etapa na principal categoria do esporte a motor nacional e ficou pr\u00f3ximo do top-10 na corrida principal.<\/p>\n<p>\u201cSer\u00e1 a primeira vez que vamos correr em uma pista em que o campeonato j\u00e1 esteve, e isso nos ajuda pois j\u00e1 temos uma dire\u00e7\u00e3o para seguir em termos de acerto. \u00c9 uma pista r\u00e1pida e conseguir um lugar entre os 12 melhores \u00e9 importante para estarmos em uma boa posi\u00e7\u00e3o de grid nas duas corridas do final de semana\u201d, disse JP de Oliveira.<\/p>\n<p>A programa\u00e7\u00e3o da Stock Car em Cascavel ter\u00e1 in\u00edcio nesta sexta-feira (5) com os treinos livres. O s\u00e1bado contar\u00e1 com a classifica\u00e7\u00e3o e a Sprint, marcada para 14h30. O domingo tem a corrida principal, com largada \u00e0s 14h e transmiss\u00e3o de Band, Sportv, BandSports e YouTube.<\/p>\n","protected":false},"excerpt":{"rendered":"<p>A Stock Car volta ao Aut\u00f3dromo Zilmar Beux, em Cascavel (PR), para a disputa da sexta etapa do campeonato, e a TOYOTA GAZOO Racing chega <a class=\"read-more\" href=\"https:\/\/blogs.gazetaesportiva.com\/automobilismo\/2025\/09\/03\/embalada-por-vitoria-e-volta-mais-rapida-toyota-gazoo-racing-parte-para-cascavel-e-busca-manter-bom-momento-na-stock-car\/\">leia mais<\/a><\/p>\n","protected":false},"author":75,"featured_media":2662,"comment_status":"open","ping_status":"open","sticky":false,"template":"","format":"standard","meta":{"jetpack_post_was_ever_published":false,"_jetpack_newsletter_access":"","_jetpack_dont_email_post_to_subs":false,"_jetpack_newsletter_tier_id":0,"_jetpack_memberships_contains_paywalled_content":false,"_jetpack_memberships_contains_paid_content":false,"footnotes":"","jetpack_publicize_message":"","jetpack_publicize_feature_enabled":true,"jetpack_social_post_already_shared":false,"jetpack_social_options":{"image_generator_settings":{"template":"highway","default_image_id":0,"font":"","enabled":false},"version":2}},"categories":[1],"tags":[],"class_list":["post-2661","post","type-post","status-publish","format-standard","has-post-thumbnail","hentry","category-sem-categoria"],"jetpack_publicize_connections":[],"jetpack_featured_media_url":"https:\/\/blogs.gazetaesportiva.com\/automobilismo\/files\/2025\/09\/JP-de-Oliveira-TGR.jpg","jetpack_sharing_enabled":true,"jetpack_shortlink":"https:\/\/wp.me\/pblv91-GV","_links":{"self":[{"href":"https:\/\/blogs.gazetaesportiva.com\/automobilismo\/wp-json\/wp\/v2\/posts\/2661","targetHints":{"allow":["GET"]}}],"collection":[{"href":"https:\/\/blogs.gazetaesportiva.com\/automobilismo\/wp-json\/wp\/v2\/posts"}],"about":[{"href":"https:\/\/blogs.gazetaesportiva.com\/automobilismo\/wp-json\/wp\/v2\/types\/post"}],"author":[{"embeddable":true,"href":"https:\/\/blogs.gazetaesportiva.com\/automobilismo\/wp-json\/wp\/v2\/users\/75"}],"replies":[{"embeddable":true,"href":"https:\/\/blogs.gazetaesportiva.com\/automobilismo\/wp-json\/wp\/v2\/comments?post=2661"}],"version-history":[{"count":0,"href":"https:\/\/blogs.gazetaesportiva.com\/automobilismo\/wp-json\/wp\/v2\/posts\/2661\/revisions"}],"wp:featuredmedia":[{"embeddable":true,"href":"https:\/\/blogs.gazetaesportiva.com\/automobilismo\/wp-json\/wp\/v2\/media\/2662"}],"wp:attachment":[{"href":"https:\/\/blogs.gazetaesportiva.com\/automobilismo\/wp-json\/wp\/v2\/media?parent=2661"}],"wp:term":[{"taxonomy":"category","embeddable":true,"href":"https:\/\/blogs.gazetaesportiva.com\/automobilismo\/wp-json\/wp\/v2\/categories?post=2661"},{"taxonomy":"post_tag","embeddable":true,"href":"https:\/\/blogs.gazetaesportiva.com\/automobilismo\/wp-json\/wp\/v2\/tags?post=2661"}],"curies":[{"name":"wp","href":"https:\/\/api.w.org\/{rel}","templated":true}]}}