{"id":2658,"date":"2025-09-01T17:11:59","date_gmt":"2025-09-01T17:11:59","guid":{"rendered":"https:\/\/blogs.gazetaesportiva.com\/automobilismo\/?p=2658"},"modified":"2025-09-01T17:11:59","modified_gmt":"2025-09-01T17:11:59","slug":"gabriel-tesser-supera-dificuldades-e-garante-podio-na-copa-sao-paulo-bradesco-de-kart","status":"publish","type":"post","link":"https:\/\/blogs.gazetaesportiva.com\/automobilismo\/2025\/09\/01\/gabriel-tesser-supera-dificuldades-e-garante-podio-na-copa-sao-paulo-bradesco-de-kart\/","title":{"rendered":"Gabriel Tesser supera dificuldades e garante p\u00f3dio na Copa S\u00e3o Paulo Bradesco de Kart"},"content":{"rendered":"<p style=\"text-align: justify;\">Um dos destaques do kartismo brasileiro, Gabriel Tesser disputou nesse final de semana a s\u00e9tima etapa da temporada 2025 da Copa S\u00e3o Paulo Bradesco de Kart. Competindo na categoria F\u00f3rmula 4, o piloto ficou com a quinta coloca\u00e7\u00e3o no Kart\u00f3dromo Granja Viana, em Cotia (SP), e reduziu a diferen\u00e7a em rela\u00e7\u00e3o ao l\u00edder do campeonato.<\/p>\n<figure id=\"attachment_2659\" aria-describedby=\"caption-attachment-2659\" style=\"width: 640px\" class=\"wp-caption alignnone\"><img loading=\"lazy\" decoding=\"async\" class=\"size-large wp-image-2659\" src=\"https:\/\/blogs.gazetaesportiva.com\/automobilismo\/files\/2025\/09\/WhatsApp-Image-2025-09-01-at-13.33.05-1024x683.jpeg\" alt=\"Gabriel Tesser\" width=\"640\" height=\"427\" srcset=\"https:\/\/blogs.gazetaesportiva.com\/automobilismo\/files\/2025\/09\/WhatsApp-Image-2025-09-01-at-13.33.05-1024x683.jpeg 1024w, https:\/\/blogs.gazetaesportiva.com\/automobilismo\/files\/2025\/09\/WhatsApp-Image-2025-09-01-at-13.33.05-300x200.jpeg 300w, https:\/\/blogs.gazetaesportiva.com\/automobilismo\/files\/2025\/09\/WhatsApp-Image-2025-09-01-at-13.33.05-768x512.jpeg 768w, https:\/\/blogs.gazetaesportiva.com\/automobilismo\/files\/2025\/09\/WhatsApp-Image-2025-09-01-at-13.33.05-1536x1024.jpeg 1536w, https:\/\/blogs.gazetaesportiva.com\/automobilismo\/files\/2025\/09\/WhatsApp-Image-2025-09-01-at-13.33.05-2048x1366.jpeg 2048w\" sizes=\"auto, (max-width: 640px) 100vw, 640px\" \/><figcaption id=\"caption-attachment-2659\" class=\"wp-caption-text\">Foto: Casal Motorsport<\/figcaption><\/figure>\n<p style=\"text-align: justify;\">Em um final de semana desafiador, Tesser teve uma troca de motor antes da classifica\u00e7\u00e3o e teve que fazer corridas de recupera\u00e7\u00e3o, garantindo um terceiro lugar na prova que fechou a etapa. Na soma de pontos, o piloto obteve a quinta posi\u00e7\u00e3o, garantindo mais um p\u00f3dio na temporada da Copa S\u00e3o Paulo Bradesco de Kart.<\/p>\n<p style=\"text-align: justify;\">\u201cEssa foi a etapa de maior aprendizado para mim desde que comecei no esporte a motor. Depois dos treinos, trocamos tudo no kart na sexta-feira. Largamos em 11\u00ba na primeira corrida e, na pista, fui o terceiro, caindo para nono por uma puni\u00e7\u00e3o. Na segunda bateria, cheguei em terceiro novamente, resultado muito positivo e que rendeu pontos cruciais para o campeonato\u201d, disse Tesser.<\/p>\n<p style=\"text-align: justify;\">A Copa S\u00e3o Paulo Bradesco de Kart ter\u00e1 sequ\u00eancia no dia 27 de setembro com a disputa da pen\u00faltima etapa do campeonato, marcada mais uma vez para o Kart\u00f3dromo Granja Viana.<\/p>\n","protected":false},"excerpt":{"rendered":"<p>Um dos destaques do kartismo brasileiro, Gabriel Tesser disputou nesse final de semana a s\u00e9tima etapa da temporada 2025 da Copa S\u00e3o Paulo Bradesco de <a class=\"read-more\" href=\"https:\/\/blogs.gazetaesportiva.com\/automobilismo\/2025\/09\/01\/gabriel-tesser-supera-dificuldades-e-garante-podio-na-copa-sao-paulo-bradesco-de-kart\/\">leia mais<\/a><\/p>\n","protected":false},"author":75,"featured_media":2659,"comment_status":"open","ping_status":"open","sticky":false,"template":"","format":"standard","meta":{"jetpack_post_was_ever_published":false,"_jetpack_newsletter_access":"","_jetpack_dont_email_post_to_subs":false,"_jetpack_newsletter_tier_id":0,"_jetpack_memberships_contains_paywalled_content":false,"_jetpack_memberships_contains_paid_content":false,"footnotes":"","jetpack_publicize_message":"","jetpack_publicize_feature_enabled":true,"jetpack_social_post_already_shared":false,"jetpack_social_options":{"image_generator_settings":{"template":"highway","default_image_id":0,"font":"","enabled":false},"version":2}},"categories":[1],"tags":[],"class_list":["post-2658","post","type-post","status-publish","format-standard","has-post-thumbnail","hentry","category-sem-categoria"],"jetpack_publicize_connections":[],"jetpack_featured_media_url":"https:\/\/blogs.gazetaesportiva.com\/automobilismo\/files\/2025\/09\/WhatsApp-Image-2025-09-01-at-13.33.05-scaled.jpeg","jetpack_sharing_enabled":true,"jetpack_shortlink":"https:\/\/wp.me\/pblv91-GS","_links":{"self":[{"href":"https:\/\/blogs.gazetaesportiva.com\/automobilismo\/wp-json\/wp\/v2\/posts\/2658","targetHints":{"allow":["GET"]}}],"collection":[{"href":"https:\/\/blogs.gazetaesportiva.com\/automobilismo\/wp-json\/wp\/v2\/posts"}],"about":[{"href":"https:\/\/blogs.gazetaesportiva.com\/automobilismo\/wp-json\/wp\/v2\/types\/post"}],"author":[{"embeddable":true,"href":"https:\/\/blogs.gazetaesportiva.com\/automobilismo\/wp-json\/wp\/v2\/users\/75"}],"replies":[{"embeddable":true,"href":"https:\/\/blogs.gazetaesportiva.com\/automobilismo\/wp-json\/wp\/v2\/comments?post=2658"}],"version-history":[{"count":0,"href":"https:\/\/blogs.gazetaesportiva.com\/automobilismo\/wp-json\/wp\/v2\/posts\/2658\/revisions"}],"wp:featuredmedia":[{"embeddable":true,"href":"https:\/\/blogs.gazetaesportiva.com\/automobilismo\/wp-json\/wp\/v2\/media\/2659"}],"wp:attachment":[{"href":"https:\/\/blogs.gazetaesportiva.com\/automobilismo\/wp-json\/wp\/v2\/media?parent=2658"}],"wp:term":[{"taxonomy":"category","embeddable":true,"href":"https:\/\/blogs.gazetaesportiva.com\/automobilismo\/wp-json\/wp\/v2\/categories?post=2658"},{"taxonomy":"post_tag","embeddable":true,"href":"https:\/\/blogs.gazetaesportiva.com\/automobilismo\/wp-json\/wp\/v2\/tags?post=2658"}],"curies":[{"name":"wp","href":"https:\/\/api.w.org\/{rel}","templated":true}]}}