{"id":2656,"date":"2025-09-01T15:18:09","date_gmt":"2025-09-01T15:18:09","guid":{"rendered":"https:\/\/blogs.gazetaesportiva.com\/automobilismo\/?p=2656"},"modified":"2025-09-01T15:18:09","modified_gmt":"2025-09-01T15:18:09","slug":"marcella-assumpcao-vence-de-forma-dominante-setima-etapa-da-copa-sao-paulo-bradesco-de-kart","status":"publish","type":"post","link":"https:\/\/blogs.gazetaesportiva.com\/automobilismo\/2025\/09\/01\/marcella-assumpcao-vence-de-forma-dominante-setima-etapa-da-copa-sao-paulo-bradesco-de-kart\/","title":{"rendered":"Marcella Assump\u00e7\u00e3o vence de forma dominante s\u00e9tima etapa da Copa S\u00e3o Paulo Bradesco de Kart"},"content":{"rendered":"<p>Principal destaque feminino do kartismo brasileiro na atualidade, Marcella Assump\u00e7\u00e3o garantiu mais uma vit\u00f3ria na Copa S\u00e3o Paulo Bradesco de Kart, que teve a s\u00e9tima etapa da temporada 2025 no Kart\u00f3dromo Granja Viana, em Cotia (SP). A pilota venceu entre os competidores da Rotax J\u00fanior Max, al\u00e9m de garantir a segunda posi\u00e7\u00e3o na F4 J\u00fanior.<\/p>\n<figure id=\"attachment_2657\" aria-describedby=\"caption-attachment-2657\" style=\"width: 640px\" class=\"wp-caption alignnone\"><img loading=\"lazy\" decoding=\"async\" class=\"size-large wp-image-2657\" src=\"https:\/\/blogs.gazetaesportiva.com\/automobilismo\/files\/2025\/09\/WhatsApp-Image-2025-09-01-at-08.27.12-1-1024x557.jpeg\" alt=\"Marcella Assump\u00e7\u00e3o\" width=\"640\" height=\"348\" srcset=\"https:\/\/blogs.gazetaesportiva.com\/automobilismo\/files\/2025\/09\/WhatsApp-Image-2025-09-01-at-08.27.12-1-1024x557.jpeg 1024w, https:\/\/blogs.gazetaesportiva.com\/automobilismo\/files\/2025\/09\/WhatsApp-Image-2025-09-01-at-08.27.12-1-300x163.jpeg 300w, https:\/\/blogs.gazetaesportiva.com\/automobilismo\/files\/2025\/09\/WhatsApp-Image-2025-09-01-at-08.27.12-1-768x418.jpeg 768w, https:\/\/blogs.gazetaesportiva.com\/automobilismo\/files\/2025\/09\/WhatsApp-Image-2025-09-01-at-08.27.12-1-1536x836.jpeg 1536w, https:\/\/blogs.gazetaesportiva.com\/automobilismo\/files\/2025\/09\/WhatsApp-Image-2025-09-01-at-08.27.12-1.jpeg 1584w\" sizes=\"auto, (max-width: 640px) 100vw, 640px\" \/><figcaption id=\"caption-attachment-2657\" class=\"wp-caption-text\">Foto: divulga\u00e7\u00e3o<\/figcaption><\/figure>\n<p>As duas categorias contaram com tr\u00eas baterias para definir os vencedores da etapa. Pela manh\u00e3, Marcella correu as provas da Rotax J\u00fanior Max e, ap\u00f3s abrir a etapa com uma segunda posi\u00e7\u00e3o, garantiu vit\u00f3rias nas duas \u00faltimas corridas para subir no alto do p\u00f3dio na soma de pontos das tr\u00eas disputas do final de semana.<\/p>\n<p>Pela F4 J\u00fanior, que teve as baterias realizadas \u00e0 tarde, Marcella garantiu dois segundos lugares nas corridas que abriram e fecharam a etapa. Na segunda disputa, a \u00fanica pilota do grid da categoria garantiu um terceiro lugar. Na soma de pontos, a pilota ficou com a segunda posi\u00e7\u00e3o, garantindo mais um p\u00f3dio.<\/p>\n<p>\u201cN\u00f3s tivemos mais um final de semana incr\u00edvel na Copa S\u00e3o Paulo Bradesco de Kart, conquistando a vit\u00f3ria na Rotax J\u00fanior Max. Estou na briga pelo t\u00edtulo e tamb\u00e9m por uma vaga no Mundial de Rotax. Na F4 J\u00fanior n\u00f3s demos azar no sorteio do motor, mas conquistei o segundo lugar e sigo na briga pelo t\u00edtulo\u201d, disse Marcella Assump\u00e7\u00e3o.<\/p>\n<p>A Copa S\u00e3o Paulo Bradesco de Kart ter\u00e1 sequ\u00eancia no dia 27 de setembro com a disputa da pen\u00faltima etapa do campeonato, marcada mais uma vez para o Kart\u00f3dromo Granja Viana.<\/p>\n","protected":false},"excerpt":{"rendered":"<p>Principal destaque feminino do kartismo brasileiro na atualidade, Marcella Assump\u00e7\u00e3o garantiu mais uma vit\u00f3ria na Copa S\u00e3o Paulo Bradesco de Kart, que teve a s\u00e9tima <a class=\"read-more\" href=\"https:\/\/blogs.gazetaesportiva.com\/automobilismo\/2025\/09\/01\/marcella-assumpcao-vence-de-forma-dominante-setima-etapa-da-copa-sao-paulo-bradesco-de-kart\/\">leia mais<\/a><\/p>\n","protected":false},"author":75,"featured_media":2657,"comment_status":"open","ping_status":"open","sticky":false,"template":"","format":"standard","meta":{"jetpack_post_was_ever_published":false,"_jetpack_newsletter_access":"","_jetpack_dont_email_post_to_subs":false,"_jetpack_newsletter_tier_id":0,"_jetpack_memberships_contains_paywalled_content":false,"_jetpack_memberships_contains_paid_content":false,"footnotes":"","jetpack_publicize_message":"","jetpack_publicize_feature_enabled":true,"jetpack_social_post_already_shared":false,"jetpack_social_options":{"image_generator_settings":{"template":"highway","default_image_id":0,"font":"","enabled":false},"version":2}},"categories":[1],"tags":[],"class_list":["post-2656","post","type-post","status-publish","format-standard","has-post-thumbnail","hentry","category-sem-categoria"],"jetpack_publicize_connections":[],"jetpack_featured_media_url":"https:\/\/blogs.gazetaesportiva.com\/automobilismo\/files\/2025\/09\/WhatsApp-Image-2025-09-01-at-08.27.12-1.jpeg","jetpack_sharing_enabled":true,"jetpack_shortlink":"https:\/\/wp.me\/pblv91-GQ","_links":{"self":[{"href":"https:\/\/blogs.gazetaesportiva.com\/automobilismo\/wp-json\/wp\/v2\/posts\/2656","targetHints":{"allow":["GET"]}}],"collection":[{"href":"https:\/\/blogs.gazetaesportiva.com\/automobilismo\/wp-json\/wp\/v2\/posts"}],"about":[{"href":"https:\/\/blogs.gazetaesportiva.com\/automobilismo\/wp-json\/wp\/v2\/types\/post"}],"author":[{"embeddable":true,"href":"https:\/\/blogs.gazetaesportiva.com\/automobilismo\/wp-json\/wp\/v2\/users\/75"}],"replies":[{"embeddable":true,"href":"https:\/\/blogs.gazetaesportiva.com\/automobilismo\/wp-json\/wp\/v2\/comments?post=2656"}],"version-history":[{"count":0,"href":"https:\/\/blogs.gazetaesportiva.com\/automobilismo\/wp-json\/wp\/v2\/posts\/2656\/revisions"}],"wp:featuredmedia":[{"embeddable":true,"href":"https:\/\/blogs.gazetaesportiva.com\/automobilismo\/wp-json\/wp\/v2\/media\/2657"}],"wp:attachment":[{"href":"https:\/\/blogs.gazetaesportiva.com\/automobilismo\/wp-json\/wp\/v2\/media?parent=2656"}],"wp:term":[{"taxonomy":"category","embeddable":true,"href":"https:\/\/blogs.gazetaesportiva.com\/automobilismo\/wp-json\/wp\/v2\/categories?post=2656"},{"taxonomy":"post_tag","embeddable":true,"href":"https:\/\/blogs.gazetaesportiva.com\/automobilismo\/wp-json\/wp\/v2\/tags?post=2656"}],"curies":[{"name":"wp","href":"https:\/\/api.w.org\/{rel}","templated":true}]}}