{"id":2653,"date":"2025-09-01T14:49:26","date_gmt":"2025-09-01T14:49:26","guid":{"rendered":"https:\/\/blogs.gazetaesportiva.com\/automobilismo\/?p=2653"},"modified":"2025-09-01T14:49:26","modified_gmt":"2025-09-01T14:49:26","slug":"festival-na-holanda-homenageia-ayrton-senna-com-exibicao-especial-da-lotus-97t-pilotada-por-bruno-senna","status":"publish","type":"post","link":"https:\/\/blogs.gazetaesportiva.com\/automobilismo\/2025\/09\/01\/festival-na-holanda-homenageia-ayrton-senna-com-exibicao-especial-da-lotus-97t-pilotada-por-bruno-senna\/","title":{"rendered":"Festival na Holanda homenageia Ayrton Senna com exibi\u00e7\u00e3o especial da Lotus 97T pilotada por Bruno Senna"},"content":{"rendered":"<figure id=\"attachment_2654\" aria-describedby=\"caption-attachment-2654\" style=\"width: 640px\" class=\"wp-caption alignnone\"><img loading=\"lazy\" decoding=\"async\" class=\"size-large wp-image-2654\" src=\"https:\/\/blogs.gazetaesportiva.com\/automobilismo\/files\/2025\/09\/Bruno-Senna-vai-pilotar-Lotus-do-tio-em-Festival-na-Holanda-1-1024x760.jpg\" alt=\"\" width=\"640\" height=\"475\" srcset=\"https:\/\/blogs.gazetaesportiva.com\/automobilismo\/files\/2025\/09\/Bruno-Senna-vai-pilotar-Lotus-do-tio-em-Festival-na-Holanda-1-1024x760.jpg 1024w, https:\/\/blogs.gazetaesportiva.com\/automobilismo\/files\/2025\/09\/Bruno-Senna-vai-pilotar-Lotus-do-tio-em-Festival-na-Holanda-1-300x223.jpg 300w, https:\/\/blogs.gazetaesportiva.com\/automobilismo\/files\/2025\/09\/Bruno-Senna-vai-pilotar-Lotus-do-tio-em-Festival-na-Holanda-1-768x570.jpg 768w, https:\/\/blogs.gazetaesportiva.com\/automobilismo\/files\/2025\/09\/Bruno-Senna-vai-pilotar-Lotus-do-tio-em-Festival-na-Holanda-1.jpg 1500w\" sizes=\"auto, (max-width: 640px) 100vw, 640px\" \/><figcaption id=\"caption-attachment-2654\" class=\"wp-caption-text\">Foto: Divulga\u00e7\u00e3o Senna Brands<\/figcaption><\/figure>\n<p>Os lend\u00e1rios nomes do automobilismo Lotus e Senna unir\u00e3o for\u00e7as na edi\u00e7\u00e3o de 2025 do TABAC Classic GP Assen, na Holanda, ente os dias 5 e 7 de setembro. A Lotus Classic levar\u00e1 o ic\u00f4nico Lotus 97T para o Circuito de Assen, o mesmo carro em que a lenda da F\u00f3rmula 1, Ayrton Senna, conquistou sua primeira vit\u00f3ria em um Grande Pr\u00eamio, em 1985. O carro ser\u00e1 pilotado por Bruno Senna, ex-piloto de F1 e sobrinho mais novo do tricampe\u00e3o mundial.<\/p>\n<p>Ayrton Senna da Silva \u00e9 um dos maiores e mais lend\u00e1rios nomes da hist\u00f3ria da F1. Em 1985, apenas em seu segundo Grande Pr\u00eamio com a Lotus no campeonato, o brasileiro alcan\u00e7ou seu \u00e1pice ao conquistar a primeira de um total de 41 vit\u00f3rias. Sob chuva torrencial no circuito de Estoril, em Portugal, o brasileiro triunfou de forma dominante, colocando uma volta de vantagem at\u00e9 no terceiro colocado.<\/p>\n<p>Durante a temporada de 1985, Senna lutou pela vit\u00f3ria com frequ\u00eancia e conquistou mais um triunfo com a pista molhada em Spa-Francorchamps, na B\u00e9lgica. Em sua primeira temporada com a Lotus, o brasileiro terminou em quarto lugar na classifica\u00e7\u00e3o do Mundial de F1.<\/p>\n<p>Nascido e criado em S\u00e3o Paulo, Bruno \u00e9 sobrinho de Ayrton Senna. Bruno competiu na F\u00f3rmula 1 de 2010 a 2012, estreando em 2010 pela HRT, correndo pela Renault em 2011 e pilotando pela equipe Williams em 2012. Posteriormente, competiu na F\u00f3rmula E e no Campeonato Mundial de Endurance, onde conquistou o t\u00edtulo mundial em 2017 pela equipe Vaillante Rebellion.<\/p>\n<p>O capacete de Bruno Senna \u00e9 uma vers\u00e3o modificada do design usado pelo seu tio: o ic\u00f4nico capacete amarelo com as faixas verde e azul inspiradas nas cores da bandeira brasileira.<\/p>\n<figure id=\"attachment_2655\" aria-describedby=\"caption-attachment-2655\" style=\"width: 640px\" class=\"wp-caption alignnone\"><img loading=\"lazy\" decoding=\"async\" class=\"size-large wp-image-2655\" src=\"https:\/\/blogs.gazetaesportiva.com\/automobilismo\/files\/2025\/09\/Tabac-Classic-GP-arte-divulgacao-2-724x1024.jpg\" alt=\"\" width=\"640\" height=\"905\" srcset=\"https:\/\/blogs.gazetaesportiva.com\/automobilismo\/files\/2025\/09\/Tabac-Classic-GP-arte-divulgacao-2-724x1024.jpg 724w, https:\/\/blogs.gazetaesportiva.com\/automobilismo\/files\/2025\/09\/Tabac-Classic-GP-arte-divulgacao-2-212x300.jpg 212w, https:\/\/blogs.gazetaesportiva.com\/automobilismo\/files\/2025\/09\/Tabac-Classic-GP-arte-divulgacao-2-768x1086.jpg 768w, https:\/\/blogs.gazetaesportiva.com\/automobilismo\/files\/2025\/09\/Tabac-Classic-GP-arte-divulgacao-2-1086x1536.jpg 1086w, https:\/\/blogs.gazetaesportiva.com\/automobilismo\/files\/2025\/09\/Tabac-Classic-GP-arte-divulgacao-2-1448x2048.jpg 1448w, https:\/\/blogs.gazetaesportiva.com\/automobilismo\/files\/2025\/09\/Tabac-Classic-GP-arte-divulgacao-2.jpg 1500w\" sizes=\"auto, (max-width: 640px) 100vw, 640px\" \/><figcaption id=\"caption-attachment-2655\" class=\"wp-caption-text\">Arte: Divulga\u00e7\u00e3o Senna Brands<\/figcaption><\/figure>\n<p>O deslumbrante Lotus 97T preto e dourado de 1985 combinava a aerodin\u00e2mica inteligente do carro de F\u00f3rmula 1 96T com detalhes inovadores, como os primeiros ap\u00eandices aerodin\u00e2micos e solu\u00e7\u00f5es criativas para contornar os regulamentos. Equipado com um motor Renault V6 turbo, o carro em sua configura\u00e7\u00e3o de classifica\u00e7\u00e3o produziu impressionantes 1.200 cavalos de pot\u00eancia.<\/p>\n<p>Com Ayrton Senna e Elio de Angelis ao volante, a Lotus conquistou oito poles e tr\u00eas vit\u00f3rias na temporada de 1985, incluindo a lend\u00e1ria corrida de Senna em pista molhada em Portugal. O Lotus 97T que chega a Assen \u00e9 fornecido pelo Classic Team Lotus e a miss\u00e3o \u00e9 preservar e promover a rica hist\u00f3ria da equipe de F1, al\u00e9m de manter vivo o esp\u00edrito de corrida da marca brit\u00e2nica.<\/p>\n<p>A Lotus 97T ir\u00e1 para a pista no s\u00e1bado e no domingo do TABAC Classic GP Assen. No dia 6 de setembro, a largada oficial ser\u00e1 dada pelo prefeito de Assen, Sr. Marco Out, enquanto no dia 7 a largada ser\u00e1 dada pelo Embaixador do Brasil na Holanda, Sr. Fernando Simas Magalh\u00e3es.<\/p>\n<p>A Lotus e Bruno Senna inclusive j\u00e1 estiveram em Portugal, em abril deste ano, celebrando os 40 anos da 1\u00aa vit\u00f3ria de Senna na F1. Bruno ainda teve a oportunidade de acelerar o carro do tio no Festival de Goodwood, na Inglaterra, no mesmo m\u00eas.<\/p>\n","protected":false},"excerpt":{"rendered":"<p>Os lend\u00e1rios nomes do automobilismo Lotus e Senna unir\u00e3o for\u00e7as na edi\u00e7\u00e3o de 2025 do TABAC Classic GP Assen, na Holanda, ente os dias 5 <a class=\"read-more\" href=\"https:\/\/blogs.gazetaesportiva.com\/automobilismo\/2025\/09\/01\/festival-na-holanda-homenageia-ayrton-senna-com-exibicao-especial-da-lotus-97t-pilotada-por-bruno-senna\/\">leia mais<\/a><\/p>\n","protected":false},"author":75,"featured_media":2654,"comment_status":"open","ping_status":"open","sticky":false,"template":"","format":"standard","meta":{"jetpack_post_was_ever_published":false,"_jetpack_newsletter_access":"","_jetpack_dont_email_post_to_subs":false,"_jetpack_newsletter_tier_id":0,"_jetpack_memberships_contains_paywalled_content":false,"_jetpack_memberships_contains_paid_content":false,"footnotes":"","jetpack_publicize_message":"","jetpack_publicize_feature_enabled":true,"jetpack_social_post_already_shared":false,"jetpack_social_options":{"image_generator_settings":{"template":"highway","default_image_id":0,"font":"","enabled":false},"version":2}},"categories":[1],"tags":[],"class_list":["post-2653","post","type-post","status-publish","format-standard","has-post-thumbnail","hentry","category-sem-categoria"],"jetpack_publicize_connections":[],"jetpack_featured_media_url":"https:\/\/blogs.gazetaesportiva.com\/automobilismo\/files\/2025\/09\/Bruno-Senna-vai-pilotar-Lotus-do-tio-em-Festival-na-Holanda-1.jpg","jetpack_sharing_enabled":true,"jetpack_shortlink":"https:\/\/wp.me\/pblv91-GN","_links":{"self":[{"href":"https:\/\/blogs.gazetaesportiva.com\/automobilismo\/wp-json\/wp\/v2\/posts\/2653","targetHints":{"allow":["GET"]}}],"collection":[{"href":"https:\/\/blogs.gazetaesportiva.com\/automobilismo\/wp-json\/wp\/v2\/posts"}],"about":[{"href":"https:\/\/blogs.gazetaesportiva.com\/automobilismo\/wp-json\/wp\/v2\/types\/post"}],"author":[{"embeddable":true,"href":"https:\/\/blogs.gazetaesportiva.com\/automobilismo\/wp-json\/wp\/v2\/users\/75"}],"replies":[{"embeddable":true,"href":"https:\/\/blogs.gazetaesportiva.com\/automobilismo\/wp-json\/wp\/v2\/comments?post=2653"}],"version-history":[{"count":0,"href":"https:\/\/blogs.gazetaesportiva.com\/automobilismo\/wp-json\/wp\/v2\/posts\/2653\/revisions"}],"wp:featuredmedia":[{"embeddable":true,"href":"https:\/\/blogs.gazetaesportiva.com\/automobilismo\/wp-json\/wp\/v2\/media\/2654"}],"wp:attachment":[{"href":"https:\/\/blogs.gazetaesportiva.com\/automobilismo\/wp-json\/wp\/v2\/media?parent=2653"}],"wp:term":[{"taxonomy":"category","embeddable":true,"href":"https:\/\/blogs.gazetaesportiva.com\/automobilismo\/wp-json\/wp\/v2\/categories?post=2653"},{"taxonomy":"post_tag","embeddable":true,"href":"https:\/\/blogs.gazetaesportiva.com\/automobilismo\/wp-json\/wp\/v2\/tags?post=2653"}],"curies":[{"name":"wp","href":"https:\/\/api.w.org\/{rel}","templated":true}]}}