{"id":2651,"date":"2025-09-01T12:40:13","date_gmt":"2025-09-01T12:40:13","guid":{"rendered":"https:\/\/blogs.gazetaesportiva.com\/automobilismo\/?p=2651"},"modified":"2025-09-01T12:40:13","modified_gmt":"2025-09-01T12:40:13","slug":"francisco-rocha-vence-segunda-corrida-da-copa-beto-carrero-e-vai-ao-podio-da-4a-etapa","status":"publish","type":"post","link":"https:\/\/blogs.gazetaesportiva.com\/automobilismo\/2025\/09\/01\/francisco-rocha-vence-segunda-corrida-da-copa-beto-carrero-e-vai-ao-podio-da-4a-etapa\/","title":{"rendered":"Francisco Rocha vence segunda corrida da Copa Beto Carrero e vai ao p\u00f3dio da 4\u00aa etapa"},"content":{"rendered":"<p>O piloto paulista Francisco Rocha (Equipes: CRG Brasil, Car Racing \/ Coaches: Olin Galli, Alberto Cattucci, L\u00e9o Reis, Rafael Reis) conseguiu um excelente resultado na quarta etapa da Copa Beto Carrero e vai pavimentando com bons resultados sua prepara\u00e7\u00e3o para o Campeonato Brasileiro de Kart. A performance mostra que o trabalho de prepara\u00e7\u00e3o para a principal competi\u00e7\u00e3o nacional est\u00e1 no caminho certo.<\/p>\n<figure id=\"attachment_2652\" aria-describedby=\"caption-attachment-2652\" style=\"width: 640px\" class=\"wp-caption alignnone\"><img loading=\"lazy\" decoding=\"async\" src=\"https:\/\/blogs.gazetaesportiva.com\/automobilismo\/files\/2025\/09\/456388_1169317_imagem_do_whatsapp_de_2025_08_31_A__s__10.29.34_a0d483de-1024x682.jpg\" alt=\"Francisco Rocha\" width=\"640\" height=\"426\" class=\"size-large wp-image-2652\" srcset=\"https:\/\/blogs.gazetaesportiva.com\/automobilismo\/files\/2025\/09\/456388_1169317_imagem_do_whatsapp_de_2025_08_31_A__s__10.29.34_a0d483de-1024x682.jpg 1024w, https:\/\/blogs.gazetaesportiva.com\/automobilismo\/files\/2025\/09\/456388_1169317_imagem_do_whatsapp_de_2025_08_31_A__s__10.29.34_a0d483de-300x200.jpg 300w, https:\/\/blogs.gazetaesportiva.com\/automobilismo\/files\/2025\/09\/456388_1169317_imagem_do_whatsapp_de_2025_08_31_A__s__10.29.34_a0d483de-768x512.jpg 768w, https:\/\/blogs.gazetaesportiva.com\/automobilismo\/files\/2025\/09\/456388_1169317_imagem_do_whatsapp_de_2025_08_31_A__s__10.29.34_a0d483de.jpg 1280w\" sizes=\"auto, (max-width: 640px) 100vw, 640px\" \/><figcaption id=\"caption-attachment-2652\" class=\"wp-caption-text\">Foto: DarkSide Karts<\/figcaption><\/figure>\n<p>A pista do Kart\u00f3dromo Beto Carrero recebeu o maior n\u00famero de competidores desta temporada, todos de olho na 60\u00aa edi\u00e7\u00e3o do Campeonato Brasileiro de Kart, marcada para novembro. O interesse pela competi\u00e7\u00e3o catarinense reflete a import\u00e2ncia estrat\u00e9gica do tra\u00e7ado para os competidores nacionais.<\/p>\n<p>Com mais de 300 inscritos, a etapa foi a pen\u00faltima oportunidade para Francisco Rocha buscar uma intimidade com o tra\u00e7ado catarinense antes de novembro. A experi\u00eancia adquirida no kart\u00f3dromo ser\u00e1 fundamental para seu desempenho no Brasileiro de Kart.<\/p>\n<p>&#8220;Consegui um acerto muito bom no kart e fiz treinos bem legais, os tempos estavam muito pr\u00f3ximos na tomada. O ritmo foi \u00f3timo e deu pra sentir que o trabalho est\u00e1 evoluindo&#8221;, declarou Francisco Rocha ap\u00f3s a sess\u00e3o classificat\u00f3ria.<\/p>\n<p>Em um grid com 29 pilotos na categoria OKN J\u00fanior, reunindo os principais concorrentes que estar\u00e3o no Campeonato Brasileiro, Rocha fez a quinta melhor marca na tomada de tempo, ficando apenas 1 d\u00e9cimo da pole position. O resultado mostrou o equil\u00edbrio de uma das categorias mais competitivas do kart.<\/p>\n<p>Abrindo a terceira fila na primeira bateria, Francisco partiu para cima dos advers\u00e1rios e na segunda volta j\u00e1 ocupava a vice-lideran\u00e7a. Na tentativa de assumir a ponta durante as disputas no miolo da pista, perdeu algumas posi\u00e7\u00f5es, chegando em quinto lugar ao receber a bandeira quadriculada.<\/p>\n<p>Na segunda corrida do dia, novamente largando da terceira fila, logo na segunda volta Rocha j\u00e1 havia assumido a lideran\u00e7a, com vantagem segura para o segundo colocado. O piloto do kart n\u00famero 408 cruzou a linha de chegada em primeiro lugar, vencendo a bateria e, na soma dos resultados, se garantiu como vice-campe\u00e3o da 4\u00aa etapa da Copa Beto Carrero.<\/p>\n<p>&#8220;Foi uma prova muito boa. Por pouco n\u00e3o consegui o P1, mas o importante \u00e9 que o trabalho visando o Brasileiro est\u00e1 no caminho certo. Estou confiante com a evolu\u00e7\u00e3o que tivemos aqui&#8221;, avaliou Francisco ap\u00f3s o p\u00f3dio.<\/p>\n<p>A Copa Beto Carrero, em Penha, retorna com sua quinta e \u00faltima etapa nos dias 24 e 25 de outubro, sendo a derradeira chance para quem ainda desejar afinar o equipamento na pista que sediar\u00e1 o Campeonato Brasileiro de Kart. Francisco Rocha volta para casa e se prepara para os pr\u00f3ximos compromissos da temporada, que incluem a Copa S\u00e3o Paulo Light e a Copa do Mundo de Kart, em Cremona, na It\u00e1lia, de 25 a 28 de setembro.<\/p>\n","protected":false},"excerpt":{"rendered":"<p>O piloto paulista Francisco Rocha (Equipes: CRG Brasil, Car Racing \/ Coaches: Olin Galli, Alberto Cattucci, L\u00e9o Reis, Rafael Reis) conseguiu um excelente resultado na <a class=\"read-more\" href=\"https:\/\/blogs.gazetaesportiva.com\/automobilismo\/2025\/09\/01\/francisco-rocha-vence-segunda-corrida-da-copa-beto-carrero-e-vai-ao-podio-da-4a-etapa\/\">leia mais<\/a><\/p>\n","protected":false},"author":75,"featured_media":2652,"comment_status":"open","ping_status":"open","sticky":false,"template":"","format":"standard","meta":{"jetpack_post_was_ever_published":false,"_jetpack_newsletter_access":"","_jetpack_dont_email_post_to_subs":false,"_jetpack_newsletter_tier_id":0,"_jetpack_memberships_contains_paywalled_content":false,"_jetpack_memberships_contains_paid_content":false,"footnotes":"","jetpack_publicize_message":"","jetpack_publicize_feature_enabled":true,"jetpack_social_post_already_shared":false,"jetpack_social_options":{"image_generator_settings":{"template":"highway","default_image_id":0,"font":"","enabled":false},"version":2}},"categories":[1],"tags":[],"class_list":["post-2651","post","type-post","status-publish","format-standard","has-post-thumbnail","hentry","category-sem-categoria"],"jetpack_publicize_connections":[],"jetpack_featured_media_url":"https:\/\/blogs.gazetaesportiva.com\/automobilismo\/files\/2025\/09\/456388_1169317_imagem_do_whatsapp_de_2025_08_31_A__s__10.29.34_a0d483de.jpg","jetpack_sharing_enabled":true,"jetpack_shortlink":"https:\/\/wp.me\/pblv91-GL","_links":{"self":[{"href":"https:\/\/blogs.gazetaesportiva.com\/automobilismo\/wp-json\/wp\/v2\/posts\/2651","targetHints":{"allow":["GET"]}}],"collection":[{"href":"https:\/\/blogs.gazetaesportiva.com\/automobilismo\/wp-json\/wp\/v2\/posts"}],"about":[{"href":"https:\/\/blogs.gazetaesportiva.com\/automobilismo\/wp-json\/wp\/v2\/types\/post"}],"author":[{"embeddable":true,"href":"https:\/\/blogs.gazetaesportiva.com\/automobilismo\/wp-json\/wp\/v2\/users\/75"}],"replies":[{"embeddable":true,"href":"https:\/\/blogs.gazetaesportiva.com\/automobilismo\/wp-json\/wp\/v2\/comments?post=2651"}],"version-history":[{"count":0,"href":"https:\/\/blogs.gazetaesportiva.com\/automobilismo\/wp-json\/wp\/v2\/posts\/2651\/revisions"}],"wp:featuredmedia":[{"embeddable":true,"href":"https:\/\/blogs.gazetaesportiva.com\/automobilismo\/wp-json\/wp\/v2\/media\/2652"}],"wp:attachment":[{"href":"https:\/\/blogs.gazetaesportiva.com\/automobilismo\/wp-json\/wp\/v2\/media?parent=2651"}],"wp:term":[{"taxonomy":"category","embeddable":true,"href":"https:\/\/blogs.gazetaesportiva.com\/automobilismo\/wp-json\/wp\/v2\/categories?post=2651"},{"taxonomy":"post_tag","embeddable":true,"href":"https:\/\/blogs.gazetaesportiva.com\/automobilismo\/wp-json\/wp\/v2\/tags?post=2651"}],"curies":[{"name":"wp","href":"https:\/\/api.w.org\/{rel}","templated":true}]}}