{"id":2648,"date":"2025-08-28T16:00:17","date_gmt":"2025-08-28T16:00:17","guid":{"rendered":"https:\/\/blogs.gazetaesportiva.com\/automobilismo\/?p=2648"},"modified":"2025-08-28T16:00:17","modified_gmt":"2025-08-28T16:00:17","slug":"serie-especial-animada-apresenta-ayrton-senna-para-novas-geracoes","status":"publish","type":"post","link":"https:\/\/blogs.gazetaesportiva.com\/automobilismo\/2025\/08\/28\/serie-especial-animada-apresenta-ayrton-senna-para-novas-geracoes\/","title":{"rendered":"S\u00e9rie especial animada apresenta Ayrton Senna para novas gera\u00e7\u00f5es"},"content":{"rendered":"<figure id=\"attachment_2650\" aria-describedby=\"caption-attachment-2650\" style=\"width: 640px\" class=\"wp-caption alignnone\"><img loading=\"lazy\" decoding=\"async\" class=\"size-large wp-image-2650\" src=\"https:\/\/blogs.gazetaesportiva.com\/automobilismo\/files\/2025\/08\/Ayrton-Senna-divulgacao-1024x603.jpg\" alt=\"\" width=\"640\" height=\"377\" srcset=\"https:\/\/blogs.gazetaesportiva.com\/automobilismo\/files\/2025\/08\/Ayrton-Senna-divulgacao-1024x603.jpg 1024w, https:\/\/blogs.gazetaesportiva.com\/automobilismo\/files\/2025\/08\/Ayrton-Senna-divulgacao-300x177.jpg 300w, https:\/\/blogs.gazetaesportiva.com\/automobilismo\/files\/2025\/08\/Ayrton-Senna-divulgacao-768x452.jpg 768w, https:\/\/blogs.gazetaesportiva.com\/automobilismo\/files\/2025\/08\/Ayrton-Senna-divulgacao.jpg 1200w\" sizes=\"auto, (max-width: 640px) 100vw, 640px\" \/><figcaption id=\"caption-attachment-2650\" class=\"wp-caption-text\">GP do Brasil de 1991: primeira vit\u00f3ria de Ayrton Senna em Interlagos na F1 &#8211; Foto: Norio Koike @ASE<\/figcaption><\/figure>\n<p>Uma viagem no tempo para aprender li\u00e7\u00f5es valiosas com o \u00eddolo e, ainda, revisitar momentos hist\u00f3ricos da F\u00f3rmula 1. O mote central da s\u00e9rie <a href=\"https:\/\/www.youtube.com\/channel\/UC6cRrJkRrEybdNRIz02eEng\">\u201cO Pilotinho do Futuro\u201d<\/a> \u00e9 o ponto de partida para mais uma aventura do Senninha, personagem infantil lan\u00e7ado pelo pr\u00f3prio Ayrton Senna em 1994. A anima\u00e7\u00e3o \u00e9 uma maneira \u00fanica de ver conquistas marcantes de Senna pelo ponto de vista do Senninha e em formato de desenho voltado para as crian\u00e7as.<\/p>\n<p>A s\u00e9rie especial com 10 epis\u00f3dios foi lan\u00e7ada como parte das celebra\u00e7\u00f5es dos 30 anos do legado de Ayrton Senna e soma mais de 4 milh\u00f5es de visualiza\u00e7\u00f5es no canal oficial do personagem no Youtube. O \u00faltimo epis\u00f3dio ser\u00e1 lan\u00e7ado no dia 29 de agosto, \u00e0s 18h. Na \u00faltima sexta-feira (22), a Senna Brands, empresa respons\u00e1vel pela gest\u00e3o do personagem, promoveu uma sess\u00e3o exclusiva para convidados, em um evento que contou com atra\u00e7\u00f5es para crian\u00e7as, exibi\u00e7\u00e3o de itens hist\u00f3ricos do Senninha e ativa\u00e7\u00f5es de licenciados parceiros como a Cep\u00eara, Curaprox, Paki Toys, Suzano Report e Schio.<\/p>\n<figure id=\"attachment_2649\" aria-describedby=\"caption-attachment-2649\" style=\"width: 640px\" class=\"wp-caption alignnone\"><img loading=\"lazy\" decoding=\"async\" class=\"wp-image-2649 size-large\" src=\"https:\/\/blogs.gazetaesportiva.com\/automobilismo\/files\/2025\/08\/Senninha-com-Senna-1024x576.jpg\" alt=\"\" width=\"640\" height=\"360\" srcset=\"https:\/\/blogs.gazetaesportiva.com\/automobilismo\/files\/2025\/08\/Senninha-com-Senna-1024x576.jpg 1024w, https:\/\/blogs.gazetaesportiva.com\/automobilismo\/files\/2025\/08\/Senninha-com-Senna-300x169.jpg 300w, https:\/\/blogs.gazetaesportiva.com\/automobilismo\/files\/2025\/08\/Senninha-com-Senna-768x432.jpg 768w, https:\/\/blogs.gazetaesportiva.com\/automobilismo\/files\/2025\/08\/Senninha-com-Senna.jpg 1500w\" sizes=\"auto, (max-width: 640px) 100vw, 640px\" \/><figcaption id=\"caption-attachment-2649\" class=\"wp-caption-text\">Senninha encontra Senna em s\u00e9rie do personagem infantil &#8211; Imagem: reprodu\u00e7\u00e3o YouTube<\/figcaption><\/figure>\n<p>Al\u00e9m de reviver momentos marcantes da trajet\u00f3ria de Ayrton Senna, os f\u00e3s que cresceram com o Senninha podem encontrar na s\u00e9rie um meio de apresentar a hist\u00f3ria do \u00eddolo para as novas gera\u00e7\u00f5es. Os epis\u00f3dios mesclam t\u00e9cnicas de anima\u00e7\u00e3o tradicional com modelagem 3D e ilustra\u00e7\u00f5es cl\u00e1ssicas que preservam a origem do personagem e, ao mesmo tempo, dialogam com novas formas de consumo de conte\u00fado.<\/p>\n<p>\u201cO Senninha \u00e9 um personagem de conex\u00e3o entre passado, presente e futuro: ao mesmo tempo em possui um forte v\u00ednculo nost\u00e1lgico com os adultos, ele se conecta com as novas gera\u00e7\u00f5es por meio de conte\u00fados relevantes e divertidos que mant\u00eam viva a hist\u00f3ria de Ayrton Senna\u201d, comenta Ana Sim\u00f5es, Diretora de Marketing da Senna Brands. \u201cNos \u00faltimos anos, atuamos com o prop\u00f3sito de ampliar a presen\u00e7a do personagem nas plataformas digitais\u201d, completa.<\/p>\n<p>Ao longo de mais de tr\u00eas d\u00e9cadas, Senninha esteve presente em hist\u00f3rias em quadrinhos, desenhos animados e produtos oficiais, mantendo sua relev\u00e2ncia: uma pesquisa da marca revelou que 93% dos consumidores demonstram interesse em adquirir produtos do Senninha e que 8 em cada 10 pais e m\u00e3es confirmam que o personagem \u00e9 fonte de inspira\u00e7\u00e3o para seus filhos.<\/p>\n<p><strong>Ficha t\u00e9cnica \u201cO Pilotinho do Futuro\u201d<\/strong><br \/>\nDire\u00e7\u00e3o geral: Bianca Senna<br \/>\nRoteiro: Kaled Kanbour<br \/>\nCriadores do Senninha &amp; sua turma: Rog\u00e9rio Martins e Ridaut Dias<br \/>\nDire\u00e7\u00e3o de arte: Antoniane Gimenez<br \/>\nDire\u00e7\u00e3o audiovisual: Antoniane Gimenez e Celso Sodi<br \/>\nP\u00f3s-produ\u00e7\u00e3o: Celso Sodi<br \/>\nAnima\u00e7\u00e3o 2D: Carlos Tureta, Antoniane Gimenez e Celso Sodi<br \/>\nAnimatic \/ Storyboard: Genoviz Paganni e Kaled Kanbour<br \/>\nIlustra\u00e7\u00e3o \/ Arte final \/ Coloriza\u00e7\u00e3o: Genoviz Paganni, Antoniane Gimenez e Andressa Feitosa<br \/>\nAnima\u00e7\u00e3o e Ilustra\u00e7\u00e3o 3D: Antoniane Gimenez<br \/>\nM\u00fasicas \/ Trilha Incidental \/ Sonoplastia: Antoniane Gimenez<br \/>\nVoz original: Caroline Rocha e Levi Aysar<\/p>\n","protected":false},"excerpt":{"rendered":"<p>Uma viagem no tempo para aprender li\u00e7\u00f5es valiosas com o \u00eddolo e, ainda, revisitar momentos hist\u00f3ricos da F\u00f3rmula 1. O mote central da s\u00e9rie \u201cO <a class=\"read-more\" href=\"https:\/\/blogs.gazetaesportiva.com\/automobilismo\/2025\/08\/28\/serie-especial-animada-apresenta-ayrton-senna-para-novas-geracoes\/\">leia mais<\/a><\/p>\n","protected":false},"author":75,"featured_media":2650,"comment_status":"open","ping_status":"open","sticky":false,"template":"","format":"standard","meta":{"jetpack_post_was_ever_published":false,"_jetpack_newsletter_access":"","_jetpack_dont_email_post_to_subs":false,"_jetpack_newsletter_tier_id":0,"_jetpack_memberships_contains_paywalled_content":false,"_jetpack_memberships_contains_paid_content":false,"footnotes":"","jetpack_publicize_message":"","jetpack_publicize_feature_enabled":true,"jetpack_social_post_already_shared":false,"jetpack_social_options":{"image_generator_settings":{"template":"highway","default_image_id":0,"font":"","enabled":false},"version":2}},"categories":[1],"tags":[],"class_list":["post-2648","post","type-post","status-publish","format-standard","has-post-thumbnail","hentry","category-sem-categoria"],"jetpack_publicize_connections":[],"jetpack_featured_media_url":"https:\/\/blogs.gazetaesportiva.com\/automobilismo\/files\/2025\/08\/Ayrton-Senna-divulgacao.jpg","jetpack_sharing_enabled":true,"jetpack_shortlink":"https:\/\/wp.me\/pblv91-GI","_links":{"self":[{"href":"https:\/\/blogs.gazetaesportiva.com\/automobilismo\/wp-json\/wp\/v2\/posts\/2648","targetHints":{"allow":["GET"]}}],"collection":[{"href":"https:\/\/blogs.gazetaesportiva.com\/automobilismo\/wp-json\/wp\/v2\/posts"}],"about":[{"href":"https:\/\/blogs.gazetaesportiva.com\/automobilismo\/wp-json\/wp\/v2\/types\/post"}],"author":[{"embeddable":true,"href":"https:\/\/blogs.gazetaesportiva.com\/automobilismo\/wp-json\/wp\/v2\/users\/75"}],"replies":[{"embeddable":true,"href":"https:\/\/blogs.gazetaesportiva.com\/automobilismo\/wp-json\/wp\/v2\/comments?post=2648"}],"version-history":[{"count":0,"href":"https:\/\/blogs.gazetaesportiva.com\/automobilismo\/wp-json\/wp\/v2\/posts\/2648\/revisions"}],"wp:featuredmedia":[{"embeddable":true,"href":"https:\/\/blogs.gazetaesportiva.com\/automobilismo\/wp-json\/wp\/v2\/media\/2650"}],"wp:attachment":[{"href":"https:\/\/blogs.gazetaesportiva.com\/automobilismo\/wp-json\/wp\/v2\/media?parent=2648"}],"wp:term":[{"taxonomy":"category","embeddable":true,"href":"https:\/\/blogs.gazetaesportiva.com\/automobilismo\/wp-json\/wp\/v2\/categories?post=2648"},{"taxonomy":"post_tag","embeddable":true,"href":"https:\/\/blogs.gazetaesportiva.com\/automobilismo\/wp-json\/wp\/v2\/tags?post=2648"}],"curies":[{"name":"wp","href":"https:\/\/api.w.org\/{rel}","templated":true}]}}