{"id":2646,"date":"2025-08-27T19:53:39","date_gmt":"2025-08-27T19:53:39","guid":{"rendered":"https:\/\/blogs.gazetaesportiva.com\/automobilismo\/?p=2646"},"modified":"2025-08-27T19:53:39","modified_gmt":"2025-08-27T19:53:39","slug":"gabriel-tesser-busca-lideranca-da-f4-na-copa-sao-paulo-de-kart","status":"publish","type":"post","link":"https:\/\/blogs.gazetaesportiva.com\/automobilismo\/2025\/08\/27\/gabriel-tesser-busca-lideranca-da-f4-na-copa-sao-paulo-de-kart\/","title":{"rendered":"Gabriel Tesser busca lideran\u00e7a da F4 na Copa S\u00e3o Paulo de Kart"},"content":{"rendered":"<p>A s\u00e9tima etapa da Copa S\u00e3o Paulo Bradesco de Kart ser\u00e1 disputada neste s\u00e1bado (30) no Kart\u00f3dromo Granja Viana e Gabriel Tesser, um dos postulantes ao t\u00edtulo na F\u00f3rmula 4, busca tomar a lideran\u00e7a do campeonato. O jovem piloto \u00e9 o vice-l\u00edder na classifica\u00e7\u00e3o e chega empolgado para as corridas.<\/p>\n<figure id=\"attachment_2647\" aria-describedby=\"caption-attachment-2647\" style=\"width: 640px\" class=\"wp-caption alignnone\"><img loading=\"lazy\" decoding=\"async\" src=\"https:\/\/blogs.gazetaesportiva.com\/automobilismo\/files\/2025\/08\/454876_1163378_453785_1159650_Tesser_01-1024x683.jpeg\" alt=\"Gabriel Tesser\" width=\"640\" height=\"427\" class=\"size-large wp-image-2647\" srcset=\"https:\/\/blogs.gazetaesportiva.com\/automobilismo\/files\/2025\/08\/454876_1163378_453785_1159650_Tesser_01-1024x683.jpeg 1024w, https:\/\/blogs.gazetaesportiva.com\/automobilismo\/files\/2025\/08\/454876_1163378_453785_1159650_Tesser_01-300x200.jpeg 300w, https:\/\/blogs.gazetaesportiva.com\/automobilismo\/files\/2025\/08\/454876_1163378_453785_1159650_Tesser_01-768x512.jpeg 768w, https:\/\/blogs.gazetaesportiva.com\/automobilismo\/files\/2025\/08\/454876_1163378_453785_1159650_Tesser_01-1536x1024.jpeg 1536w, https:\/\/blogs.gazetaesportiva.com\/automobilismo\/files\/2025\/08\/454876_1163378_453785_1159650_Tesser_01-2048x1366.jpeg 2048w\" sizes=\"auto, (max-width: 640px) 100vw, 640px\" \/><figcaption id=\"caption-attachment-2647\" class=\"wp-caption-text\">Foto: Nara Martins<\/figcaption><\/figure>\n<p>\u201cEu j\u00e1 estava com saudade de acelerar o kart na Copa S\u00e3o Paulo e ser\u00e1 mais uma etapa muito importante para o campeonato. <\/p>\n<p>Piloto da E.S Competi\u00e7\u00f5es, Tesser \u00e9 uma das jovens revela\u00e7\u00f5es do kartismo nacional. O piloto de 15 anos tem as tr\u00eas etapas da Copa SP e o Brasileiro de Kart como as principais competi\u00e7\u00f5es desta parte final da temporada. O piloto tem realizado treinos durante essa semana de prepara\u00e7\u00e3o no Kart\u00f3dromo Granja Viana.<\/p>\n<p>\u201cN\u00f3s temos vit\u00f3ria e p\u00f3dios nessa temporada na Copa SP e estou muito focado em tentar repetir isso neste final de semana\u201d, completa Tesser.<\/p>\n<p>A programa\u00e7\u00e3o da F4 no s\u00e1bado prev\u00ea a realiza\u00e7\u00e3o da tomada \u00e0s 14h35, seguida da primeira bateria \u00e0s 15h15 e da corrida 2 \u00e0s 16h05. As disputas s\u00e3o exibidas ao vivo no YouTube.<\/p>\n","protected":false},"excerpt":{"rendered":"<p>A s\u00e9tima etapa da Copa S\u00e3o Paulo Bradesco de Kart ser\u00e1 disputada neste s\u00e1bado (30) no Kart\u00f3dromo Granja Viana e Gabriel Tesser, um dos postulantes <a class=\"read-more\" href=\"https:\/\/blogs.gazetaesportiva.com\/automobilismo\/2025\/08\/27\/gabriel-tesser-busca-lideranca-da-f4-na-copa-sao-paulo-de-kart\/\">leia mais<\/a><\/p>\n","protected":false},"author":75,"featured_media":2647,"comment_status":"open","ping_status":"open","sticky":false,"template":"","format":"standard","meta":{"jetpack_post_was_ever_published":false,"_jetpack_newsletter_access":"","_jetpack_dont_email_post_to_subs":false,"_jetpack_newsletter_tier_id":0,"_jetpack_memberships_contains_paywalled_content":false,"_jetpack_memberships_contains_paid_content":false,"footnotes":"","jetpack_publicize_message":"","jetpack_publicize_feature_enabled":true,"jetpack_social_post_already_shared":false,"jetpack_social_options":{"image_generator_settings":{"template":"highway","default_image_id":0,"font":"","enabled":false},"version":2}},"categories":[1],"tags":[],"class_list":["post-2646","post","type-post","status-publish","format-standard","has-post-thumbnail","hentry","category-sem-categoria"],"jetpack_publicize_connections":[],"jetpack_featured_media_url":"https:\/\/blogs.gazetaesportiva.com\/automobilismo\/files\/2025\/08\/454876_1163378_453785_1159650_Tesser_01-scaled.jpeg","jetpack_sharing_enabled":true,"jetpack_shortlink":"https:\/\/wp.me\/pblv91-GG","_links":{"self":[{"href":"https:\/\/blogs.gazetaesportiva.com\/automobilismo\/wp-json\/wp\/v2\/posts\/2646","targetHints":{"allow":["GET"]}}],"collection":[{"href":"https:\/\/blogs.gazetaesportiva.com\/automobilismo\/wp-json\/wp\/v2\/posts"}],"about":[{"href":"https:\/\/blogs.gazetaesportiva.com\/automobilismo\/wp-json\/wp\/v2\/types\/post"}],"author":[{"embeddable":true,"href":"https:\/\/blogs.gazetaesportiva.com\/automobilismo\/wp-json\/wp\/v2\/users\/75"}],"replies":[{"embeddable":true,"href":"https:\/\/blogs.gazetaesportiva.com\/automobilismo\/wp-json\/wp\/v2\/comments?post=2646"}],"version-history":[{"count":0,"href":"https:\/\/blogs.gazetaesportiva.com\/automobilismo\/wp-json\/wp\/v2\/posts\/2646\/revisions"}],"wp:featuredmedia":[{"embeddable":true,"href":"https:\/\/blogs.gazetaesportiva.com\/automobilismo\/wp-json\/wp\/v2\/media\/2647"}],"wp:attachment":[{"href":"https:\/\/blogs.gazetaesportiva.com\/automobilismo\/wp-json\/wp\/v2\/media?parent=2646"}],"wp:term":[{"taxonomy":"category","embeddable":true,"href":"https:\/\/blogs.gazetaesportiva.com\/automobilismo\/wp-json\/wp\/v2\/categories?post=2646"},{"taxonomy":"post_tag","embeddable":true,"href":"https:\/\/blogs.gazetaesportiva.com\/automobilismo\/wp-json\/wp\/v2\/tags?post=2646"}],"curies":[{"name":"wp","href":"https:\/\/api.w.org\/{rel}","templated":true}]}}