{"id":2644,"date":"2025-08-27T16:33:16","date_gmt":"2025-08-27T16:33:16","guid":{"rendered":"https:\/\/blogs.gazetaesportiva.com\/automobilismo\/?p=2644"},"modified":"2025-08-27T16:33:16","modified_gmt":"2025-08-27T16:33:16","slug":"francisco-rocha-chega-para-etapa-da-copa-beto-carrero-e-se-prepara-para-o-brasileiro","status":"publish","type":"post","link":"https:\/\/blogs.gazetaesportiva.com\/automobilismo\/2025\/08\/27\/francisco-rocha-chega-para-etapa-da-copa-beto-carrero-e-se-prepara-para-o-brasileiro\/","title":{"rendered":"Francisco Rocha chega para etapa da Copa Beto Carrero e se prepara para o Brasileiro"},"content":{"rendered":"<p>Seguindo a intensa agenda de compromissos nas pistas do Brasil, o paulista Francisco Rocha (Equipes: CRG Brasil, Car Racing \/ Coaches: Olin Galli, Alberto Cattucci, L\u00e9o Reis, Rafael Reis) desembarca em Santa Catarina para disputar a quarta etapa da Copa Beto Carrero, na categoria OKN J\u00fanior. O piloto se prepara para mais um desafio no kartismo nacional, desta vez no tra\u00e7ado do litoral catarinense.<\/p>\n<figure id=\"attachment_2645\" aria-describedby=\"caption-attachment-2645\" style=\"width: 640px\" class=\"wp-caption alignnone\"><img loading=\"lazy\" decoding=\"async\" src=\"https:\/\/blogs.gazetaesportiva.com\/automobilismo\/files\/2025\/08\/456245_1168712_imagem_do_whatsapp_de_2025_06_08_A__s__15.40.33_6c37c793-1024x683.jpg\" alt=\"Francisco Rocha\" width=\"640\" height=\"427\" class=\"size-large wp-image-2645\" srcset=\"https:\/\/blogs.gazetaesportiva.com\/automobilismo\/files\/2025\/08\/456245_1168712_imagem_do_whatsapp_de_2025_06_08_A__s__15.40.33_6c37c793-1024x683.jpg 1024w, https:\/\/blogs.gazetaesportiva.com\/automobilismo\/files\/2025\/08\/456245_1168712_imagem_do_whatsapp_de_2025_06_08_A__s__15.40.33_6c37c793-300x200.jpg 300w, https:\/\/blogs.gazetaesportiva.com\/automobilismo\/files\/2025\/08\/456245_1168712_imagem_do_whatsapp_de_2025_06_08_A__s__15.40.33_6c37c793-768x512.jpg 768w, https:\/\/blogs.gazetaesportiva.com\/automobilismo\/files\/2025\/08\/456245_1168712_imagem_do_whatsapp_de_2025_06_08_A__s__15.40.33_6c37c793-1536x1024.jpg 1536w, https:\/\/blogs.gazetaesportiva.com\/automobilismo\/files\/2025\/08\/456245_1168712_imagem_do_whatsapp_de_2025_06_08_A__s__15.40.33_6c37c793.jpg 1596w\" sizes=\"auto, (max-width: 640px) 100vw, 640px\" \/><figcaption id=\"caption-attachment-2645\" class=\"wp-caption-text\">Foto: Eni Alves<\/figcaption><\/figure>\n<p>Neste fim de semana, Rocha retorna ao Kart\u00f3dromo de Beto Carrero, no Balne\u00e1rio de Penha, onde disputou a terceira etapa da competi\u00e7\u00e3o catarinense. Se familiarizar cada vez mais com este tra\u00e7ado pode ser um trunfo importante para o piloto, que busca evolu\u00e7\u00e3o constante e chegar como boa chances nas provas nacionais, pela categoria OKN J\u00fanior.<\/p>\n<p>O Kart\u00f3dromo de Beto Carrero vai sediar a 60\u00aa edi\u00e7\u00e3o do Campeonato Brasileiro de Kart em novembro, transformando a Copa Beto Carrero em um importante laborat\u00f3rio para o evento que se aproxima. Assim como \u00e9 para Francisco Rocha, todos os competidores t\u00eam um objetivo de conseguir o melhor acerto poss\u00edvel a cada prova neste tra\u00e7ado.<\/p>\n<p>&#8220;Espero fazer uma boa prova aqui e conseguir um acerto bem pr\u00f3ximo do que vou encontrar no Brasileiro em novembro. Cada etapa \u00e9 uma chance de evoluir e se preparar melhor&#8221;, comentou Francisco Rocha.<\/p>\n<p>Rocha disputou a competi\u00e7\u00e3o catarinense pela primeira vez em junho e agora retorna com a expectativa de um rendimento superior ao que conseguiu na terceira etapa da Copa Beto Carrero. A experi\u00eancia anterior no tra\u00e7ado pode ajudar a encontrar o ajuste ideal do equipamento.<\/p>\n<p>O piloto do kart n\u00famero 408 tem enfrentado uma verdadeira maratona de compromissos no kartismo nesta temporada. Entre treinos na It\u00e1lia, a Copa S\u00e3o Paulo Light, o Regional Cup Brasil, no Maranh\u00e3o, a Copa Brasil, em Sergipe, Francisco tem acumulado quilometragem e experi\u00eancia em diferentes tra\u00e7ados pelo pa\u00eds e exterior.<\/p>\n<p>A dedica\u00e7\u00e3o \u00e0 Copa Beto Carrero demonstra o comprometimento do piloto com seus objetivos em todas as competi\u00e7\u00f5es. &#8220;Abri m\u00e3o da etapa da Copa S\u00e3o Paulo KGV, que tamb\u00e9m \u00e9 muito importante para mim, para essa disputa aqui em Penha. Tenho um objetivo concreto no Brasileiro de novembro e essa prepara\u00e7\u00e3o \u00e9 fundamental&#8221;, explicou Francisco sobre suas escolhas estrat\u00e9gicas.<\/p>\n<p>A programa\u00e7\u00e3o da Copa Beto Carrero em Penha inclui treinos livres at\u00e9 esta sexta-feira (29), com duas sess\u00f5es di\u00e1rias para que os pilotos possam conhecer e se adaptar ao tra\u00e7ado. No mesmo dia acontece a tomada de tempo, definindo o grid de largada para as baterias v\u00e1lidas pela etapa.<\/p>\n<p>O canal Poffo Sports, no YouTube, transmitir\u00e1 ao vivo todas as provas da Copa Beto Carrero. As corridas ser\u00e3o realizadas no s\u00e1bado (30), com a programa\u00e7\u00e3o iniciando \u00e0s 7h30 para as categorias que disputam no per\u00edodo da manh\u00e3, incluindo a OKN J\u00fanior de Francisco Rocha. <\/p>\n","protected":false},"excerpt":{"rendered":"<p>Seguindo a intensa agenda de compromissos nas pistas do Brasil, o paulista Francisco Rocha (Equipes: CRG Brasil, Car Racing \/ Coaches: Olin Galli, Alberto Cattucci, <a class=\"read-more\" href=\"https:\/\/blogs.gazetaesportiva.com\/automobilismo\/2025\/08\/27\/francisco-rocha-chega-para-etapa-da-copa-beto-carrero-e-se-prepara-para-o-brasileiro\/\">leia mais<\/a><\/p>\n","protected":false},"author":75,"featured_media":2645,"comment_status":"open","ping_status":"open","sticky":false,"template":"","format":"standard","meta":{"jetpack_post_was_ever_published":false,"_jetpack_newsletter_access":"","_jetpack_dont_email_post_to_subs":false,"_jetpack_newsletter_tier_id":0,"_jetpack_memberships_contains_paywalled_content":false,"_jetpack_memberships_contains_paid_content":false,"footnotes":"","jetpack_publicize_message":"","jetpack_publicize_feature_enabled":true,"jetpack_social_post_already_shared":false,"jetpack_social_options":{"image_generator_settings":{"template":"highway","default_image_id":0,"font":"","enabled":false},"version":2}},"categories":[1],"tags":[],"class_list":["post-2644","post","type-post","status-publish","format-standard","has-post-thumbnail","hentry","category-sem-categoria"],"jetpack_publicize_connections":[],"jetpack_featured_media_url":"https:\/\/blogs.gazetaesportiva.com\/automobilismo\/files\/2025\/08\/456245_1168712_imagem_do_whatsapp_de_2025_06_08_A__s__15.40.33_6c37c793.jpg","jetpack_sharing_enabled":true,"jetpack_shortlink":"https:\/\/wp.me\/pblv91-GE","_links":{"self":[{"href":"https:\/\/blogs.gazetaesportiva.com\/automobilismo\/wp-json\/wp\/v2\/posts\/2644","targetHints":{"allow":["GET"]}}],"collection":[{"href":"https:\/\/blogs.gazetaesportiva.com\/automobilismo\/wp-json\/wp\/v2\/posts"}],"about":[{"href":"https:\/\/blogs.gazetaesportiva.com\/automobilismo\/wp-json\/wp\/v2\/types\/post"}],"author":[{"embeddable":true,"href":"https:\/\/blogs.gazetaesportiva.com\/automobilismo\/wp-json\/wp\/v2\/users\/75"}],"replies":[{"embeddable":true,"href":"https:\/\/blogs.gazetaesportiva.com\/automobilismo\/wp-json\/wp\/v2\/comments?post=2644"}],"version-history":[{"count":0,"href":"https:\/\/blogs.gazetaesportiva.com\/automobilismo\/wp-json\/wp\/v2\/posts\/2644\/revisions"}],"wp:featuredmedia":[{"embeddable":true,"href":"https:\/\/blogs.gazetaesportiva.com\/automobilismo\/wp-json\/wp\/v2\/media\/2645"}],"wp:attachment":[{"href":"https:\/\/blogs.gazetaesportiva.com\/automobilismo\/wp-json\/wp\/v2\/media?parent=2644"}],"wp:term":[{"taxonomy":"category","embeddable":true,"href":"https:\/\/blogs.gazetaesportiva.com\/automobilismo\/wp-json\/wp\/v2\/categories?post=2644"},{"taxonomy":"post_tag","embeddable":true,"href":"https:\/\/blogs.gazetaesportiva.com\/automobilismo\/wp-json\/wp\/v2\/tags?post=2644"}],"curies":[{"name":"wp","href":"https:\/\/api.w.org\/{rel}","templated":true}]}}