{"id":2642,"date":"2025-08-26T13:22:00","date_gmt":"2025-08-26T13:22:00","guid":{"rendered":"https:\/\/blogs.gazetaesportiva.com\/automobilismo\/?p=2642"},"modified":"2025-08-26T13:22:00","modified_gmt":"2025-08-26T13:22:00","slug":"bruno-ribeiro-lidera-formula-regional-americas-e-tenta-ampliar-vantagem-no-canada","status":"publish","type":"post","link":"https:\/\/blogs.gazetaesportiva.com\/automobilismo\/2025\/08\/26\/bruno-ribeiro-lidera-formula-regional-americas-e-tenta-ampliar-vantagem-no-canada\/","title":{"rendered":"Bruno Ribeiro lidera F\u00f3rmula Regional Am\u00e9ricas e tenta ampliar vantagem no Canad\u00e1"},"content":{"rendered":"<p>L\u00edder do campeonato da F\u00f3rmula Regional Am\u00e9ricas e uma das revela\u00e7\u00f5es do automobilismo brasileiro atuando nos Estados Unidos, Bruno Ribeiro tem mais um desafio na temporada 2025. O piloto da equipe Kiwi Motorsports vai at\u00e9 o circuito de Mosport, no Canad\u00e1, para a disputa da antepen\u00faltima etapa do campeonato. Ser\u00e1 a primeira vez que o piloto competir\u00e1 fora dos Estados Unidos desde que iniciou sua trajet\u00f3ria no esporte a motor da Am\u00e9rica do Norte.<\/p>\n<figure id=\"attachment_2643\" aria-describedby=\"caption-attachment-2643\" style=\"width: 640px\" class=\"wp-caption alignnone\"><img loading=\"lazy\" decoding=\"async\" src=\"https:\/\/blogs.gazetaesportiva.com\/automobilismo\/files\/2025\/08\/WhatsApp-Image-2025-08-26-at-09.48.28-1024x683.jpeg\" alt=\"Bruno Ribeiro\" width=\"640\" height=\"427\" class=\"size-large wp-image-2643\" srcset=\"https:\/\/blogs.gazetaesportiva.com\/automobilismo\/files\/2025\/08\/WhatsApp-Image-2025-08-26-at-09.48.28-1024x683.jpeg 1024w, https:\/\/blogs.gazetaesportiva.com\/automobilismo\/files\/2025\/08\/WhatsApp-Image-2025-08-26-at-09.48.28-300x200.jpeg 300w, https:\/\/blogs.gazetaesportiva.com\/automobilismo\/files\/2025\/08\/WhatsApp-Image-2025-08-26-at-09.48.28-768x512.jpeg 768w, https:\/\/blogs.gazetaesportiva.com\/automobilismo\/files\/2025\/08\/WhatsApp-Image-2025-08-26-at-09.48.28.jpeg 1080w\" sizes=\"auto, (max-width: 640px) 100vw, 640px\" \/><figcaption id=\"caption-attachment-2643\" class=\"wp-caption-text\">Foto: Gavin Baker<\/figcaption><\/figure>\n<p>O \u00fanico brasileiro do grid faz sua primeira temporada na categoria ap\u00f3s disputar em 2024 a USF Juniors, categoria de entrada para pilotos que visam alcan\u00e7ar a Indy. Neste ano, Bruno faz uma campanha em que acumula tr\u00eas vit\u00f3rias e 11 p\u00f3dios, incluindo uma sequ\u00eancia de seis corridas chegando no top-3. Com esse desempenho, o dono do carro n\u00famero 01 lidera o campeonato com 11 pontos de vantagem para o segundo colocado.<\/p>\n<p>\u201cN\u00f3s temos neste final de semana uma etapa no Canad\u00e1, em Mosport. V\u00e3o ser tr\u00eas corridas em um circuito em que eu nunca andei. Fiz muitos treinos no simulador e gostei bastante do circuito, ent\u00e3o estou bastante confiante. Estou na lideran\u00e7a de uma temporada muito disputada, ent\u00e3o vamos lutar para seguir assim at\u00e9 o final\u201d, diz Bruno Ribeiro.<\/p>\n<p>A F\u00f3rmula Regional Am\u00e9ricas \u00e9 o equivalente ao campeonato da FRECA, disputada na Europa, no continente americano. H\u00e1 ainda outros torneios que levam o nome de F\u00f3rmula Regional, como o do Oriente M\u00e9dio, que tem suas provas nos Emirados \u00c1rabes Unidos e no Kuwait, e da Oceania, com corridas na Nova Zel\u00e2ndia, ambas as competi\u00e7\u00f5es disputadas no in\u00edcio do ano.<\/p>\n<p>A programa\u00e7\u00e3o da etapa de Mosport ter\u00e1 sua programa\u00e7\u00e3o aberta na sexta-feira, enquanto as corridas ser\u00e3o distribu\u00eddas entre s\u00e1bado e domingo. O YouTube mostra a etapa ao vivo.<\/p>\n","protected":false},"excerpt":{"rendered":"<p>L\u00edder do campeonato da F\u00f3rmula Regional Am\u00e9ricas e uma das revela\u00e7\u00f5es do automobilismo brasileiro atuando nos Estados Unidos, Bruno Ribeiro tem mais um desafio na <a class=\"read-more\" href=\"https:\/\/blogs.gazetaesportiva.com\/automobilismo\/2025\/08\/26\/bruno-ribeiro-lidera-formula-regional-americas-e-tenta-ampliar-vantagem-no-canada\/\">leia mais<\/a><\/p>\n","protected":false},"author":75,"featured_media":2643,"comment_status":"open","ping_status":"open","sticky":false,"template":"","format":"standard","meta":{"jetpack_post_was_ever_published":false,"_jetpack_newsletter_access":"","_jetpack_dont_email_post_to_subs":false,"_jetpack_newsletter_tier_id":0,"_jetpack_memberships_contains_paywalled_content":false,"_jetpack_memberships_contains_paid_content":false,"footnotes":"","jetpack_publicize_message":"","jetpack_publicize_feature_enabled":true,"jetpack_social_post_already_shared":false,"jetpack_social_options":{"image_generator_settings":{"template":"highway","default_image_id":0,"font":"","enabled":false},"version":2}},"categories":[1],"tags":[],"class_list":["post-2642","post","type-post","status-publish","format-standard","has-post-thumbnail","hentry","category-sem-categoria"],"jetpack_publicize_connections":[],"jetpack_featured_media_url":"https:\/\/blogs.gazetaesportiva.com\/automobilismo\/files\/2025\/08\/WhatsApp-Image-2025-08-26-at-09.48.28.jpeg","jetpack_sharing_enabled":true,"jetpack_shortlink":"https:\/\/wp.me\/pblv91-GC","_links":{"self":[{"href":"https:\/\/blogs.gazetaesportiva.com\/automobilismo\/wp-json\/wp\/v2\/posts\/2642","targetHints":{"allow":["GET"]}}],"collection":[{"href":"https:\/\/blogs.gazetaesportiva.com\/automobilismo\/wp-json\/wp\/v2\/posts"}],"about":[{"href":"https:\/\/blogs.gazetaesportiva.com\/automobilismo\/wp-json\/wp\/v2\/types\/post"}],"author":[{"embeddable":true,"href":"https:\/\/blogs.gazetaesportiva.com\/automobilismo\/wp-json\/wp\/v2\/users\/75"}],"replies":[{"embeddable":true,"href":"https:\/\/blogs.gazetaesportiva.com\/automobilismo\/wp-json\/wp\/v2\/comments?post=2642"}],"version-history":[{"count":0,"href":"https:\/\/blogs.gazetaesportiva.com\/automobilismo\/wp-json\/wp\/v2\/posts\/2642\/revisions"}],"wp:featuredmedia":[{"embeddable":true,"href":"https:\/\/blogs.gazetaesportiva.com\/automobilismo\/wp-json\/wp\/v2\/media\/2643"}],"wp:attachment":[{"href":"https:\/\/blogs.gazetaesportiva.com\/automobilismo\/wp-json\/wp\/v2\/media?parent=2642"}],"wp:term":[{"taxonomy":"category","embeddable":true,"href":"https:\/\/blogs.gazetaesportiva.com\/automobilismo\/wp-json\/wp\/v2\/categories?post=2642"},{"taxonomy":"post_tag","embeddable":true,"href":"https:\/\/blogs.gazetaesportiva.com\/automobilismo\/wp-json\/wp\/v2\/tags?post=2642"}],"curies":[{"name":"wp","href":"https:\/\/api.w.org\/{rel}","templated":true}]}}