{"id":2640,"date":"2025-08-25T17:45:24","date_gmt":"2025-08-25T17:45:24","guid":{"rendered":"https:\/\/blogs.gazetaesportiva.com\/automobilismo\/?p=2640"},"modified":"2025-08-25T17:47:29","modified_gmt":"2025-08-25T17:47:29","slug":"francisco-rocha-segue-a-preparacao-para-o-brasileiro-de-kart-apos-disputas-no-maranhao","status":"publish","type":"post","link":"https:\/\/blogs.gazetaesportiva.com\/automobilismo\/2025\/08\/25\/francisco-rocha-segue-a-preparacao-para-o-brasileiro-de-kart-apos-disputas-no-maranhao\/","title":{"rendered":"Francisco Rocha segue a prepara\u00e7\u00e3o para o Brasileiro de Kart ap\u00f3s disputas no Maranh\u00e3o"},"content":{"rendered":"<figure id=\"attachment_2641\" aria-describedby=\"caption-attachment-2641\" style=\"width: 1024px\" class=\"wp-caption alignnone\"><img loading=\"lazy\" decoding=\"async\" class=\"size-full wp-image-2641\" src=\"https:\/\/blogs.gazetaesportiva.com\/automobilismo\/files\/2025\/08\/456149_1168406_imagem_do_whatsapp_de_2025_08_21_A__s__19.19.20_aa525466_web_.jpg\" alt=\"\" width=\"1024\" height=\"683\" srcset=\"https:\/\/blogs.gazetaesportiva.com\/automobilismo\/files\/2025\/08\/456149_1168406_imagem_do_whatsapp_de_2025_08_21_A__s__19.19.20_aa525466_web_.jpg 1024w, https:\/\/blogs.gazetaesportiva.com\/automobilismo\/files\/2025\/08\/456149_1168406_imagem_do_whatsapp_de_2025_08_21_A__s__19.19.20_aa525466_web_-300x200.jpg 300w, https:\/\/blogs.gazetaesportiva.com\/automobilismo\/files\/2025\/08\/456149_1168406_imagem_do_whatsapp_de_2025_08_21_A__s__19.19.20_aa525466_web_-768x512.jpg 768w\" sizes=\"auto, (max-width: 1024px) 100vw, 1024px\" \/><figcaption id=\"caption-attachment-2641\" class=\"wp-caption-text\">Foto: Fabio Oliveira\/ CBA<\/figcaption><\/figure>\n<p>Focado para a disputa do 60\u00ba Campeonato Brasileiro de Kart, o piloto Francisco Rocha (Equipes: Car Racing, CRG Brasil\/ Coaches: Alberto Cattucci, L\u00e9o Reis, Rafael Reis, Olin Galli)\u00a0 j\u00e1 est\u00e1 a caminho de Santa Catarina, ap\u00f3s as disputas da final da 2\u00aa Regional Cup Brasil, na pista do Kart\u00f3dromo Internacional de Imperatriz, no Maranh\u00e3o. O paulista encerra mais uma etapa importante da temporada com o foco voltado para os pr\u00f3ximos desafios.<\/p>\n<p>Mesmo com a vaga assegurada na final da 2\u00aa Regional Cup Brasil, Rocha iniciou a semana vencendo a 5\u00aa Classificat\u00f3ria na pista maranhense, demonstrando consist\u00eancia e determina\u00e7\u00e3o para manter o ritmo competitivo. A vit\u00f3ria na classificat\u00f3ria serviu como um bom aquecimento para as disputas decisivas do fim de semana.<\/p>\n<p>Na programa\u00e7\u00e3o da final, o piloto paulista conseguiu um lugar na segunda fila para a largada da primeira bateria classificat\u00f3ria, posicionando-se estrategicamente entre os primeiros colocados. Com dois terceiros lugares nas baterias, Francisco se posicionou na mesma coloca\u00e7\u00e3o neste domingo (24) para as disputas da Super Classificat\u00f3ria e Final.<\/p>\n<p>Durante a Super Classificat\u00f3ria, Rocha ficou em quarto lugar, quando sua equipe percebeu que o pneu sorteado para ele estava com problemas t\u00e9cnicos. O contratempo acabou comprometendo o desempenho do kartista em um momento crucial da competi\u00e7\u00e3o.<\/p>\n<p>Na disputa da final, com pneus novos, Francisco Rocha foi mostrando a que veio, assumindo a terceira coloca\u00e7\u00e3o na largada e brigando para conquistar o segundo posto. No entanto, na tentativa de ultrapassagem acabou envolvido em um incidente com um advers\u00e1rio, sendo obrigado a abandonar a prova.<\/p>\n<p>&#8220;Mesmo n\u00e3o conseguindo essa vaga para na Regional Cup, Gra\u00e7as a Deus, vou ter a oportunidade de disputar o Mundial na It\u00e1lia, com a CRG Brasil. S\u00f3 tenho a agradecer a todos os envolvidos nessa semana que passou. Infelizmente, na pista, mesmo eu sendo mais r\u00e1pidos, acabou tendo um toque de corrida em mim e outro piloto. Faz parte e vamos pra pr\u00f3xima&#8221;, comentou Francisco Rocha.<\/p>\n<p>Saindo diretamente de Imperatriz, Francisco Rocha embarca para Santa Catarina, onde disputa neste fim de semana a 4\u00aa etapa da Copa Beto Carrero, no Balne\u00e1rio de Penha. A mudan\u00e7a de cen\u00e1rio representa uma nova oportunidade para o piloto.<\/p>\n<p>A pista do Balne\u00e1rio de Penha ser\u00e1 a sede do 60\u00ba Campeonato Brasileiro de Kart, com as finais da categoria OKN J\u00fanior marcadas para o dia 22 de novembro. Por isso, a etapa catarinense desta semana servir\u00e1 como uma prepara\u00e7\u00e3o fundamental para a competi\u00e7\u00e3o nacional, permitindo que Francisco Rocha tenha mais experi\u00eancia com as caracter\u00edsticas do tra\u00e7ado que decidir\u00e1 o t\u00edtulo brasileiro.<\/p>\n","protected":false},"excerpt":{"rendered":"<p>Focado para a disputa do 60\u00ba Campeonato Brasileiro de Kart, o piloto Francisco Rocha (Equipes: Car Racing, CRG Brasil\/ Coaches: Alberto Cattucci, L\u00e9o Reis, Rafael <a class=\"read-more\" href=\"https:\/\/blogs.gazetaesportiva.com\/automobilismo\/2025\/08\/25\/francisco-rocha-segue-a-preparacao-para-o-brasileiro-de-kart-apos-disputas-no-maranhao\/\">leia mais<\/a><\/p>\n","protected":false},"author":75,"featured_media":2641,"comment_status":"open","ping_status":"open","sticky":false,"template":"","format":"standard","meta":{"jetpack_post_was_ever_published":false,"_jetpack_newsletter_access":"","_jetpack_dont_email_post_to_subs":false,"_jetpack_newsletter_tier_id":0,"_jetpack_memberships_contains_paywalled_content":false,"_jetpack_memberships_contains_paid_content":false,"footnotes":"","jetpack_publicize_message":"","jetpack_publicize_feature_enabled":true,"jetpack_social_post_already_shared":false,"jetpack_social_options":{"image_generator_settings":{"template":"highway","default_image_id":0,"font":"","enabled":false},"version":2}},"categories":[1],"tags":[],"class_list":["post-2640","post","type-post","status-publish","format-standard","has-post-thumbnail","hentry","category-sem-categoria"],"jetpack_publicize_connections":[],"jetpack_featured_media_url":"https:\/\/blogs.gazetaesportiva.com\/automobilismo\/files\/2025\/08\/456149_1168406_imagem_do_whatsapp_de_2025_08_21_A__s__19.19.20_aa525466_web_.jpg","jetpack_sharing_enabled":true,"jetpack_shortlink":"https:\/\/wp.me\/pblv91-GA","_links":{"self":[{"href":"https:\/\/blogs.gazetaesportiva.com\/automobilismo\/wp-json\/wp\/v2\/posts\/2640","targetHints":{"allow":["GET"]}}],"collection":[{"href":"https:\/\/blogs.gazetaesportiva.com\/automobilismo\/wp-json\/wp\/v2\/posts"}],"about":[{"href":"https:\/\/blogs.gazetaesportiva.com\/automobilismo\/wp-json\/wp\/v2\/types\/post"}],"author":[{"embeddable":true,"href":"https:\/\/blogs.gazetaesportiva.com\/automobilismo\/wp-json\/wp\/v2\/users\/75"}],"replies":[{"embeddable":true,"href":"https:\/\/blogs.gazetaesportiva.com\/automobilismo\/wp-json\/wp\/v2\/comments?post=2640"}],"version-history":[{"count":0,"href":"https:\/\/blogs.gazetaesportiva.com\/automobilismo\/wp-json\/wp\/v2\/posts\/2640\/revisions"}],"wp:featuredmedia":[{"embeddable":true,"href":"https:\/\/blogs.gazetaesportiva.com\/automobilismo\/wp-json\/wp\/v2\/media\/2641"}],"wp:attachment":[{"href":"https:\/\/blogs.gazetaesportiva.com\/automobilismo\/wp-json\/wp\/v2\/media?parent=2640"}],"wp:term":[{"taxonomy":"category","embeddable":true,"href":"https:\/\/blogs.gazetaesportiva.com\/automobilismo\/wp-json\/wp\/v2\/categories?post=2640"},{"taxonomy":"post_tag","embeddable":true,"href":"https:\/\/blogs.gazetaesportiva.com\/automobilismo\/wp-json\/wp\/v2\/tags?post=2640"}],"curies":[{"name":"wp","href":"https:\/\/api.w.org\/{rel}","templated":true}]}}