{"id":2637,"date":"2025-08-25T17:17:16","date_gmt":"2025-08-25T17:17:16","guid":{"rendered":"https:\/\/blogs.gazetaesportiva.com\/automobilismo\/?p=2637"},"modified":"2025-08-25T17:17:16","modified_gmt":"2025-08-25T17:17:16","slug":"nascar-brasil-tito-giaffone-faz-balanco-positivo-ao-fechar-campeonato-brasileiro-no-top-5","status":"publish","type":"post","link":"https:\/\/blogs.gazetaesportiva.com\/automobilismo\/2025\/08\/25\/nascar-brasil-tito-giaffone-faz-balanco-positivo-ao-fechar-campeonato-brasileiro-no-top-5\/","title":{"rendered":"NASCAR Brasil: Tito Giaffone faz balan\u00e7o positivo ao fechar Campeonato Brasileiro no top-5"},"content":{"rendered":"<p><img loading=\"lazy\" decoding=\"async\" class=\"alignnone size-large wp-image-2638\" src=\"https:\/\/blogs.gazetaesportiva.com\/automobilismo\/files\/2025\/08\/Tito-Giaffone-no-podio-da-NASCAR-681x1024.jpg\" alt=\"\" width=\"640\" height=\"962\" srcset=\"https:\/\/blogs.gazetaesportiva.com\/automobilismo\/files\/2025\/08\/Tito-Giaffone-no-podio-da-NASCAR-681x1024.jpg 681w, https:\/\/blogs.gazetaesportiva.com\/automobilismo\/files\/2025\/08\/Tito-Giaffone-no-podio-da-NASCAR-200x300.jpg 200w, https:\/\/blogs.gazetaesportiva.com\/automobilismo\/files\/2025\/08\/Tito-Giaffone-no-podio-da-NASCAR-768x1154.jpg 768w, https:\/\/blogs.gazetaesportiva.com\/automobilismo\/files\/2025\/08\/Tito-Giaffone-no-podio-da-NASCAR-1022x1536.jpg 1022w, https:\/\/blogs.gazetaesportiva.com\/automobilismo\/files\/2025\/08\/Tito-Giaffone-no-podio-da-NASCAR-1363x2048.jpg 1363w, https:\/\/blogs.gazetaesportiva.com\/automobilismo\/files\/2025\/08\/Tito-Giaffone-no-podio-da-NASCAR.jpg 1500w\" sizes=\"auto, (max-width: 640px) 100vw, 640px\" \/><\/p>\n<p>Jovem revela\u00e7\u00e3o da NASCAR Brasil, Tito Giaffone finalizou o Campeonato Brasileiro no top-5 da classe Challenge. Ap\u00f3s subir no p\u00f3dio com o segundo lugar no \u00faltimo s\u00e1bado, no Aut\u00f3dromo Velocitta, Tito foi o s\u00e9timo colocado na prova deste domingo e viu com bons olhos o crescimento que demonstrou ao longo das seis etapas disputadas neste ano.<\/p>\n<p>&#8220;Eu acho que foi um campeonato muito produtivo. N\u00f3s conseguimos o que a gente estava mais procurando que era a minha evolu\u00e7\u00e3o e crescemos muito durante esse ano inteiro. Eu me dediquei muito, eu tentei de tudo para conseguir aprender, absorver o m\u00e1ximo de informa\u00e7\u00e3o que eu recebia de todo mundo, ainda mais do Rubinho (Barrichello) e do Thiago Camilo que est\u00e3o na minha equipe. Isso foi uma oportunidade que eu n\u00e3o teria em nenhum outro lugar. Ent\u00e3o eu fiquei contente com o resultado\u201d, conclui Tito, que tem patroc\u00ednio de PPG.<\/p>\n<p><img loading=\"lazy\" decoding=\"async\" class=\"alignnone size-large wp-image-2639\" src=\"https:\/\/blogs.gazetaesportiva.com\/automobilismo\/files\/2025\/08\/Tito-Giaffone-na-NASCAR-Brasil-no-Velocitta-1024x683.jpg\" alt=\"\" width=\"640\" height=\"427\" srcset=\"https:\/\/blogs.gazetaesportiva.com\/automobilismo\/files\/2025\/08\/Tito-Giaffone-na-NASCAR-Brasil-no-Velocitta-1024x683.jpg 1024w, https:\/\/blogs.gazetaesportiva.com\/automobilismo\/files\/2025\/08\/Tito-Giaffone-na-NASCAR-Brasil-no-Velocitta-300x200.jpg 300w, https:\/\/blogs.gazetaesportiva.com\/automobilismo\/files\/2025\/08\/Tito-Giaffone-na-NASCAR-Brasil-no-Velocitta-768x512.jpg 768w, https:\/\/blogs.gazetaesportiva.com\/automobilismo\/files\/2025\/08\/Tito-Giaffone-na-NASCAR-Brasil-no-Velocitta.jpg 1200w\" sizes=\"auto, (max-width: 640px) 100vw, 640px\" \/><\/p>\n<p>Tito finalizou o Campeonato Brasileiro em quinto lugar com 156 pontos somados, al\u00e9m de cinco p\u00f3dios conquistados em seis etapas disputadas. O piloto da Full Time Sports tamb\u00e9m participar\u00e1 das \u00faltimas tr\u00eas etapas da temporada na Special Edition, buscando bons resultados tamb\u00e9m para a competi\u00e7\u00e3o overall.<\/p>\n<p>\u201cN\u00f3s sabemos que alguns pilotos que ficaram na minha frente e at\u00e9 outros que terminaram atr\u00e1s de mim t\u00eam mais experi\u00eancia que eu no carro, por isso fico satisfeito com esse meu campeonato. \u00c9 claro que como qualquer piloto a gente sempre quer estar no topo, sempre quer ganhar corrida e vencer campeonato, s\u00f3 que tamb\u00e9m \u00e9 necess\u00e1rio dar um passo de cada vez, ent\u00e3o eu fiquei contente. Ainda temos tr\u00eas etapas da Special Edition pela frente, ent\u00e3o eu espero poder evoluir ainda mais\u201d, conclui Tito.<\/p>\n<p>A abertura da Special Edition da NASCAR Brasil ser\u00e1 realizada no circuito oval de Curvelo (MG), nos dias 20 e 21 de setembro.<\/p>\n<p>&nbsp;<\/p>\n","protected":false},"excerpt":{"rendered":"<p>Jovem revela\u00e7\u00e3o da NASCAR Brasil, Tito Giaffone finalizou o Campeonato Brasileiro no top-5 da classe Challenge. Ap\u00f3s subir no p\u00f3dio com o segundo lugar no <a class=\"read-more\" href=\"https:\/\/blogs.gazetaesportiva.com\/automobilismo\/2025\/08\/25\/nascar-brasil-tito-giaffone-faz-balanco-positivo-ao-fechar-campeonato-brasileiro-no-top-5\/\">leia mais<\/a><\/p>\n","protected":false},"author":75,"featured_media":2638,"comment_status":"open","ping_status":"open","sticky":false,"template":"","format":"standard","meta":{"jetpack_post_was_ever_published":false,"_jetpack_newsletter_access":"","_jetpack_dont_email_post_to_subs":false,"_jetpack_newsletter_tier_id":0,"_jetpack_memberships_contains_paywalled_content":false,"_jetpack_memberships_contains_paid_content":false,"footnotes":"","jetpack_publicize_message":"","jetpack_publicize_feature_enabled":true,"jetpack_social_post_already_shared":false,"jetpack_social_options":{"image_generator_settings":{"template":"highway","default_image_id":0,"font":"","enabled":false},"version":2}},"categories":[1],"tags":[],"class_list":["post-2637","post","type-post","status-publish","format-standard","has-post-thumbnail","hentry","category-sem-categoria"],"jetpack_publicize_connections":[],"jetpack_featured_media_url":"https:\/\/blogs.gazetaesportiva.com\/automobilismo\/files\/2025\/08\/Tito-Giaffone-no-podio-da-NASCAR.jpg","jetpack_sharing_enabled":true,"jetpack_shortlink":"https:\/\/wp.me\/pblv91-Gx","_links":{"self":[{"href":"https:\/\/blogs.gazetaesportiva.com\/automobilismo\/wp-json\/wp\/v2\/posts\/2637","targetHints":{"allow":["GET"]}}],"collection":[{"href":"https:\/\/blogs.gazetaesportiva.com\/automobilismo\/wp-json\/wp\/v2\/posts"}],"about":[{"href":"https:\/\/blogs.gazetaesportiva.com\/automobilismo\/wp-json\/wp\/v2\/types\/post"}],"author":[{"embeddable":true,"href":"https:\/\/blogs.gazetaesportiva.com\/automobilismo\/wp-json\/wp\/v2\/users\/75"}],"replies":[{"embeddable":true,"href":"https:\/\/blogs.gazetaesportiva.com\/automobilismo\/wp-json\/wp\/v2\/comments?post=2637"}],"version-history":[{"count":0,"href":"https:\/\/blogs.gazetaesportiva.com\/automobilismo\/wp-json\/wp\/v2\/posts\/2637\/revisions"}],"wp:featuredmedia":[{"embeddable":true,"href":"https:\/\/blogs.gazetaesportiva.com\/automobilismo\/wp-json\/wp\/v2\/media\/2638"}],"wp:attachment":[{"href":"https:\/\/blogs.gazetaesportiva.com\/automobilismo\/wp-json\/wp\/v2\/media?parent=2637"}],"wp:term":[{"taxonomy":"category","embeddable":true,"href":"https:\/\/blogs.gazetaesportiva.com\/automobilismo\/wp-json\/wp\/v2\/categories?post=2637"},{"taxonomy":"post_tag","embeddable":true,"href":"https:\/\/blogs.gazetaesportiva.com\/automobilismo\/wp-json\/wp\/v2\/tags?post=2637"}],"curies":[{"name":"wp","href":"https:\/\/api.w.org\/{rel}","templated":true}]}}