{"id":2635,"date":"2025-08-25T13:11:45","date_gmt":"2025-08-25T13:11:45","guid":{"rendered":"https:\/\/blogs.gazetaesportiva.com\/automobilismo\/?p=2635"},"modified":"2025-08-25T13:11:45","modified_gmt":"2025-08-25T13:11:45","slug":"momento-velocidade-traz-entrevista-com-rafael-reis-na-tv-gazeta","status":"publish","type":"post","link":"https:\/\/blogs.gazetaesportiva.com\/automobilismo\/2025\/08\/25\/momento-velocidade-traz-entrevista-com-rafael-reis-na-tv-gazeta\/","title":{"rendered":"Momento Velocidade traz entrevista com Rafael Reis na TV Gazeta"},"content":{"rendered":"<p>O Momento Velocidade deste domingo exibiu uma entrevista especial com o jovem talento Rafael Reis, que faz sua estreia na Stock Car com a equipe Car Racing e apoio do Bradesco.<\/p>\n<figure id=\"attachment_2476\" aria-describedby=\"caption-attachment-2476\" style=\"width: 640px\" class=\"wp-caption alignnone\"><img loading=\"lazy\" decoding=\"async\" src=\"https:\/\/blogs.gazetaesportiva.com\/automobilismo\/files\/2025\/06\/452795_1156099_20250606_828_stock3_velopark_rodrigoruiz_03189-1024x683.jpg\" alt=\"Rafael Reis\" width=\"640\" height=\"427\" class=\"size-large wp-image-2476\" srcset=\"https:\/\/blogs.gazetaesportiva.com\/automobilismo\/files\/2025\/06\/452795_1156099_20250606_828_stock3_velopark_rodrigoruiz_03189-1024x683.jpg 1024w, https:\/\/blogs.gazetaesportiva.com\/automobilismo\/files\/2025\/06\/452795_1156099_20250606_828_stock3_velopark_rodrigoruiz_03189-300x200.jpg 300w, https:\/\/blogs.gazetaesportiva.com\/automobilismo\/files\/2025\/06\/452795_1156099_20250606_828_stock3_velopark_rodrigoruiz_03189-768x512.jpg 768w, https:\/\/blogs.gazetaesportiva.com\/automobilismo\/files\/2025\/06\/452795_1156099_20250606_828_stock3_velopark_rodrigoruiz_03189-1536x1025.jpg 1536w, https:\/\/blogs.gazetaesportiva.com\/automobilismo\/files\/2025\/06\/452795_1156099_20250606_828_stock3_velopark_rodrigoruiz_03189-2048x1366.jpg 2048w\" sizes=\"auto, (max-width: 640px) 100vw, 640px\" \/><figcaption id=\"caption-attachment-2476\" class=\"wp-caption-text\">Foto: Rodrigo Aguiar Ruiz\/RR Media<\/figcaption><\/figure>\n<p>Campe\u00e3o no kart e nas categorias de base como Copa HB20 e Nascar Brasil, o piloto tem chamado aten\u00e7\u00e3o por sua r\u00e1pida adapta\u00e7\u00e3o ao carro da principal categoria do automobilismo brasileiro. Confira a \u00edntegra da entrevista para o Momento Velocidade<\/p>\n<p><iframe loading=\"lazy\" title=\"Tem estreia na \u00e1rea | Momento Velocidade | Gazeta Motors\" width=\"640\" height=\"360\" src=\"https:\/\/www.youtube.com\/embed\/vduUlcGDoy8?feature=oembed\" frameborder=\"0\" allow=\"accelerometer; autoplay; clipboard-write; encrypted-media; gyroscope; picture-in-picture; web-share\" referrerpolicy=\"strict-origin-when-cross-origin\" allowfullscreen><\/iframe><\/p>\n","protected":false},"excerpt":{"rendered":"<p>O Momento Velocidade deste domingo exibiu uma entrevista especial com o jovem talento Rafael Reis, que faz sua estreia na Stock Car com a equipe <a class=\"read-more\" href=\"https:\/\/blogs.gazetaesportiva.com\/automobilismo\/2025\/08\/25\/momento-velocidade-traz-entrevista-com-rafael-reis-na-tv-gazeta\/\">leia mais<\/a><\/p>\n","protected":false},"author":75,"featured_media":2476,"comment_status":"open","ping_status":"open","sticky":false,"template":"","format":"standard","meta":{"jetpack_post_was_ever_published":false,"_jetpack_newsletter_access":"","_jetpack_dont_email_post_to_subs":false,"_jetpack_newsletter_tier_id":0,"_jetpack_memberships_contains_paywalled_content":false,"_jetpack_memberships_contains_paid_content":false,"footnotes":"","jetpack_publicize_message":"","jetpack_publicize_feature_enabled":true,"jetpack_social_post_already_shared":false,"jetpack_social_options":{"image_generator_settings":{"template":"highway","default_image_id":0,"font":"","enabled":false},"version":2}},"categories":[1],"tags":[],"class_list":["post-2635","post","type-post","status-publish","format-standard","has-post-thumbnail","hentry","category-sem-categoria"],"jetpack_publicize_connections":[],"jetpack_featured_media_url":"https:\/\/blogs.gazetaesportiva.com\/automobilismo\/files\/2025\/06\/452795_1156099_20250606_828_stock3_velopark_rodrigoruiz_03189-scaled.jpg","jetpack_sharing_enabled":true,"jetpack_shortlink":"https:\/\/wp.me\/pblv91-Gv","_links":{"self":[{"href":"https:\/\/blogs.gazetaesportiva.com\/automobilismo\/wp-json\/wp\/v2\/posts\/2635","targetHints":{"allow":["GET"]}}],"collection":[{"href":"https:\/\/blogs.gazetaesportiva.com\/automobilismo\/wp-json\/wp\/v2\/posts"}],"about":[{"href":"https:\/\/blogs.gazetaesportiva.com\/automobilismo\/wp-json\/wp\/v2\/types\/post"}],"author":[{"embeddable":true,"href":"https:\/\/blogs.gazetaesportiva.com\/automobilismo\/wp-json\/wp\/v2\/users\/75"}],"replies":[{"embeddable":true,"href":"https:\/\/blogs.gazetaesportiva.com\/automobilismo\/wp-json\/wp\/v2\/comments?post=2635"}],"version-history":[{"count":0,"href":"https:\/\/blogs.gazetaesportiva.com\/automobilismo\/wp-json\/wp\/v2\/posts\/2635\/revisions"}],"wp:featuredmedia":[{"embeddable":true,"href":"https:\/\/blogs.gazetaesportiva.com\/automobilismo\/wp-json\/wp\/v2\/media\/2476"}],"wp:attachment":[{"href":"https:\/\/blogs.gazetaesportiva.com\/automobilismo\/wp-json\/wp\/v2\/media?parent=2635"}],"wp:term":[{"taxonomy":"category","embeddable":true,"href":"https:\/\/blogs.gazetaesportiva.com\/automobilismo\/wp-json\/wp\/v2\/categories?post=2635"},{"taxonomy":"post_tag","embeddable":true,"href":"https:\/\/blogs.gazetaesportiva.com\/automobilismo\/wp-json\/wp\/v2\/tags?post=2635"}],"curies":[{"name":"wp","href":"https:\/\/api.w.org\/{rel}","templated":true}]}}