{"id":2604,"date":"2025-08-13T13:19:04","date_gmt":"2025-08-13T13:19:04","guid":{"rendered":"https:\/\/blogs.gazetaesportiva.com\/automobilismo\/?p=2604"},"modified":"2025-08-13T13:19:04","modified_gmt":"2025-08-13T13:19:04","slug":"francisco-rocha-retorna-a-interlagos-para-a-setima-etapa-da-copa-sao-paulo-light-de-kart","status":"publish","type":"post","link":"https:\/\/blogs.gazetaesportiva.com\/automobilismo\/2025\/08\/13\/francisco-rocha-retorna-a-interlagos-para-a-setima-etapa-da-copa-sao-paulo-light-de-kart\/","title":{"rendered":"Francisco Rocha retorna a Interlagos para a s\u00e9tima etapa da Copa S\u00e3o Paulo Light de Kart"},"content":{"rendered":"<p>Muita \u00e1gua rolou por baixo da ponte desde a \u00faltima vez que o paulista Francisco Rocha (Equipes: CRG Brasil, Car Racing \/ Coaches: Olin Galli, Alberto Cattucci, L\u00e9o Reis, Rafael Reis) disputou a quinta etapa da Copa S\u00e3o Paulo Light de Kart. Ap\u00f3s uma longa aus\u00eancia da pista do Kart\u00f3dromo Ayrton Senna, o piloto vai disputar a competi\u00e7\u00e3o estadual mais tradicional do kartismo brasileiro.<\/p>\n<figure id=\"attachment_2605\" aria-describedby=\"caption-attachment-2605\" style=\"width: 640px\" class=\"wp-caption alignnone\"><img loading=\"lazy\" decoding=\"async\" class=\"size-large wp-image-2605\" src=\"https:\/\/blogs.gazetaesportiva.com\/automobilismo\/files\/2025\/08\/455615_1166285_zark5035-1024x683.jpg\" alt=\"Francisco Rocha\" width=\"640\" height=\"427\" srcset=\"https:\/\/blogs.gazetaesportiva.com\/automobilismo\/files\/2025\/08\/455615_1166285_zark5035-1024x683.jpg 1024w, https:\/\/blogs.gazetaesportiva.com\/automobilismo\/files\/2025\/08\/455615_1166285_zark5035-300x200.jpg 300w, https:\/\/blogs.gazetaesportiva.com\/automobilismo\/files\/2025\/08\/455615_1166285_zark5035-768x512.jpg 768w, https:\/\/blogs.gazetaesportiva.com\/automobilismo\/files\/2025\/08\/455615_1166285_zark5035-1536x1024.jpg 1536w, https:\/\/blogs.gazetaesportiva.com\/automobilismo\/files\/2025\/08\/455615_1166285_zark5035-2048x1365.jpg 2048w\" sizes=\"auto, (max-width: 640px) 100vw, 640px\" \/><figcaption id=\"caption-attachment-2605\" class=\"wp-caption-text\">Foto: DarkSide Karts<\/figcaption><\/figure>\n<p>No entanto, antes mesmo da etapa do Paulista Light, Francisco embarcou novamente para a It\u00e1lia, onde est\u00e1 fazendo treinos de prepara\u00e7\u00e3o, de olho no Campeonato Mundial de Kart OKN J\u00fanior, que ser\u00e1 em Cremona, de 25 a 28 de Setembro.<\/p>\n<p>&#8220;Tenho tido muitos compromissos nestes meses, mas tudo bem pensado e programado para n\u00e3o perder nenhuma competi\u00e7\u00e3o no Brasil. Tem sido muito importante estes treinos, aqui em Cremona, para que a gente chegue bem no Mundial&#8221;, disse Francisco ao final de mais um treino na Europa.<\/p>\n<p>O piloto paulista retorna ao Brasil, nesta quinta-feira (14) e s\u00f3 deve iniciar a prepara\u00e7\u00e3o para o Light, na sexta. Ap\u00f3s desembarcar em S\u00e3o Paulo, Rocha vai reencontrar o tra\u00e7ado paulistano para a s\u00e9tima etapa da Copa S\u00e3o Paulo Light, na categoria OKN J\u00fanior. O retorno marca um momento especial na temporada do piloto, que tem demonstrado consist\u00eancia e velocidade ao longo do Paulista Light.<\/p>\n<p>A \u00faltima participa\u00e7\u00e3o de Francisco em Interlagos aconteceu em 14 de junho, na quinta etapa do ano, quando conseguiu conquistar o terceiro lugar no p\u00f3dio de sua categoria, a OKN Junior Rookie. Uma prova que mostrou o potencial do piloto e sua capacidade de brigar entre os primeiros colocados.<\/p>\n<p>&#8220;Foram dois meses sem correr em Interlagos. A gente fez um treino na semana passada com a equipe CRG, junto com o Olin Galli, meu coach, al\u00e9m destes treinos aqui na It\u00e1lia, mas tive muitos compromissos de l\u00e1 pra c\u00e1&#8221;, comentou Francisco Rocha.<\/p>\n<p>Competi\u00e7\u00f5es n\u00e3o faltaram, como citou Rocha, que manteve um cronograma intenso de provas nacionais e internacionais. Uma sequ\u00eancia que teve o Sul-Brasileiro de Kart em Nova Santa Rita, no Rio Grande do Sul, se manteve na briga pela lideran\u00e7a da Copa S\u00e3o Paulo KGV.<\/p>\n<p>Depois embarcou para a It\u00e1lia onde participou das etapas da WSK Euro Series e uma etapa do Campeonato Italiano de Kart, estas provas em Cremona. Na volta ao Brasil, desembarcou em Aracaju, em Sergipe, para a 26\u00aa Copa Brasil de Kart e s\u00f3 depois aproveitou uma semana de f\u00e9rias merecidas, antes de retornar para a Europa.<\/p>\n<p>&#8220;Tem sido uma maratona de provas e treinos nestes dois meses, mas consegui descansar antes dos treinos com a equipe CRG e aqui na It\u00e1lia&#8221;, comentou o piloto sobre a intensa agenda de compromisso.<\/p>\n<p>Francisco est\u00e1 atualmente em quinto lugar na classifica\u00e7\u00e3o da OKN J\u00fanior na Copa S\u00e3o Paulo Light, com 39 pontos, j\u00e1 descontando o descarte da sexta etapa, quando esteve ausente.<\/p>\n<p>Para esta s\u00e9tima etapa, o objetivo \u00e9 voltar ao p\u00f3dio da categoria OKN J\u00fanior, j\u00e1 que nas cinco etapas que disputou at\u00e9 agora, Francisco conseguiu subir em algum dos degraus do p\u00f3dio em quatro oportunidades, comprovando sua velocidade, regularidade e consist\u00eancia na pista paulista.<\/p>\n<p>Chegando na pista de Interlagos na sexta-feira (15), o piloto do kart n\u00famero 408 ter\u00e1 apenas os treinos livres do dia para se preparar para a classifica\u00e7\u00e3o em seguida, \u00e0s 13h05. As largadas desta s\u00e9tima etapa est\u00e3o previstas para s\u00e1bado (16), com a bandeira verde para a categoria OKN J\u00fanior pela manh\u00e3. Todas as provas ter\u00e3o transmiss\u00e3o ao vivo atrav\u00e9s da FAtv Sport, no YouTube.<\/p>\n","protected":false},"excerpt":{"rendered":"<p>Muita \u00e1gua rolou por baixo da ponte desde a \u00faltima vez que o paulista Francisco Rocha (Equipes: CRG Brasil, Car Racing \/ Coaches: Olin Galli, <a class=\"read-more\" href=\"https:\/\/blogs.gazetaesportiva.com\/automobilismo\/2025\/08\/13\/francisco-rocha-retorna-a-interlagos-para-a-setima-etapa-da-copa-sao-paulo-light-de-kart\/\">leia mais<\/a><\/p>\n","protected":false},"author":75,"featured_media":2605,"comment_status":"open","ping_status":"open","sticky":false,"template":"","format":"standard","meta":{"jetpack_post_was_ever_published":false,"_jetpack_newsletter_access":"","_jetpack_dont_email_post_to_subs":false,"_jetpack_newsletter_tier_id":0,"_jetpack_memberships_contains_paywalled_content":false,"_jetpack_memberships_contains_paid_content":false,"footnotes":"","jetpack_publicize_message":"","jetpack_publicize_feature_enabled":true,"jetpack_social_post_already_shared":false,"jetpack_social_options":{"image_generator_settings":{"template":"highway","default_image_id":0,"font":"","enabled":false},"version":2}},"categories":[1],"tags":[],"class_list":["post-2604","post","type-post","status-publish","format-standard","has-post-thumbnail","hentry","category-sem-categoria"],"jetpack_publicize_connections":[],"jetpack_featured_media_url":"https:\/\/blogs.gazetaesportiva.com\/automobilismo\/files\/2025\/08\/455615_1166285_zark5035-scaled.jpg","jetpack_sharing_enabled":true,"jetpack_shortlink":"https:\/\/wp.me\/pblv91-G0","_links":{"self":[{"href":"https:\/\/blogs.gazetaesportiva.com\/automobilismo\/wp-json\/wp\/v2\/posts\/2604","targetHints":{"allow":["GET"]}}],"collection":[{"href":"https:\/\/blogs.gazetaesportiva.com\/automobilismo\/wp-json\/wp\/v2\/posts"}],"about":[{"href":"https:\/\/blogs.gazetaesportiva.com\/automobilismo\/wp-json\/wp\/v2\/types\/post"}],"author":[{"embeddable":true,"href":"https:\/\/blogs.gazetaesportiva.com\/automobilismo\/wp-json\/wp\/v2\/users\/75"}],"replies":[{"embeddable":true,"href":"https:\/\/blogs.gazetaesportiva.com\/automobilismo\/wp-json\/wp\/v2\/comments?post=2604"}],"version-history":[{"count":0,"href":"https:\/\/blogs.gazetaesportiva.com\/automobilismo\/wp-json\/wp\/v2\/posts\/2604\/revisions"}],"wp:featuredmedia":[{"embeddable":true,"href":"https:\/\/blogs.gazetaesportiva.com\/automobilismo\/wp-json\/wp\/v2\/media\/2605"}],"wp:attachment":[{"href":"https:\/\/blogs.gazetaesportiva.com\/automobilismo\/wp-json\/wp\/v2\/media?parent=2604"}],"wp:term":[{"taxonomy":"category","embeddable":true,"href":"https:\/\/blogs.gazetaesportiva.com\/automobilismo\/wp-json\/wp\/v2\/categories?post=2604"},{"taxonomy":"post_tag","embeddable":true,"href":"https:\/\/blogs.gazetaesportiva.com\/automobilismo\/wp-json\/wp\/v2\/tags?post=2604"}],"curies":[{"name":"wp","href":"https:\/\/api.w.org\/{rel}","templated":true}]}}