{"id":2602,"date":"2025-08-13T13:08:48","date_gmt":"2025-08-13T13:08:48","guid":{"rendered":"https:\/\/blogs.gazetaesportiva.com\/automobilismo\/?p=2602"},"modified":"2025-08-13T13:08:48","modified_gmt":"2025-08-13T13:08:48","slug":"vice-lider-entre-as-equipes-da-stock-car-car-racing-encara-desafio-inedito-em-curvelo","status":"publish","type":"post","link":"https:\/\/blogs.gazetaesportiva.com\/automobilismo\/2025\/08\/13\/vice-lider-entre-as-equipes-da-stock-car-car-racing-encara-desafio-inedito-em-curvelo\/","title":{"rendered":"Vice-l\u00edder entre as equipes da Stock Car, Car Racing encara desafio in\u00e9dito em Curvelo"},"content":{"rendered":"<figure id=\"attachment_2603\" aria-describedby=\"caption-attachment-2603\" style=\"width: 640px\" class=\"wp-caption alignnone\"><img loading=\"lazy\" decoding=\"async\" class=\"size-large wp-image-2603\" src=\"https:\/\/blogs.gazetaesportiva.com\/automobilismo\/files\/2025\/08\/Zezinho-e-Rafa-Reis-no-Velocitta-1024x683.jpg\" alt=\"\" width=\"640\" height=\"427\" srcset=\"https:\/\/blogs.gazetaesportiva.com\/automobilismo\/files\/2025\/08\/Zezinho-e-Rafa-Reis-no-Velocitta-1024x683.jpg 1024w, https:\/\/blogs.gazetaesportiva.com\/automobilismo\/files\/2025\/08\/Zezinho-e-Rafa-Reis-no-Velocitta-300x200.jpg 300w, https:\/\/blogs.gazetaesportiva.com\/automobilismo\/files\/2025\/08\/Zezinho-e-Rafa-Reis-no-Velocitta-768x513.jpg 768w, https:\/\/blogs.gazetaesportiva.com\/automobilismo\/files\/2025\/08\/Zezinho-e-Rafa-Reis-no-Velocitta.jpg 1500w\" sizes=\"auto, (max-width: 640px) 100vw, 640px\" \/><figcaption id=\"caption-attachment-2603\" class=\"wp-caption-text\">Zezinho Muggiati e Rafa Reis &#8211; Foto: Rodrigo Ruiz<\/figcaption><\/figure>\n<p style=\"text-align: justify;\">Equipe mais nova do grid da Stock Car e atual vice-l\u00edder do campeonato, a Car Racing encara neste final de semana mais um desafio in\u00e9dito em seu ano de estreia. Isso porque a quinta etapa do campeonato ser\u00e1 disputada no Circuito dos Cristais, aut\u00f3dromo localizado em Curvelo (MG) e que volta a receber uma etapa da principal categoria do esporte a motor brasileiro ap\u00f3s oito temporadas.<\/p>\n<p style=\"text-align: justify;\">Com um time de pilotos que tem a menor m\u00e9dia de idade do grid, a Car Racing espera uma r\u00e1pida adapta\u00e7\u00e3o ao circuito de 3.330 metros para poder brigar por vit\u00f3rias e p\u00f3dios no interior mineiro. Quarto colocado na classifica\u00e7\u00e3o do campeonato, Felipe Baptista trabalhou no simulador nas \u00faltimas semanas e se mostra bastante animado para conhecer o circuito de Curvelo.<\/p>\n<p style=\"text-align: justify;\">\u201cEstou extremamente animado, a pista \u00e9 muito legal pelo que a gente vem andando no simulador. \u00c9 extremamente desafiadora, mas estou bem animado para ter a oportunidade de entrar no carro e guiar. \u00c9 um circuito novo com esse carro, um circuito in\u00e9dito para mim, ent\u00e3o vamos ver como \u00e9 que a gente vai se sair. A expectativa \u00e9 boa e espero que a gente consiga trazer um bom resultado para todo o time\u201d, disse Felipe.<\/p>\n<figure id=\"attachment_2559\" aria-describedby=\"caption-attachment-2559\" style=\"width: 640px\" class=\"wp-caption alignnone\"><img loading=\"lazy\" decoding=\"async\" class=\"size-large wp-image-2559\" src=\"https:\/\/blogs.gazetaesportiva.com\/automobilismo\/files\/2025\/07\/20250720_836_Stock4_Velocitta_RodrigoRuiz_15848-1024x683.jpg\" alt=\"\" width=\"640\" height=\"427\" srcset=\"https:\/\/blogs.gazetaesportiva.com\/automobilismo\/files\/2025\/07\/20250720_836_Stock4_Velocitta_RodrigoRuiz_15848-1024x683.jpg 1024w, https:\/\/blogs.gazetaesportiva.com\/automobilismo\/files\/2025\/07\/20250720_836_Stock4_Velocitta_RodrigoRuiz_15848-300x200.jpg 300w, https:\/\/blogs.gazetaesportiva.com\/automobilismo\/files\/2025\/07\/20250720_836_Stock4_Velocitta_RodrigoRuiz_15848-768x512.jpg 768w, https:\/\/blogs.gazetaesportiva.com\/automobilismo\/files\/2025\/07\/20250720_836_Stock4_Velocitta_RodrigoRuiz_15848-1536x1025.jpg 1536w, https:\/\/blogs.gazetaesportiva.com\/automobilismo\/files\/2025\/07\/20250720_836_Stock4_Velocitta_RodrigoRuiz_15848-2048x1366.jpg 2048w\" sizes=\"auto, (max-width: 640px) 100vw, 640px\" \/><figcaption id=\"caption-attachment-2559\" class=\"wp-caption-text\">Felipe Baptista &#8211; Foto: Rodrigo Ruiz<\/figcaption><\/figure>\n<p style=\"text-align: justify;\">Vencedor da etapa de Cascavel e dentro do top-10 do campeonato ap\u00f3s quatro etapas, Gianluca Petecof espera brigar pelas primeiras posi\u00e7\u00f5es novamente no interior mineiro. Para isso, o piloto da Shell tamb\u00e9m fez um trabalho em simulador e viu a equipe trabalhar em seu carro para mostrar o mesmo desempenho do triunfo no oeste paranaense.<\/p>\n<p style=\"text-align: justify;\">\u201cCurvelo \u00e9 um circuito em que eu jamais andei na minha carreira, mas fiz um trabalho em simulador nas \u00faltimas semanas para poder pelo menos conhecer o circuito. A gente vem de uma etapa desafiadora no Velocitta e a equipe trabalhou no carro desde ent\u00e3o para que a gente possa ser mais competitivo a partir deste final de semana\u201d, disse Gianluca.<\/p>\n<figure id=\"attachment_2531\" aria-describedby=\"caption-attachment-2531\" style=\"width: 640px\" class=\"wp-caption alignnone\"><img loading=\"lazy\" decoding=\"async\" class=\"size-large wp-image-2531\" src=\"https:\/\/blogs.gazetaesportiva.com\/automobilismo\/files\/2025\/07\/Gianluca-na-Stock-Car-Velopark-1024x683.jpg\" alt=\"\" width=\"640\" height=\"427\" srcset=\"https:\/\/blogs.gazetaesportiva.com\/automobilismo\/files\/2025\/07\/Gianluca-na-Stock-Car-Velopark-1024x683.jpg 1024w, https:\/\/blogs.gazetaesportiva.com\/automobilismo\/files\/2025\/07\/Gianluca-na-Stock-Car-Velopark-300x200.jpg 300w, https:\/\/blogs.gazetaesportiva.com\/automobilismo\/files\/2025\/07\/Gianluca-na-Stock-Car-Velopark-768x513.jpg 768w, https:\/\/blogs.gazetaesportiva.com\/automobilismo\/files\/2025\/07\/Gianluca-na-Stock-Car-Velopark.jpg 1500w\" sizes=\"auto, (max-width: 640px) 100vw, 640px\" \/><figcaption id=\"caption-attachment-2531\" class=\"wp-caption-text\">Gianluca Petecof &#8211; Foto: Rodrigo Ruiz<\/figcaption><\/figure>\n<p style=\"text-align: justify;\">Zezinho Muggiati \u00e9 outro que nunca participou de uma etapa em Curvelo em qualquer categoria. Assim como seus companheiros de equipe, o piloto trabalhou no simulador, e admite usar os treinos extras de quinta e de sexta-feira para poder se adaptar ao tra\u00e7ado para ter condi\u00e7\u00f5es de lutar no pelot\u00e3o da frente no final de semana.<\/p>\n<p style=\"text-align: justify;\">\u201cRealmente \u00e9 tudo muito novo para mim. Nunca fui em Curvelo e ser\u00e1 um desafio entender toda a din\u00e2mica da pista. Tenho utilizado muito o simulador e me pareceu uma pista muito t\u00e9cnica. Quero aproveitar o treino de quinta-feira e os treinos extras na sexta-feira para aprender e evoluir\u201d, comenta Muggiati.<\/p>\n<p style=\"text-align: justify;\">Em seu ano de estreia na Stock Car, Rafael Reis \u00e9 mais um que jamais andou no circuito de 3.330 metros de Curvelo. O piloto acredita, por\u00e9m, que o fato de o circuito n\u00e3o estar no calend\u00e1rio da categoria costumeiramente poder\u00e1 ser positivo para ele, j\u00e1 que boa parte dos pilotos nunca andou na pista do interior mineiro.<\/p>\n<figure id=\"attachment_2530\" aria-describedby=\"caption-attachment-2530\" style=\"width: 640px\" class=\"wp-caption alignnone\"><img loading=\"lazy\" decoding=\"async\" class=\"size-large wp-image-2530\" src=\"https:\/\/blogs.gazetaesportiva.com\/automobilismo\/files\/2025\/07\/Rafa-Reis-no-Velopark-Stock-Car-2025-1024x683.jpg\" alt=\"\" width=\"640\" height=\"427\" srcset=\"https:\/\/blogs.gazetaesportiva.com\/automobilismo\/files\/2025\/07\/Rafa-Reis-no-Velopark-Stock-Car-2025-1024x683.jpg 1024w, https:\/\/blogs.gazetaesportiva.com\/automobilismo\/files\/2025\/07\/Rafa-Reis-no-Velopark-Stock-Car-2025-300x200.jpg 300w, https:\/\/blogs.gazetaesportiva.com\/automobilismo\/files\/2025\/07\/Rafa-Reis-no-Velopark-Stock-Car-2025-768x513.jpg 768w, https:\/\/blogs.gazetaesportiva.com\/automobilismo\/files\/2025\/07\/Rafa-Reis-no-Velopark-Stock-Car-2025.jpg 1500w\" sizes=\"auto, (max-width: 640px) 100vw, 640px\" \/><figcaption id=\"caption-attachment-2530\" class=\"wp-caption-text\">Rafael Reis &#8211; Foto: Rodrigo Ruiz<\/figcaption><\/figure>\n<p style=\"text-align: justify;\">\u201cVai ser mais um desafio in\u00e9dito para mim dentro da Stock Car. Ainda n\u00e3o conhe\u00e7o a pista, ent\u00e3o estou usando bastante o meu simulador para aprender bem o tra\u00e7ado. Estou bem empolgado, acho que o fator de ser uma novidade para outros pilotos tamb\u00e9m me ajuda, por ser um estreante e tamb\u00e9m estar conhecendo o carro novo, ent\u00e3o vamos ver o que nos espera\u201d, disse Reis.<\/p>\n<p style=\"text-align: justify;\">As atividades da Stock Car em Curvelo ser\u00e3o iniciadas na quinta-feira com treinos extras. A programa\u00e7\u00e3o segue na sexta-feira com mais treinos e o s\u00e1bado contar\u00e1 com a classifica\u00e7\u00e3o e a Sprint, a partir das 14h40. A corrida principal est\u00e1 marcada para 12h10 de domingo, com transmiss\u00e3o de Band, Sportv e YouTube.<\/p>\n<p style=\"text-align: justify;\">\n","protected":false},"excerpt":{"rendered":"<p>Equipe mais nova do grid da Stock Car e atual vice-l\u00edder do campeonato, a Car Racing encara neste final de semana mais um desafio in\u00e9dito <a class=\"read-more\" href=\"https:\/\/blogs.gazetaesportiva.com\/automobilismo\/2025\/08\/13\/vice-lider-entre-as-equipes-da-stock-car-car-racing-encara-desafio-inedito-em-curvelo\/\">leia mais<\/a><\/p>\n","protected":false},"author":75,"featured_media":2603,"comment_status":"open","ping_status":"open","sticky":false,"template":"","format":"standard","meta":{"jetpack_post_was_ever_published":false,"_jetpack_newsletter_access":"","_jetpack_dont_email_post_to_subs":false,"_jetpack_newsletter_tier_id":0,"_jetpack_memberships_contains_paywalled_content":false,"_jetpack_memberships_contains_paid_content":false,"footnotes":"","jetpack_publicize_message":"","jetpack_publicize_feature_enabled":true,"jetpack_social_post_already_shared":false,"jetpack_social_options":{"image_generator_settings":{"template":"highway","default_image_id":0,"font":"","enabled":false},"version":2}},"categories":[1],"tags":[],"class_list":["post-2602","post","type-post","status-publish","format-standard","has-post-thumbnail","hentry","category-sem-categoria"],"jetpack_publicize_connections":[],"jetpack_featured_media_url":"https:\/\/blogs.gazetaesportiva.com\/automobilismo\/files\/2025\/08\/Zezinho-e-Rafa-Reis-no-Velocitta.jpg","jetpack_sharing_enabled":true,"jetpack_shortlink":"https:\/\/wp.me\/pblv91-FY","_links":{"self":[{"href":"https:\/\/blogs.gazetaesportiva.com\/automobilismo\/wp-json\/wp\/v2\/posts\/2602","targetHints":{"allow":["GET"]}}],"collection":[{"href":"https:\/\/blogs.gazetaesportiva.com\/automobilismo\/wp-json\/wp\/v2\/posts"}],"about":[{"href":"https:\/\/blogs.gazetaesportiva.com\/automobilismo\/wp-json\/wp\/v2\/types\/post"}],"author":[{"embeddable":true,"href":"https:\/\/blogs.gazetaesportiva.com\/automobilismo\/wp-json\/wp\/v2\/users\/75"}],"replies":[{"embeddable":true,"href":"https:\/\/blogs.gazetaesportiva.com\/automobilismo\/wp-json\/wp\/v2\/comments?post=2602"}],"version-history":[{"count":0,"href":"https:\/\/blogs.gazetaesportiva.com\/automobilismo\/wp-json\/wp\/v2\/posts\/2602\/revisions"}],"wp:featuredmedia":[{"embeddable":true,"href":"https:\/\/blogs.gazetaesportiva.com\/automobilismo\/wp-json\/wp\/v2\/media\/2603"}],"wp:attachment":[{"href":"https:\/\/blogs.gazetaesportiva.com\/automobilismo\/wp-json\/wp\/v2\/media?parent=2602"}],"wp:term":[{"taxonomy":"category","embeddable":true,"href":"https:\/\/blogs.gazetaesportiva.com\/automobilismo\/wp-json\/wp\/v2\/categories?post=2602"},{"taxonomy":"post_tag","embeddable":true,"href":"https:\/\/blogs.gazetaesportiva.com\/automobilismo\/wp-json\/wp\/v2\/tags?post=2602"}],"curies":[{"name":"wp","href":"https:\/\/api.w.org\/{rel}","templated":true}]}}