{"id":2598,"date":"2025-08-12T12:29:03","date_gmt":"2025-08-12T12:29:03","guid":{"rendered":"https:\/\/blogs.gazetaesportiva.com\/automobilismo\/?p=2598"},"modified":"2025-08-12T12:29:03","modified_gmt":"2025-08-12T12:29:03","slug":"stock-car-felipe-baptista-estreia-em-curvelo-embalado-por-pole-e-podio-na-etapa-passada-com-a-car-racing","status":"publish","type":"post","link":"https:\/\/blogs.gazetaesportiva.com\/automobilismo\/2025\/08\/12\/stock-car-felipe-baptista-estreia-em-curvelo-embalado-por-pole-e-podio-na-etapa-passada-com-a-car-racing\/","title":{"rendered":"Stock Car: Felipe Baptista estreia em Curvelo embalado por pole e p\u00f3dio na etapa passada com a Car Racing"},"content":{"rendered":"<figure id=\"attachment_2599\" aria-describedby=\"caption-attachment-2599\" style=\"width: 640px\" class=\"wp-caption alignnone\"><img loading=\"lazy\" decoding=\"async\" class=\"size-large wp-image-2599\" src=\"https:\/\/blogs.gazetaesportiva.com\/automobilismo\/files\/2025\/08\/Felipe-Baptista-Stock-Car-Velocitta-2025-1024x683.jpg\" alt=\"\" width=\"640\" height=\"427\" srcset=\"https:\/\/blogs.gazetaesportiva.com\/automobilismo\/files\/2025\/08\/Felipe-Baptista-Stock-Car-Velocitta-2025-1024x683.jpg 1024w, https:\/\/blogs.gazetaesportiva.com\/automobilismo\/files\/2025\/08\/Felipe-Baptista-Stock-Car-Velocitta-2025-300x200.jpg 300w, https:\/\/blogs.gazetaesportiva.com\/automobilismo\/files\/2025\/08\/Felipe-Baptista-Stock-Car-Velocitta-2025-768x513.jpg 768w, https:\/\/blogs.gazetaesportiva.com\/automobilismo\/files\/2025\/08\/Felipe-Baptista-Stock-Car-Velocitta-2025.jpg 1500w\" sizes=\"auto, (max-width: 640px) 100vw, 640px\" \/><figcaption id=\"caption-attachment-2599\" class=\"wp-caption-text\">Felipe Baptista no p\u00f3dio do Velocitta &#8211; Foto: Rodrigo Ruiz<\/figcaption><\/figure>\n<p style=\"text-align: justify;\">A temporada 2025 da Stock Car tem sequ\u00eancia neste final de semana com a disputa da quinta etapa, marcada para o Circuito dos Cristais, em Curvelo (MG). Ser\u00e1 a primeira vez que Felipe Baptista, jovem talento que leva as cores do banco BV em seu carro, correr\u00e1 no aut\u00f3dromo localizado no interior mineiro, e o piloto busca manter os bons resultados no campeonato.<\/p>\n<p style=\"text-align: justify;\">O piloto do carro n\u00famero 121 ocupa a quarta coloca\u00e7\u00e3o na tabela de classifica\u00e7\u00e3o com 236 pontos, e vem de um p\u00f3dio na \u00faltima etapa, disputada no Velocitta, onde tamb\u00e9m garantiu a pole position na corrida principal. Baptista ainda conta com tr\u00eas chegadas entre os cinco melhores e cinco top-10 em sete corridas disputadas na atual temporada.<\/p>\n<p style=\"text-align: justify;\">\u201cEstou contente com tudo o que a gente vem conseguindo no ano. A velocidade est\u00e1 presente e tanto a equipe quanto eu temos conseguido brigar por vit\u00f3rias. Ainda temos um caminho longo pela frente para seguir brigando por vit\u00f3rias e pelo t\u00edtulo, mas estou muito feliz pelo sucesso da nossa parceria com a equipe Car Racing e com o banco BV. Vamos dar o nosso melhor na pista tamb\u00e9m para entregar os melhores resultados a eles\u201d, diz Felipe Baptista, que tem o patroc\u00ednio do banco BV.<\/p>\n<p style=\"text-align: justify;\">\u201cO desempenho do Felipe ao longo deste in\u00edcio de temporada reflete o compromisso e a consist\u00eancia que valorizamos no banco BV. Estar ao lado de um piloto que mant\u00e9m resultados s\u00f3lidos ao longo da temporada \u00e9 motivo de orgulho para a gente e estamos confiantes de que ele seguir\u00e1 representando nossos valores a cada corrida\u201d, afirma Tiago Soares, gerente executivo de Marketing e ESG do banco BV.<\/p>\n<p style=\"text-align: justify;\">O Circuito dos Cristais possui um tra\u00e7ado de 3.330 metros, 16 curvas e sentido anti-hor\u00e1rio. A \u00faltima vez que a principal categoria do automobilismo brasileiro acelerou na pista mineira foi em 2017.<\/p>\n<p style=\"text-align: justify;\">Os treinos da Stock Car em Curvelo ser\u00e3o iniciados na quinta-feira com a sess\u00e3o extra. A programa\u00e7\u00e3o segue na sexta-feira com mais treinos e o s\u00e1bado contar\u00e1 com a classifica\u00e7\u00e3o e a Sprint, a partir das 14h40. A corrida principal est\u00e1 marcada para 12h10 de domingo, com transmiss\u00e3o de Band, Sportv e YouTube.<\/p>\n<p style=\"text-align: justify;\"><strong>N\u00fameros de Felipe Baptista na Stock Car:<\/strong><\/p>\n<p style=\"text-align: justify;\">4 vit\u00f3rias<br \/>\n10 p\u00f3dios<br \/>\n14 top-5<br \/>\n35 top-10<br \/>\n3 poles positions<\/p>\n<p style=\"text-align: justify;\"><strong>N\u00fameros de Felipe Baptista em 2025 (quatro etapas disputadas):<\/strong><\/p>\n<p style=\"text-align: justify;\">1 p\u00f3dio<br \/>\n1 pole position<br \/>\n3 top-5<br \/>\n5 top-10<\/p>\n<p style=\"text-align: justify;\"><strong>Classifica\u00e7\u00e3o do campeonato ap\u00f3s quatro etapas:<\/strong><\/p>\n<p style=\"text-align: justify;\">1\u00ba Gaetano Di Mauro, 294 pontos<br \/>\n2\u00ba Guilherme Salas, 252<br \/>\n3\u00ba Felipe Fraga, 244<br \/>\n4\u00ba Felipe Baptista, 236<br \/>\n5\u00ba Arthur Leist, 220<br \/>\n6\u00ba Nelson Piquet Jr., 216<br \/>\n7\u00ba Cesar Ramos, 212<br \/>\n8\u00ba Enzo Elias, 206<br \/>\n9\u00ba Gianluca Petecof, 194<br \/>\n10\u00ba Rubens Barrichello, 179<br \/>\n11\u00ba Allam Khodair, 176<br \/>\n12\u00ba Julio Campos, 163<br \/>\n13\u00ba Lucas Foresti, 155<br \/>\n14\u00ba Rafael Suzuki, 151<br \/>\n15\u00ba Thiago Camilo, 151<br \/>\n16\u00ba Daniel Serra, 145<br \/>\n17\u00ba Cac\u00e1 Bueno, 145<br \/>\n18\u00ba Jo\u00e3o Paulo de Oliveira, 135<br \/>\n19\u00ba Ricardo Maur\u00edcio, 132<br \/>\n20\u00ba Gabriel Casagrande, 130<br \/>\n21\u00ba Denis Navarro, 112<br \/>\n22\u00ba Zezinho Muggiati, 106<br \/>\n23\u00ba Ricardo Zonta, 95<br \/>\n24\u00ba Lucas Kohl, 91<br \/>\n25\u00ba \u00c1tila Abreu, 80<br \/>\n26\u00ba Vicente Orige, 76<br \/>\n27\u00ba Arthur Gama, 75<br \/>\n28\u00ba Rafael Reis, 68<br \/>\n29\u00ba Felipe Massa, 63<br \/>\n30\u00ba Bruno Baptista, 36<br \/>\n31\u00ba Helio Castroneves, 31<\/p>\n","protected":false},"excerpt":{"rendered":"<p>A temporada 2025 da Stock Car tem sequ\u00eancia neste final de semana com a disputa da quinta etapa, marcada para o Circuito dos Cristais, em <a class=\"read-more\" href=\"https:\/\/blogs.gazetaesportiva.com\/automobilismo\/2025\/08\/12\/stock-car-felipe-baptista-estreia-em-curvelo-embalado-por-pole-e-podio-na-etapa-passada-com-a-car-racing\/\">leia mais<\/a><\/p>\n","protected":false},"author":75,"featured_media":2599,"comment_status":"open","ping_status":"open","sticky":false,"template":"","format":"standard","meta":{"jetpack_post_was_ever_published":false,"_jetpack_newsletter_access":"","_jetpack_dont_email_post_to_subs":false,"_jetpack_newsletter_tier_id":0,"_jetpack_memberships_contains_paywalled_content":false,"_jetpack_memberships_contains_paid_content":false,"footnotes":"","jetpack_publicize_message":"","jetpack_publicize_feature_enabled":true,"jetpack_social_post_already_shared":false,"jetpack_social_options":{"image_generator_settings":{"template":"highway","default_image_id":0,"font":"","enabled":false},"version":2}},"categories":[1],"tags":[],"class_list":["post-2598","post","type-post","status-publish","format-standard","has-post-thumbnail","hentry","category-sem-categoria"],"jetpack_publicize_connections":[],"jetpack_featured_media_url":"https:\/\/blogs.gazetaesportiva.com\/automobilismo\/files\/2025\/08\/Felipe-Baptista-Stock-Car-Velocitta-2025.jpg","jetpack_sharing_enabled":true,"jetpack_shortlink":"https:\/\/wp.me\/pblv91-FU","_links":{"self":[{"href":"https:\/\/blogs.gazetaesportiva.com\/automobilismo\/wp-json\/wp\/v2\/posts\/2598","targetHints":{"allow":["GET"]}}],"collection":[{"href":"https:\/\/blogs.gazetaesportiva.com\/automobilismo\/wp-json\/wp\/v2\/posts"}],"about":[{"href":"https:\/\/blogs.gazetaesportiva.com\/automobilismo\/wp-json\/wp\/v2\/types\/post"}],"author":[{"embeddable":true,"href":"https:\/\/blogs.gazetaesportiva.com\/automobilismo\/wp-json\/wp\/v2\/users\/75"}],"replies":[{"embeddable":true,"href":"https:\/\/blogs.gazetaesportiva.com\/automobilismo\/wp-json\/wp\/v2\/comments?post=2598"}],"version-history":[{"count":0,"href":"https:\/\/blogs.gazetaesportiva.com\/automobilismo\/wp-json\/wp\/v2\/posts\/2598\/revisions"}],"wp:featuredmedia":[{"embeddable":true,"href":"https:\/\/blogs.gazetaesportiva.com\/automobilismo\/wp-json\/wp\/v2\/media\/2599"}],"wp:attachment":[{"href":"https:\/\/blogs.gazetaesportiva.com\/automobilismo\/wp-json\/wp\/v2\/media?parent=2598"}],"wp:term":[{"taxonomy":"category","embeddable":true,"href":"https:\/\/blogs.gazetaesportiva.com\/automobilismo\/wp-json\/wp\/v2\/categories?post=2598"},{"taxonomy":"post_tag","embeddable":true,"href":"https:\/\/blogs.gazetaesportiva.com\/automobilismo\/wp-json\/wp\/v2\/tags?post=2598"}],"curies":[{"name":"wp","href":"https:\/\/api.w.org\/{rel}","templated":true}]}}