{"id":2373,"date":"2025-04-29T17:54:23","date_gmt":"2025-04-29T17:54:23","guid":{"rendered":"https:\/\/blogs.gazetaesportiva.com\/automobilismo\/?p=2373"},"modified":"2025-05-07T17:56:41","modified_gmt":"2025-05-07T17:56:41","slug":"20a-edicao-do-ayrton-senna-racing-day-celebra-legado-do-tricampeao-com-corrida-em-interlagos-e-atracoes-para-fas-de-todas-as-geracoes","status":"publish","type":"post","link":"https:\/\/blogs.gazetaesportiva.com\/automobilismo\/2025\/04\/29\/20a-edicao-do-ayrton-senna-racing-day-celebra-legado-do-tricampeao-com-corrida-em-interlagos-e-atracoes-para-fas-de-todas-as-geracoes\/","title":{"rendered":"20\u00aa edi\u00e7\u00e3o do Ayrton Senna Racing Day celebra legado do tricampe\u00e3o com corrida em Interlagos e atra\u00e7\u00f5es para f\u00e3s de todas as gera\u00e7\u00f5es"},"content":{"rendered":"<figure id=\"attachment_2374\" aria-describedby=\"caption-attachment-2374\" style=\"width: 640px\" class=\"wp-caption alignnone\"><img loading=\"lazy\" decoding=\"async\" class=\"size-large wp-image-2374\" src=\"https:\/\/blogs.gazetaesportiva.com\/automobilismo\/files\/2025\/05\/451037_1149808_asrd2_divulgaA_AGBPo_senna_brands-1024x681.jpg\" alt=\"\" width=\"640\" height=\"426\" srcset=\"https:\/\/blogs.gazetaesportiva.com\/automobilismo\/files\/2025\/05\/451037_1149808_asrd2_divulgaA_AGBPo_senna_brands-1024x681.jpg 1024w, https:\/\/blogs.gazetaesportiva.com\/automobilismo\/files\/2025\/05\/451037_1149808_asrd2_divulgaA_AGBPo_senna_brands-300x200.jpg 300w, https:\/\/blogs.gazetaesportiva.com\/automobilismo\/files\/2025\/05\/451037_1149808_asrd2_divulgaA_AGBPo_senna_brands-768x511.jpg 768w, https:\/\/blogs.gazetaesportiva.com\/automobilismo\/files\/2025\/05\/451037_1149808_asrd2_divulgaA_AGBPo_senna_brands-1536x1022.jpg 1536w, https:\/\/blogs.gazetaesportiva.com\/automobilismo\/files\/2025\/05\/451037_1149808_asrd2_divulgaA_AGBPo_senna_brands-2048x1363.jpg 2048w\" sizes=\"auto, (max-width: 640px) 100vw, 640px\" \/><figcaption id=\"caption-attachment-2374\" class=\"wp-caption-text\">Corredores em Interlagos &#8211; Foto: Divulga\u00e7\u00e3o\/Senna Brands<\/figcaption><\/figure>\n<p style=\"text-align: justify;\"><span style=\"font-weight: 400;\">O principal evento em tributo a Ayrton Senna no dia 1\u00ba de maio chega \u00e0 sua 20\u00aa edi\u00e7\u00e3o consolidado como uma das maiores celebra\u00e7\u00f5es ao legado do piloto no mundo. O\u00a0<\/span><em><span style=\"font-weight: 400;\">Ayrton Senna Racing Day<\/span><\/em><span style=\"font-weight: 400;\">\u00a0retorna ao Aut\u00f3dromo de Interlagos, em S\u00e3o Paulo, reunindo 11 mil corredores de todas as regi\u00f5es do pa\u00eds e oferecendo uma programa\u00e7\u00e3o especial que combina esporte, mem\u00f3ria e experi\u00eancias imersivas para o p\u00fablico.<\/span><span style=\"font-weight: 400;\"><br \/>\n<\/span><span style=\"font-weight: 400;\"><br \/>\n<\/span><span style=\"font-weight: 400;\">O evento contar\u00e1 com uma programa\u00e7\u00e3o variada ao longo do dia, incluindo corrida kids, homenagens, exposi\u00e7\u00f5es, lojas oficiais com produtos da marca Senna e uma s\u00e9rie de ativa\u00e7\u00f5es de marcas parceiras.\u00a0<\/span><\/p>\n<p style=\"text-align: justify;\"><span style=\"font-weight: 400;\">\u201cO esporte, especialmente a corrida de rua, tem forte conex\u00e3o com a marca Senna, porque trazemos em nosso DNA os valores do Ayrton para inspirar as pessoas a superarem seus limites e a serem a melhor vers\u00e3o de si mesmas em todos os aspectos da vida. Realizar o Ayrton Senna Racing Day em 1\u00ba de maio \u00e9 uma maneira de celebrar a vida de Ayrton, e alcan\u00e7ar a marca de 20 edi\u00e7\u00f5es com recorde de p\u00fablico mostra como ele continua presente influenciando positivamente a sociedade\u201d, afirma Bianca Senna, CEO da Senna Brands e sobrinha do piloto.<\/span><\/p>\n<p style=\"text-align: justify;\"><span style=\"font-weight: 400;\">O interesse pela hist\u00f3ria de Ayrton Senna entre as gera\u00e7\u00f5es que n\u00e3o viu o piloto correr contribuiu para mudar o perfil do p\u00fablico presente no evento. O n\u00famero de participantes em 2025 com 30 anos de idade ou menos \u00e9 quatro vezes maior na compara\u00e7\u00e3o com a edi\u00e7\u00e3o do ano passado. E as mulheres representam a maioria das inscri\u00e7\u00f5es (52%).\u00a0<\/span><\/p>\n<p style=\"text-align: justify;\"><span style=\"font-weight: 400;\">Neste ano, o formato da corrida tamb\u00e9m traz mudan\u00e7as, com o percurso sendo definido pelo total de voltas completas no tra\u00e7ado oficial do aut\u00f3dromo, ao inv\u00e9s da dist\u00e2ncia em quil\u00f4metros. A primeira largada acontece \u00e0s 6h, com um trajeto de uma volta (4.1km). J\u00e1 \u00e0s 7h30, ocorre a largada simult\u00e2nea dos percurso de duas (8.3 Km) e tr\u00eas voltas (12.5Km).<\/span><\/p>\n<p style=\"text-align: justify;\"><span style=\"font-weight: 400;\">A Senninha Racing Day tamb\u00e9m ganha espa\u00e7o em Interlagos, com uma corrida de obst\u00e1culos para crian\u00e7as de 2 a 12 anos com a tem\u00e1tica do Senninha, personagem infantil lan\u00e7ado pelo pr\u00f3prio Ayrton Senna para transmitir para as novas gera\u00e7\u00f5es valores positivos e mensagens ambientais e de respeito ao pr\u00f3ximo. A corrida kids acontece em um espa\u00e7o coberto do aut\u00f3dromo, e ter\u00e1 a presen\u00e7a dos personagens Senninha e Bec\u00e3o.<\/span><\/p>\n<p style=\"text-align: justify;\"><strong>Acervo in\u00e9dito e imers\u00e3o na trajet\u00f3ria do piloto<\/strong><\/p>\n<p style=\"text-align: justify;\"><span style=\"font-weight: 400;\">Muito al\u00e9m da corrida, a 20\u00aa edi\u00e7\u00e3o do Ayrton Senna Racing Day oferece aos participantes uma imers\u00e3o emocionante na trajet\u00f3ria de um dos maiores \u00eddolos do esporte mundial. Uma exposi\u00e7\u00e3o com 29 itens pessoais e de corrida de Ayrton Senna \u2014 incluindo pe\u00e7as in\u00e9ditas cedidas pela fam\u00edlia do piloto \u2014 ser\u00e1 realizada em um espa\u00e7o montado nos boxes do Aut\u00f3dromo de Interlagos.<\/span><\/p>\n<p style=\"text-align: justify;\"><span style=\"font-weight: 400;\">O acervo inclui rel\u00edquias como macac\u00f5es, capacetes e trof\u00e9us de corrida, com marcos importantes da carreira de Ayrton, desde os primeiros passos no kart, passando pela F\u00f3rmula Ford e F\u00f3rmula 3, at\u00e9 a consagra\u00e7\u00e3o na F\u00f3rmula 1.\u00a0<\/span><\/p>\n<p style=\"text-align: justify;\"><span style=\"font-weight: 400;\">O p\u00fablico ver\u00e1 de perto pela primeira vez a faixa original exibida pela sele\u00e7\u00e3o brasileira na final da Copa do Mundo de 1994, com a emblem\u00e1tica mensagem \u201cSenna, aceleramos juntos, o Tetra \u00e9 nosso\u201d, doada oficialmente para o acervo da fam\u00edlia por ex-jogadores que estar\u00e3o presentes no evento. Outro destaque \u00e9 o su\u00e9ter usado por Senna ao dar o pontap\u00e9 inicial de um amistoso de futebol em Paris, \u00e0s v\u00e9speras daquele Mundial.<\/span><\/p>\n<p style=\"text-align: justify;\"><span style=\"font-weight: 400;\">Ao final da visita da exposi\u00e7\u00e3o, os participantes ser\u00e3o convidados a pensar sobre a relev\u00e2ncia do legado do tricampe\u00e3o fora das pistas. Mesmo ap\u00f3s sua partida, os valores de Ayrton \u2014 como coragem, determina\u00e7\u00e3o, esportividade e a busca pela supera\u00e7\u00e3o de limites \u2014 continuam a inspirar milh\u00f5es de pessoas.\u00a0<\/span><\/p>\n<p style=\"text-align: justify;\"><span style=\"font-weight: 400;\">Projetos da marca Senna ter\u00e3o destaque no evento, como o lan\u00e7amento da cole\u00e7\u00e3o de vestu\u00e1rio e apresenta\u00e7\u00e3o de DJs do projeto\u00a0<\/span><a href=\"https:\/\/www.senna.com\/senna-driven-legado-de-ayrton-senna-e-homenageado-com-album-inedito-recheado-de-djs-e-produtores-de-musica-eletronica\/\"><span style=\"font-weight: 400;\">Senna Driven<\/span><\/a><span style=\"font-weight: 400;\">, um \u00e1lbum de m\u00fasica eletr\u00f4nica inspirado e dedicado a Ayrton Senna.<\/span><\/p>\n<p style=\"text-align: justify;\"><span style=\"font-weight: 400;\">O p\u00fablico presente tamb\u00e9m poder\u00e1 ter a chance de pilotar super carros de luxo no aut\u00f3dromo de Interlagos. O \u201cDrive Experience\u201d do Super Carros &#8211; Gramado estar\u00e1 presente com mais de 10 modelos de carros, que podem ser alugados para uma experi\u00eancia em alta velocidade, ap\u00f3s o encerramento de todas as baterias da corrida de rua.<\/span><\/p>\n<p style=\"text-align: justify;\"><span style=\"font-weight: 400;\">Duas a\u00e7\u00f5es sociais ganham espa\u00e7o na edi\u00e7\u00e3o de 2025: volunt\u00e1rios da\u00a0<\/span><a href=\"https:\/\/tampinhasquecuram.com.br\/\"><span style=\"font-weight: 400;\">ONG \u201cTampinhas que curam\u201d<\/span><\/a><span style=\"font-weight: 400;\">\u00a0estar\u00e3o no evento coletando tampas pl\u00e1sticas que ser\u00e3o vendidas para arrecadar recursos para crian\u00e7as em tratamento contra o c\u00e2ncer. Al\u00e9m disso, a empresa\u00a0<\/span><a href=\"https:\/\/www.musa.co\/\"><span style=\"font-weight: 400;\">MUSA<\/span><\/a><span style=\"font-weight: 400;\">\u00a0ser\u00e1 respons\u00e1vel pela reciclagem e certifica\u00e7\u00e3o de carbono neutro do evento.<\/span><\/p>\n<p style=\"text-align: justify;\"><span style=\"font-weight: 400;\">A 20\u00aa edi\u00e7\u00e3o do Ayrton Senna Racing Day ser\u00e1 tamb\u00e9m palco de uma novidade especial: o in\u00edcio das vendas antecipadas de t\u00edquetes do\u00a0<\/span><a href=\"https:\/\/institutoayrtonsenna.org.br\/mcdia-feliz\/\"><span style=\"font-weight: 400;\">McDia Feliz<\/span><\/a><span style=\"font-weight: 400;\">, uma das maiores campanhas solid\u00e1rias do pa\u00eds. Pela primeira vez, o lan\u00e7amento das vendas acontece com exclusividade durante o evento esportivo, unindo esporte, solidariedade e educa\u00e7\u00e3o em um momento simb\u00f3lico de forte mobiliza\u00e7\u00e3o em torno do legado de Ayrton Senna.\u00a0<\/span><\/p>\n<p style=\"text-align: justify;\"><span style=\"font-weight: 400;\">&#8220;Essa \u00e9 uma prova que atrai tanto os f\u00e3s do Ayrton Senna e do automobilismo quanto os amantes das corridas de rua, por proporcionar a experi\u00eancia \u00fanica de estar dentro da pista do aut\u00f3dromo. Al\u00e9m disso, organizamos com muito cuidado momentos que tornam o evento ainda mais especial, como ativa\u00e7\u00f5es de patrocinadores e a exposi\u00e7\u00e3o que emociona ao contar a trajet\u00f3ria de um \u00eddolo de todos os brasileiros\u201d, conta Shayene Metri, diretora de eventos da\u00a0<\/span><a href=\"https:\/\/vegasports.com.br\/\"><span style=\"font-weight: 400;\">Vega Sports<\/span><\/a><span style=\"font-weight: 400;\">.<\/span><\/p>\n<p style=\"text-align: justify;\"><span style=\"font-weight: 400;\">O evento \u00e9 uma realiza\u00e7\u00e3o da Senna Brands, com organiza\u00e7\u00e3o da Vega Sports, e conta com o patroc\u00ednio de: Asics, Claro, Heineken 0.0, Newon, Curaoprox, Lindoya, Guaran\u00e1 Antarctica, Gatorade, Logitech, Mucilon, Jaguar\u00e9 Bananas, Schio Mac\u00e3s, LEGO, Sid Special Paint e Freixenet.<\/span><\/p>\n<p style=\"text-align: justify;\"><strong>Servi\u00e7o<\/strong><span style=\"font-weight: 400;\"><br \/>\n<\/span><span style=\"font-weight: 400;\"><br \/>\n<\/span><strong>Ayrton Senna Racing Day \u2013 20\u00aa edi\u00e7\u00e3o<\/strong><span style=\"font-weight: 400;\"><br \/>\n<\/span><strong>Data:\u00a0<\/strong><span style=\"font-weight: 400;\">1\u00ba de maio de 2025<\/span><span style=\"font-weight: 400;\"><br \/>\n<\/span><strong>Hor\u00e1rio:<\/strong><span style=\"font-weight: 400;\">\u00a006h \u00e0s 17h<\/span><span style=\"font-weight: 400;\"><br \/>\n<\/span><strong>Local:<\/strong><span style=\"font-weight: 400;\">\u00a0Aut\u00f3dromo de Interlagos \u2013 S\u00e3o Paulo\/SP<\/span><span style=\"font-weight: 400;\"><br \/>\n<\/span><strong>Atividades:<\/strong><span style=\"font-weight: 400;\">\u00a0Corrida de rua, corrida kids, exposi\u00e7\u00e3o de acervo in\u00e9dito, ativa\u00e7\u00f5es de marcas parceiras, loja oficial, \u201cDrive Experience\u201d; apresenta\u00e7\u00e3o especial projeto \u201cSenna Driven\u201d e mais.<\/span><span style=\"font-weight: 400;\"><br \/>\n<\/span><strong>Como chegar:<\/strong><span style=\"font-weight: 400;\">\u00a0por Transporte p\u00fablico &#8211; Esta\u00e7\u00e3o Aut\u00f3dromo, Linha 9-Esmeralda, aberta a partir das 4h40; por Transporte por aplicativo, solicitar at\u00e9 o port\u00e3o 7 do aut\u00f3dromo; Estacionamento com vagas limitadas com acesso pelo port\u00e3o 9.<\/span><span style=\"font-weight: 400;\"><br \/>\n<\/span><strong>Perfis para marca\u00e7\u00f5es nas redes sociais:\u00a0<\/strong><span style=\"font-weight: 400;\">@ayrtonsenna_racingday | @sennabrasil.<\/span><span style=\"font-weight: 400;\"><br \/>\n<\/span><strong>Informa\u00e7\u00f5es para imprensa e credenciamento:<\/strong><span style=\"font-weight: 400;\">\u00a0A imprensa cadastrada deve entrar pelo port\u00e3o 7 e se apresentar na entrada. Teremos staff VEGA orientando para o estacionamento.<\/span><span style=\"font-weight: 400;\"><br \/>\n<\/span><span style=\"font-weight: 400;\"><br \/>\n<\/span><strong>Hor\u00e1rios:<\/strong><span style=\"font-weight: 400;\"><br \/>\n<\/span><span style=\"font-weight: 400;\"><br \/>\n<\/span><strong>04h:<\/strong><span style=\"font-weight: 400;\">\u00a0Abertura dos port\u00f5es<\/span><span style=\"font-weight: 400;\"><br \/>\n<\/span><strong>6h:\u00a0<\/strong><span style=\"font-weight: 400;\">Largada 1 volta<\/span><span style=\"font-weight: 400;\"><br \/>\n<\/span><strong>7h30:<\/strong><span style=\"font-weight: 400;\">\u00a0Largada 2 e 3 voltas<\/span><span style=\"font-weight: 400;\"><br \/>\n<\/span><strong>07h30:<\/strong><span style=\"font-weight: 400;\">\u00a0abertura da exposi\u00e7\u00e3o (\u00faltima sess\u00e3o come\u00e7a 16h30)<\/span><span style=\"font-weight: 400;\"><br \/>\n<\/span><strong>10h<\/strong><span style=\"font-weight: 400;\">: In\u00edcio das baterias da Senninha Racing Day<\/span><span style=\"font-weight: 400;\"><br \/>\n<\/span><strong>11h30:<\/strong><span style=\"font-weight: 400;\">\u00a0Encerramento das provas infantis<\/span><\/p>\n","protected":false},"excerpt":{"rendered":"<p>O principal evento em tributo a Ayrton Senna no dia 1\u00ba de maio chega \u00e0 sua 20\u00aa edi\u00e7\u00e3o consolidado como uma das maiores celebra\u00e7\u00f5es ao <a class=\"read-more\" href=\"https:\/\/blogs.gazetaesportiva.com\/automobilismo\/2025\/04\/29\/20a-edicao-do-ayrton-senna-racing-day-celebra-legado-do-tricampeao-com-corrida-em-interlagos-e-atracoes-para-fas-de-todas-as-geracoes\/\">leia mais<\/a><\/p>\n","protected":false},"author":75,"featured_media":2374,"comment_status":"open","ping_status":"open","sticky":false,"template":"","format":"standard","meta":{"jetpack_post_was_ever_published":false,"_jetpack_newsletter_access":"","_jetpack_dont_email_post_to_subs":false,"_jetpack_newsletter_tier_id":0,"_jetpack_memberships_contains_paywalled_content":false,"_jetpack_memberships_contains_paid_content":false,"footnotes":"","jetpack_publicize_message":"","jetpack_publicize_feature_enabled":true,"jetpack_social_post_already_shared":false,"jetpack_social_options":{"image_generator_settings":{"template":"highway","default_image_id":0,"font":"","enabled":false},"version":2}},"categories":[1],"tags":[],"class_list":["post-2373","post","type-post","status-publish","format-standard","has-post-thumbnail","hentry","category-sem-categoria"],"jetpack_publicize_connections":[],"jetpack_featured_media_url":"https:\/\/blogs.gazetaesportiva.com\/automobilismo\/files\/2025\/05\/451037_1149808_asrd2_divulgaA_AGBPo_senna_brands-scaled.jpg","jetpack_sharing_enabled":true,"jetpack_shortlink":"https:\/\/wp.me\/pblv91-Ch","_links":{"self":[{"href":"https:\/\/blogs.gazetaesportiva.com\/automobilismo\/wp-json\/wp\/v2\/posts\/2373","targetHints":{"allow":["GET"]}}],"collection":[{"href":"https:\/\/blogs.gazetaesportiva.com\/automobilismo\/wp-json\/wp\/v2\/posts"}],"about":[{"href":"https:\/\/blogs.gazetaesportiva.com\/automobilismo\/wp-json\/wp\/v2\/types\/post"}],"author":[{"embeddable":true,"href":"https:\/\/blogs.gazetaesportiva.com\/automobilismo\/wp-json\/wp\/v2\/users\/75"}],"replies":[{"embeddable":true,"href":"https:\/\/blogs.gazetaesportiva.com\/automobilismo\/wp-json\/wp\/v2\/comments?post=2373"}],"version-history":[{"count":0,"href":"https:\/\/blogs.gazetaesportiva.com\/automobilismo\/wp-json\/wp\/v2\/posts\/2373\/revisions"}],"wp:featuredmedia":[{"embeddable":true,"href":"https:\/\/blogs.gazetaesportiva.com\/automobilismo\/wp-json\/wp\/v2\/media\/2374"}],"wp:attachment":[{"href":"https:\/\/blogs.gazetaesportiva.com\/automobilismo\/wp-json\/wp\/v2\/media?parent=2373"}],"wp:term":[{"taxonomy":"category","embeddable":true,"href":"https:\/\/blogs.gazetaesportiva.com\/automobilismo\/wp-json\/wp\/v2\/categories?post=2373"},{"taxonomy":"post_tag","embeddable":true,"href":"https:\/\/blogs.gazetaesportiva.com\/automobilismo\/wp-json\/wp\/v2\/tags?post=2373"}],"curies":[{"name":"wp","href":"https:\/\/api.w.org\/{rel}","templated":true}]}}