{"id":2355,"date":"2025-04-30T21:27:37","date_gmt":"2025-04-30T21:27:37","guid":{"rendered":"https:\/\/blogs.gazetaesportiva.com\/automobilismo\/?p=2355"},"modified":"2025-04-30T21:27:37","modified_gmt":"2025-04-30T21:27:37","slug":"rafael-reis-estreia-na-stock-car-com-patrocinio-da-livelo-em-busca-de-grandes-conquistas","status":"publish","type":"post","link":"https:\/\/blogs.gazetaesportiva.com\/automobilismo\/2025\/04\/30\/rafael-reis-estreia-na-stock-car-com-patrocinio-da-livelo-em-busca-de-grandes-conquistas\/","title":{"rendered":"Rafael Reis estreia na Stock Car com patroc\u00ednio da Livelo em busca de grandes conquistas"},"content":{"rendered":"<p>Jovem revela\u00e7\u00e3o do automobilismo brasileiro, Rafael Reis vive a expectativa de fazer sua estreia na Stock Car. O piloto paulista da equipe CAR Racing Sterling ter\u00e1 um apoio extra em seu Toyota Corolla Cross n\u00famero 301: a Livelo, o maior programa de recompensas do Brasil.<\/p>\n<figure id=\"attachment_2356\" aria-describedby=\"caption-attachment-2356\" style=\"width: 640px\" class=\"wp-caption alignnone\"><img loading=\"lazy\" decoding=\"async\" src=\"https:\/\/blogs.gazetaesportiva.com\/automobilismo\/files\/2025\/04\/20250427_824_MediaDay_CarRacing_RodrigoRuiz_00392_1-1024x683.jpg\" alt=\"Rafael Reis\" width=\"640\" height=\"427\" class=\"size-large wp-image-2356\" srcset=\"https:\/\/blogs.gazetaesportiva.com\/automobilismo\/files\/2025\/04\/20250427_824_MediaDay_CarRacing_RodrigoRuiz_00392_1-1024x683.jpg 1024w, https:\/\/blogs.gazetaesportiva.com\/automobilismo\/files\/2025\/04\/20250427_824_MediaDay_CarRacing_RodrigoRuiz_00392_1-300x200.jpg 300w, https:\/\/blogs.gazetaesportiva.com\/automobilismo\/files\/2025\/04\/20250427_824_MediaDay_CarRacing_RodrigoRuiz_00392_1-768x512.jpg 768w, https:\/\/blogs.gazetaesportiva.com\/automobilismo\/files\/2025\/04\/20250427_824_MediaDay_CarRacing_RodrigoRuiz_00392_1.jpg 1500w\" sizes=\"auto, (max-width: 640px) 100vw, 640px\" \/><figcaption id=\"caption-attachment-2356\" class=\"wp-caption-text\">Foto: Rodrigo Ruiz<\/figcaption><\/figure>\n<p>&#8220;Estamos muito empolgados para a nossa estreia na Stock Car e a chegada da Livelo ser\u00e1 fundamental para realizar esse grande sonho na minha carreira. Estou muito feliz por poder contar com o apoio de uma marca t\u00e3o forte e inovadora. Vamos trabalhar juntos para alcan\u00e7ar nossos objetivos e representar a Livelo da melhor forma poss\u00edvel\u201d, diz Rafael, que tem 23 anos.<\/p>\n<p>A Livelo, maior empresa de recompensas do pa\u00eds, se destaca como uma marca que acredita no poder do sonho e da supera\u00e7\u00e3o, valores que tamb\u00e9m est\u00e3o presentes no perfil de Rafael. Por meio dessa parceria, a Livelo busca refor\u00e7ar seu compromisso com o esporte, inova\u00e7\u00e3o e com o desenvolvimento de novos talentos, al\u00e9m de estreitar sua rela\u00e7\u00e3o com o p\u00fablico apaixonado por automobilismo.<\/p>\n<p>&#8220;Estamos muito felizes com essa parceria, pois acreditamos que um Brasil melhor se constr\u00f3i com investimento em pessoas e na valoriza\u00e7\u00e3o e est\u00edmulo ao esporte. Buscamos reconhecer talentos e ser um agente da transforma\u00e7\u00e3o&#8221;, explica Marcelino Cruz, Diretor Executivo de Neg\u00f3cios e Growth da Livelo. <\/p>\n<p>Rafael acumula diversos t\u00edtulos em sua carreira como as conquistas da Copa HB20, Nascar Brasil e Turismo Nacional, al\u00e9m de ser tricampe\u00e3o brasileiro de kart e pentacampe\u00e3o paulista de kart.<\/p>\n<p>Chefe da equipe CAR Racing Sterling, Leandro Reis tamb\u00e9m destaca a chegada da Livelo ao time. \u201cA entrada na Stock Car \u00e9 um grande passo na carreira do Rafa e ele \u00e9 muito merecedor por tudo o que ele batalhou desde o kart at\u00e9 chegar na principal categoria do Brasil. A Livelo, em conjunto com os nossos outros patrocinadores, est\u00e1 proporcionando esse grande passo na carreira do Rafa e tenho certeza de que vamos colher grandes resultados e conquistas juntos l\u00e1 na frente\u201d, diz Leandro.<\/p>\n<p>A temporada de 2025 da Stock Car ser\u00e1 aberta no dia 4 de maio no Aut\u00f3dromo de Interlagos, em S\u00e3o Paulo.<\/p>\n","protected":false},"excerpt":{"rendered":"<p>Jovem revela\u00e7\u00e3o do automobilismo brasileiro, Rafael Reis vive a expectativa de fazer sua estreia na Stock Car. O piloto paulista da equipe CAR Racing Sterling <a class=\"read-more\" href=\"https:\/\/blogs.gazetaesportiva.com\/automobilismo\/2025\/04\/30\/rafael-reis-estreia-na-stock-car-com-patrocinio-da-livelo-em-busca-de-grandes-conquistas\/\">leia mais<\/a><\/p>\n","protected":false},"author":75,"featured_media":2356,"comment_status":"open","ping_status":"open","sticky":false,"template":"","format":"standard","meta":{"jetpack_post_was_ever_published":false,"_jetpack_newsletter_access":"","_jetpack_dont_email_post_to_subs":false,"_jetpack_newsletter_tier_id":0,"_jetpack_memberships_contains_paywalled_content":false,"_jetpack_memberships_contains_paid_content":false,"footnotes":"","jetpack_publicize_message":"","jetpack_publicize_feature_enabled":true,"jetpack_social_post_already_shared":false,"jetpack_social_options":{"image_generator_settings":{"template":"highway","default_image_id":0,"font":"","enabled":false},"version":2}},"categories":[1],"tags":[],"class_list":["post-2355","post","type-post","status-publish","format-standard","has-post-thumbnail","hentry","category-sem-categoria"],"jetpack_publicize_connections":[],"jetpack_featured_media_url":"https:\/\/blogs.gazetaesportiva.com\/automobilismo\/files\/2025\/04\/20250427_824_MediaDay_CarRacing_RodrigoRuiz_00392_1.jpg","jetpack_sharing_enabled":true,"jetpack_shortlink":"https:\/\/wp.me\/pblv91-BZ","_links":{"self":[{"href":"https:\/\/blogs.gazetaesportiva.com\/automobilismo\/wp-json\/wp\/v2\/posts\/2355","targetHints":{"allow":["GET"]}}],"collection":[{"href":"https:\/\/blogs.gazetaesportiva.com\/automobilismo\/wp-json\/wp\/v2\/posts"}],"about":[{"href":"https:\/\/blogs.gazetaesportiva.com\/automobilismo\/wp-json\/wp\/v2\/types\/post"}],"author":[{"embeddable":true,"href":"https:\/\/blogs.gazetaesportiva.com\/automobilismo\/wp-json\/wp\/v2\/users\/75"}],"replies":[{"embeddable":true,"href":"https:\/\/blogs.gazetaesportiva.com\/automobilismo\/wp-json\/wp\/v2\/comments?post=2355"}],"version-history":[{"count":0,"href":"https:\/\/blogs.gazetaesportiva.com\/automobilismo\/wp-json\/wp\/v2\/posts\/2355\/revisions"}],"wp:featuredmedia":[{"embeddable":true,"href":"https:\/\/blogs.gazetaesportiva.com\/automobilismo\/wp-json\/wp\/v2\/media\/2356"}],"wp:attachment":[{"href":"https:\/\/blogs.gazetaesportiva.com\/automobilismo\/wp-json\/wp\/v2\/media?parent=2355"}],"wp:term":[{"taxonomy":"category","embeddable":true,"href":"https:\/\/blogs.gazetaesportiva.com\/automobilismo\/wp-json\/wp\/v2\/categories?post=2355"},{"taxonomy":"post_tag","embeddable":true,"href":"https:\/\/blogs.gazetaesportiva.com\/automobilismo\/wp-json\/wp\/v2\/tags?post=2355"}],"curies":[{"name":"wp","href":"https:\/\/api.w.org\/{rel}","templated":true}]}}