{"id":2353,"date":"2025-04-30T21:09:35","date_gmt":"2025-04-30T21:09:35","guid":{"rendered":"https:\/\/blogs.gazetaesportiva.com\/automobilismo\/?p=2353"},"modified":"2025-04-30T21:09:35","modified_gmt":"2025-04-30T21:09:35","slug":"maior-vencedor-em-2024-felipe-baptista-destaca-novidades-da-stock-car-2025-e-estreia-na-car-racing-ktf-com-o-banco-bv","status":"publish","type":"post","link":"https:\/\/blogs.gazetaesportiva.com\/automobilismo\/2025\/04\/30\/maior-vencedor-em-2024-felipe-baptista-destaca-novidades-da-stock-car-2025-e-estreia-na-car-racing-ktf-com-o-banco-bv\/","title":{"rendered":"Maior vencedor em 2024, Felipe Baptista destaca novidades da Stock Car 2025 e estreia na Car Racing KTF com o banco BV"},"content":{"rendered":"<p>A Stock Car d\u00e1 o pontap\u00e9 inicial para a temporada de 2025 neste dia 4 de maio, com a disputa da etapa de S\u00e3o Paulo (SP), marcada para o Aut\u00f3dromo de Interlagos. E o ano da principal categoria do esporte a motor brasileiro est\u00e1 repleto de novidades, como Felipe Baptista, que passa a defender a equipe Car Racing KTF acelerando o carro nas cores do banco BV.<\/p>\n<figure id=\"attachment_2354\" aria-describedby=\"caption-attachment-2354\" style=\"width: 640px\" class=\"wp-caption alignnone\"><img loading=\"lazy\" decoding=\"async\" src=\"https:\/\/blogs.gazetaesportiva.com\/automobilismo\/files\/2025\/04\/451008_1149725__pitstopfilms___media_day_jan_2024_felipe_baptista_096-1024x681.jpg\" alt=\"Felipe Baptista\" width=\"640\" height=\"426\" class=\"size-large wp-image-2354\" srcset=\"https:\/\/blogs.gazetaesportiva.com\/automobilismo\/files\/2025\/04\/451008_1149725__pitstopfilms___media_day_jan_2024_felipe_baptista_096-1024x681.jpg 1024w, https:\/\/blogs.gazetaesportiva.com\/automobilismo\/files\/2025\/04\/451008_1149725__pitstopfilms___media_day_jan_2024_felipe_baptista_096-300x200.jpg 300w, https:\/\/blogs.gazetaesportiva.com\/automobilismo\/files\/2025\/04\/451008_1149725__pitstopfilms___media_day_jan_2024_felipe_baptista_096-768x511.jpg 768w, https:\/\/blogs.gazetaesportiva.com\/automobilismo\/files\/2025\/04\/451008_1149725__pitstopfilms___media_day_jan_2024_felipe_baptista_096-1536x1022.jpg 1536w, https:\/\/blogs.gazetaesportiva.com\/automobilismo\/files\/2025\/04\/451008_1149725__pitstopfilms___media_day_jan_2024_felipe_baptista_096-2048x1363.jpg 2048w\" sizes=\"auto, (max-width: 640px) 100vw, 640px\" \/><figcaption id=\"caption-attachment-2354\" class=\"wp-caption-text\">Foto: Pit Stop Films<\/figcaption><\/figure>\n<p>As novidades nos carros da categoria n\u00e3o param por a\u00ed. Depois de d\u00e9cadas usando modelos com carroceria sedan, a Stock Car adota a partir deste ano os SUVs. Felipe Baptista vai acelerar o novo Mitsubishi Eclipse Cross, modelo que marca o retorno da fabricante dos tr\u00eas diamantes \u00e0 principal categoria do automobilismo brasileiro.<\/p>\n<p>A parte de tecnologia embarcada nos carros foi aprimorada com a chegada de novos motores turbo, chassis refor\u00e7ados com a\u00e7os da ArcelorMittal e uma super tela Fueltech FT700 com integra\u00e7\u00e3o de tecnologia 5G para an\u00e1lise de dados. Para os pilotos, o volante passa a ser mais parecido com o que \u00e9 visto em categorias como a F\u00f3rmula 1.<\/p>\n<p>Tamb\u00e9m do principal campeonato do esporte a motor mundial vem a ado\u00e7\u00e3o da asa traseira m\u00f3vel (DRS) nos carros da Stock Car. Os carros est\u00e3o mais velozes, marcando tempos de volta at\u00e9 quatro segundos mais baixos em rela\u00e7\u00e3o ao modelo anterior, segundo os testes da categoria.<\/p>\n<p>Felipe Baptista foi um dos grandes nomes da \u00faltima temporada da Stock Car, lutando pelo t\u00edtulo at\u00e9 a \u00faltima etapa em Interlagos e fechando a temporada como o maior vencedor de 2024 com tr\u00eas triunfos ao lado de Gaetano Di Mauro, al\u00e9m do sexto lugar na tabela final de pontos. Agora, o piloto do carro 121 entra em um projeto in\u00e9dito dentro da Car Racing com a presen\u00e7a de quatro carros.<\/p>\n<p>&#8220;S\u00e3o muitas novidades no ano e estou feliz por disputar a temporada tendo o apoio do banco BV com a Car Racing KTF. O objetivo \u00e9, mais uma vez, lutar pelo t\u00edtulo. Estivemos sempre entre os l\u00edderes em 2024 e tenho certeza de que o time tem profissionais capazes de entregar um carro para vencermos corridas&#8221;, disse Felipe Baptista.<\/p>\n<p>\u201cParticipar de toda a temporada de um dos maiores eventos de automobilismo do pa\u00eds \u00e9 mais uma iniciativa que refor\u00e7a o apoio do BV ao esporte nacional. A chegada do Felipe e da KTF, fortalece ainda mais nossa ativa\u00e7\u00e3o e presen\u00e7a de marca na modalidade\u201d, afirma Claudia Furini, diretora de Marketing, Estrat\u00e9gia de Clientes e ESG no banco BV.<\/p>\n<p>N\u00e3o \u00e9 s\u00f3 o time que \u00e9 novo na temporada 2025 da Stock Car. A Car Racing tem, considerando os quatro pilotos, a equipe de pilotos mais jovem do grid. Al\u00e9m de Felipe Baptista, o time conta com Gianluca Petecof no outro carro da CAR Racing KTF, enquanto a CAR Racing Sterling tem Rafael Reis e Jos\u00e9 &#8220;Zezinho&#8221; Muggiati no grid. A m\u00e9dia de idade \u00e9 de 22 anos.<\/p>\n<p>O formato do final de semana da Stock Car segue semelhante ao de 2024. Desta forma, a sexta-feira \u00e9 dedicada aos treinos livres, enquanto o s\u00e1bado contar\u00e1 com a classifica\u00e7\u00e3o e a corrida Sprint, que inverte os 12 melhores da defini\u00e7\u00e3o do grid de largada e tem 30 minutos de dura\u00e7\u00e3o. O domingo \u00e9 reservado para a corrida principal, com 50 minutos de dura\u00e7\u00e3o e grid conforme o definido na classifica\u00e7\u00e3o do dia anterior. Nesta primeira etapa, especificamente, haver\u00e1 somente a corrida mais longa no domingo.<\/p>\n<p>A Stock Car ter\u00e1 12 etapas ao longo de 2025, passando pelos principais aut\u00f3dromos do Pa\u00eds, como Interlagos, Velocitta e Goi\u00e2nia, al\u00e9m de uma das etapas mais aguardadas do ano no circuito de rua de Belo Horizonte, o chamado BH Stock Festival, no entorno do Mineir\u00e3o. As corridas ter\u00e3o transmiss\u00e3o ao vivo de Band, Sportv e YouTube.<\/p>\n","protected":false},"excerpt":{"rendered":"<p>A Stock Car d\u00e1 o pontap\u00e9 inicial para a temporada de 2025 neste dia 4 de maio, com a disputa da etapa de S\u00e3o Paulo <a class=\"read-more\" href=\"https:\/\/blogs.gazetaesportiva.com\/automobilismo\/2025\/04\/30\/maior-vencedor-em-2024-felipe-baptista-destaca-novidades-da-stock-car-2025-e-estreia-na-car-racing-ktf-com-o-banco-bv\/\">leia mais<\/a><\/p>\n","protected":false},"author":75,"featured_media":2354,"comment_status":"open","ping_status":"open","sticky":false,"template":"","format":"standard","meta":{"jetpack_post_was_ever_published":false,"_jetpack_newsletter_access":"","_jetpack_dont_email_post_to_subs":false,"_jetpack_newsletter_tier_id":0,"_jetpack_memberships_contains_paywalled_content":false,"_jetpack_memberships_contains_paid_content":false,"footnotes":"","jetpack_publicize_message":"","jetpack_publicize_feature_enabled":true,"jetpack_social_post_already_shared":false,"jetpack_social_options":{"image_generator_settings":{"template":"highway","default_image_id":0,"font":"","enabled":false},"version":2}},"categories":[1],"tags":[],"class_list":["post-2353","post","type-post","status-publish","format-standard","has-post-thumbnail","hentry","category-sem-categoria"],"jetpack_publicize_connections":[],"jetpack_featured_media_url":"https:\/\/blogs.gazetaesportiva.com\/automobilismo\/files\/2025\/04\/451008_1149725__pitstopfilms___media_day_jan_2024_felipe_baptista_096-scaled.jpg","jetpack_sharing_enabled":true,"jetpack_shortlink":"https:\/\/wp.me\/pblv91-BX","_links":{"self":[{"href":"https:\/\/blogs.gazetaesportiva.com\/automobilismo\/wp-json\/wp\/v2\/posts\/2353","targetHints":{"allow":["GET"]}}],"collection":[{"href":"https:\/\/blogs.gazetaesportiva.com\/automobilismo\/wp-json\/wp\/v2\/posts"}],"about":[{"href":"https:\/\/blogs.gazetaesportiva.com\/automobilismo\/wp-json\/wp\/v2\/types\/post"}],"author":[{"embeddable":true,"href":"https:\/\/blogs.gazetaesportiva.com\/automobilismo\/wp-json\/wp\/v2\/users\/75"}],"replies":[{"embeddable":true,"href":"https:\/\/blogs.gazetaesportiva.com\/automobilismo\/wp-json\/wp\/v2\/comments?post=2353"}],"version-history":[{"count":0,"href":"https:\/\/blogs.gazetaesportiva.com\/automobilismo\/wp-json\/wp\/v2\/posts\/2353\/revisions"}],"wp:featuredmedia":[{"embeddable":true,"href":"https:\/\/blogs.gazetaesportiva.com\/automobilismo\/wp-json\/wp\/v2\/media\/2354"}],"wp:attachment":[{"href":"https:\/\/blogs.gazetaesportiva.com\/automobilismo\/wp-json\/wp\/v2\/media?parent=2353"}],"wp:term":[{"taxonomy":"category","embeddable":true,"href":"https:\/\/blogs.gazetaesportiva.com\/automobilismo\/wp-json\/wp\/v2\/categories?post=2353"},{"taxonomy":"post_tag","embeddable":true,"href":"https:\/\/blogs.gazetaesportiva.com\/automobilismo\/wp-json\/wp\/v2\/tags?post=2353"}],"curies":[{"name":"wp","href":"https:\/\/api.w.org\/{rel}","templated":true}]}}