{"id":2351,"date":"2025-04-28T21:25:34","date_gmt":"2025-04-28T21:25:34","guid":{"rendered":"https:\/\/blogs.gazetaesportiva.com\/automobilismo\/?p=2351"},"modified":"2025-04-28T21:25:34","modified_gmt":"2025-04-28T21:25:34","slug":"marcella-assumpcao-faz-historia-na-copa-sp-bradesco-de-kart-ao-vencer-5-de-6-corridas-em-2-categorias","status":"publish","type":"post","link":"https:\/\/blogs.gazetaesportiva.com\/automobilismo\/2025\/04\/28\/marcella-assumpcao-faz-historia-na-copa-sp-bradesco-de-kart-ao-vencer-5-de-6-corridas-em-2-categorias\/","title":{"rendered":"Marcella Assump\u00e7\u00e3o faz hist\u00f3ria na Copa SP Bradesco de Kart ao vencer 5 de 6 corridas em 2 categorias"},"content":{"rendered":"<p>Principal destaque feminino do kartismo brasileiro, Marcella Assump\u00e7\u00e3o teve um s\u00e1bado (26) dos mais vitoriosos da carreira na Copa S\u00e3o Paulo Bradesco de Kart. A pilota venceu a terceira etapa do campeonato, disputada no Kart\u00f3dromo Granja Viana, em Cotia (SP) nas categorias F4 J\u00fanior e Rotax J\u00fanior Max, triunfando em cinco das seis baterias disputadas no dia, al\u00e9m de duas poles positions.<\/p>\n<figure id=\"attachment_2352\" aria-describedby=\"caption-attachment-2352\" style=\"width: 640px\" class=\"wp-caption alignnone\"><img loading=\"lazy\" decoding=\"async\" src=\"https:\/\/blogs.gazetaesportiva.com\/automobilismo\/files\/2025\/04\/2510-ASSUMPCAO-5-683x1024.jpg\" alt=\"\" width=\"640\" height=\"960\" class=\"size-large wp-image-2352\" srcset=\"https:\/\/blogs.gazetaesportiva.com\/automobilismo\/files\/2025\/04\/2510-ASSUMPCAO-5-683x1024.jpg 683w, https:\/\/blogs.gazetaesportiva.com\/automobilismo\/files\/2025\/04\/2510-ASSUMPCAO-5-200x300.jpg 200w, https:\/\/blogs.gazetaesportiva.com\/automobilismo\/files\/2025\/04\/2510-ASSUMPCAO-5-768x1152.jpg 768w, https:\/\/blogs.gazetaesportiva.com\/automobilismo\/files\/2025\/04\/2510-ASSUMPCAO-5-1024x1536.jpg 1024w, https:\/\/blogs.gazetaesportiva.com\/automobilismo\/files\/2025\/04\/2510-ASSUMPCAO-5-1366x2048.jpg 1366w, https:\/\/blogs.gazetaesportiva.com\/automobilismo\/files\/2025\/04\/2510-ASSUMPCAO-5-scaled.jpg 1707w\" sizes=\"auto, (max-width: 640px) 100vw, 640px\" \/><figcaption id=\"caption-attachment-2352\" class=\"wp-caption-text\">Foto: divulga\u00e7\u00e3o<\/figcaption><\/figure>\n<p>O dia de Marcella come\u00e7ou com a disputa da Rotax J\u00fanior Max. Ap\u00f3s terminar a primeira bateria com a segunda posi\u00e7\u00e3o, a pilota venceu as outras duas provas do dia e saiu com a vit\u00f3ria da etapa na soma de pontos das tr\u00eas corridas disputadas.<\/p>\n<p>Na parte da tarde, foi a vez de Marcella competir na F4 J\u00fanior, classe da qual se mostrou soberana: venceu as tr\u00eas baterias do dia, garantindo mais um triunfo no final de semana. A pilota celebrou os resultados daquele que foi a sua melhor etapa na Copa S\u00e3o Paulo Bradesco de Kart.<\/p>\n<p>\u201cEstou muito feliz. Claro que a gente luta para vencer sempre, mas foi incr\u00edvel vencer cinco de seis corridas no mesmo dia e tamb\u00e9m em duas categorias bem diferentes, uma com motor 4 tempos e outra com motor Rotax. Fiz tamb\u00e9m as duas poles positions, ent\u00e3o foi demais. S\u00f3 posso agradecer a todos que trabalham para que eu possa competir\u201d, disse Marcella Assump\u00e7\u00e3o.<\/p>\n<p>A pr\u00f3xima etapa da Copa S\u00e3o Paulo Bradesco de Kart ser\u00e1 disputada no dia 10 de maio, mais uma vez no Kart\u00f3dromo Granja Viana.<\/p>\n","protected":false},"excerpt":{"rendered":"<p>Principal destaque feminino do kartismo brasileiro, Marcella Assump\u00e7\u00e3o teve um s\u00e1bado (26) dos mais vitoriosos da carreira na Copa S\u00e3o Paulo Bradesco de Kart. A <a class=\"read-more\" href=\"https:\/\/blogs.gazetaesportiva.com\/automobilismo\/2025\/04\/28\/marcella-assumpcao-faz-historia-na-copa-sp-bradesco-de-kart-ao-vencer-5-de-6-corridas-em-2-categorias\/\">leia mais<\/a><\/p>\n","protected":false},"author":75,"featured_media":2352,"comment_status":"open","ping_status":"open","sticky":false,"template":"","format":"standard","meta":{"jetpack_post_was_ever_published":false,"_jetpack_newsletter_access":"","_jetpack_dont_email_post_to_subs":false,"_jetpack_newsletter_tier_id":0,"_jetpack_memberships_contains_paywalled_content":false,"_jetpack_memberships_contains_paid_content":false,"footnotes":"","jetpack_publicize_message":"","jetpack_publicize_feature_enabled":true,"jetpack_social_post_already_shared":false,"jetpack_social_options":{"image_generator_settings":{"template":"highway","default_image_id":0,"font":"","enabled":false},"version":2}},"categories":[1],"tags":[],"class_list":["post-2351","post","type-post","status-publish","format-standard","has-post-thumbnail","hentry","category-sem-categoria"],"jetpack_publicize_connections":[],"jetpack_featured_media_url":"https:\/\/blogs.gazetaesportiva.com\/automobilismo\/files\/2025\/04\/2510-ASSUMPCAO-5-scaled.jpg","jetpack_sharing_enabled":true,"jetpack_shortlink":"https:\/\/wp.me\/pblv91-BV","_links":{"self":[{"href":"https:\/\/blogs.gazetaesportiva.com\/automobilismo\/wp-json\/wp\/v2\/posts\/2351","targetHints":{"allow":["GET"]}}],"collection":[{"href":"https:\/\/blogs.gazetaesportiva.com\/automobilismo\/wp-json\/wp\/v2\/posts"}],"about":[{"href":"https:\/\/blogs.gazetaesportiva.com\/automobilismo\/wp-json\/wp\/v2\/types\/post"}],"author":[{"embeddable":true,"href":"https:\/\/blogs.gazetaesportiva.com\/automobilismo\/wp-json\/wp\/v2\/users\/75"}],"replies":[{"embeddable":true,"href":"https:\/\/blogs.gazetaesportiva.com\/automobilismo\/wp-json\/wp\/v2\/comments?post=2351"}],"version-history":[{"count":0,"href":"https:\/\/blogs.gazetaesportiva.com\/automobilismo\/wp-json\/wp\/v2\/posts\/2351\/revisions"}],"wp:featuredmedia":[{"embeddable":true,"href":"https:\/\/blogs.gazetaesportiva.com\/automobilismo\/wp-json\/wp\/v2\/media\/2352"}],"wp:attachment":[{"href":"https:\/\/blogs.gazetaesportiva.com\/automobilismo\/wp-json\/wp\/v2\/media?parent=2351"}],"wp:term":[{"taxonomy":"category","embeddable":true,"href":"https:\/\/blogs.gazetaesportiva.com\/automobilismo\/wp-json\/wp\/v2\/categories?post=2351"},{"taxonomy":"post_tag","embeddable":true,"href":"https:\/\/blogs.gazetaesportiva.com\/automobilismo\/wp-json\/wp\/v2\/tags?post=2351"}],"curies":[{"name":"wp","href":"https:\/\/api.w.org\/{rel}","templated":true}]}}