{"id":2349,"date":"2025-04-28T21:22:47","date_gmt":"2025-04-28T21:22:47","guid":{"rendered":"https:\/\/blogs.gazetaesportiva.com\/automobilismo\/?p=2349"},"modified":"2025-04-28T21:22:47","modified_gmt":"2025-04-28T21:22:47","slug":"francisco-rocha-supera-lesao-e-conquista-terceira-posicao-na-copa-sao-paulo-kgv","status":"publish","type":"post","link":"https:\/\/blogs.gazetaesportiva.com\/automobilismo\/2025\/04\/28\/francisco-rocha-supera-lesao-e-conquista-terceira-posicao-na-copa-sao-paulo-kgv\/","title":{"rendered":"Francisco Rocha supera les\u00e3o e conquista terceira posi\u00e7\u00e3o na Copa S\u00e3o Paulo KGV"},"content":{"rendered":"<p>O piloto paulista Francisco Rocha (Equipes: Car Racing, CRG Brasil\/ Coaches: Alberto Cattucci, L\u00e9o Reis, Rafael Reis, Olin Galli) mostrou mais uma vez sua for\u00e7a e determina\u00e7\u00e3o no kartismo nacional. No \u00faltimo s\u00e1bado (26), ele garantiu a terceira coloca\u00e7\u00e3o na categoria Rotax J\u00fanior Max durante a terceira etapa da Copa S\u00e3o Paulo KGV, realizada no tradicional Kart\u00f3dromo da Granja Viana, em Cotia, na Grande S\u00e3o Paulo.<\/p>\n<figure id=\"attachment_2350\" aria-describedby=\"caption-attachment-2350\" style=\"width: 640px\" class=\"wp-caption alignnone\"><img loading=\"lazy\" decoding=\"async\" src=\"https:\/\/blogs.gazetaesportiva.com\/automobilismo\/files\/2025\/04\/450980_1149635_2510_rocha_21-1024x683.jpg\" alt=\"\" width=\"640\" height=\"427\" class=\"size-large wp-image-2350\" srcset=\"https:\/\/blogs.gazetaesportiva.com\/automobilismo\/files\/2025\/04\/450980_1149635_2510_rocha_21-1024x683.jpg 1024w, https:\/\/blogs.gazetaesportiva.com\/automobilismo\/files\/2025\/04\/450980_1149635_2510_rocha_21-300x200.jpg 300w, https:\/\/blogs.gazetaesportiva.com\/automobilismo\/files\/2025\/04\/450980_1149635_2510_rocha_21-768x512.jpg 768w, https:\/\/blogs.gazetaesportiva.com\/automobilismo\/files\/2025\/04\/450980_1149635_2510_rocha_21-1536x1024.jpg 1536w, https:\/\/blogs.gazetaesportiva.com\/automobilismo\/files\/2025\/04\/450980_1149635_2510_rocha_21-2048x1365.jpg 2048w\" sizes=\"auto, (max-width: 640px) 100vw, 640px\" \/><figcaption id=\"caption-attachment-2350\" class=\"wp-caption-text\">Foto: DarkSide Karts<\/figcaption><\/figure>\n<p>A conquista teve um gosto ainda mais especial, Ap\u00f3s sofrer uma les\u00e3o na m\u00e3o direita durante a etapa anterior do Campeonato Paulista Light, Francisco chegou a ser d\u00favida para a disputa da etapa do Paulista KGV. No entanto, com muita resili\u00eancia e uma recupera\u00e7\u00e3o surpreendente, o atual Campe\u00e3o Brasileiro Rotax n\u00e3o apenas participou da rodada, como tamb\u00e9m foi um dos destaques do fim de semana.<\/p>\n<p>As condi\u00e7\u00f5es de pista trouxeram desafios extras para os competidores. Devido \u00e0 chuva da noite anterior, a tomada de tempo e a primeira bateria aconteceram com o tra\u00e7ado ainda \u00famido. Mesmo assim, Francisco fez bonito e garantiu o quarto melhor tempo, largando da segunda fila para a corrida inicial.<\/p>\n<p>Na primeira bateria, o piloto travou boas disputas no pelot\u00e3o da frente e cruzou a linha de chegada novamente em quarto lugar. Com atua\u00e7\u00f5es consistentes nas duas corridas seguintes, finalizou em quarto lugar e na terceira posi\u00e7\u00f5es, respectivamente. Ao final da tr\u00eas baterias, Francisco somou pontos que o levaram ao p\u00f3dio em terceiro lugar na classifica\u00e7\u00e3o geral da etapa.<\/p>\n<p>&#8220;Essa les\u00e3o atrapalhou um pouco. Fica aquela incerteza se ia conseguir correr direito, mas foi muito importante estar aqui hoje. Consegui disputar todas as baterias e ainda subir no p\u00f3dio. Acho que esse terceiro lugar foi uma vit\u00f3ria pra mim, depois de tudo que passei pra me recuperar&#8221;, comemorou Francisco, com um sorriso no rosto.<\/p>\n<p>Com o resultado, Francisco Rocha segue firme na briga pela lideran\u00e7a do campeonato e alimenta o sonho do bicampeonato na Copa S\u00e3o Paulo KGV, agora na categoria Rotax J\u00fanior Max. Seu desempenho constante vem refor\u00e7ando sua posi\u00e7\u00e3o entre os principais nomes da temporada.<\/p>\n<p>J\u00e1 pensando na pr\u00f3xima rodada, o piloto confirmou presen\u00e7a na quarta etapa da competi\u00e7\u00e3o, marcada para o dia 10 de maio, v\u00e9spera do Dia das M\u00e3es. Determinado, Francisco promete acelerar forte para conquistar mais um p\u00f3dio e dar um presente especial para Dona S\u00edlvia, sua m\u00e3e e grande incentivadora.<\/p>\n","protected":false},"excerpt":{"rendered":"<p>O piloto paulista Francisco Rocha (Equipes: Car Racing, CRG Brasil\/ Coaches: Alberto Cattucci, L\u00e9o Reis, Rafael Reis, Olin Galli) mostrou mais uma vez sua for\u00e7a <a class=\"read-more\" href=\"https:\/\/blogs.gazetaesportiva.com\/automobilismo\/2025\/04\/28\/francisco-rocha-supera-lesao-e-conquista-terceira-posicao-na-copa-sao-paulo-kgv\/\">leia mais<\/a><\/p>\n","protected":false},"author":75,"featured_media":2350,"comment_status":"open","ping_status":"open","sticky":false,"template":"","format":"standard","meta":{"jetpack_post_was_ever_published":false,"_jetpack_newsletter_access":"","_jetpack_dont_email_post_to_subs":false,"_jetpack_newsletter_tier_id":0,"_jetpack_memberships_contains_paywalled_content":false,"_jetpack_memberships_contains_paid_content":false,"footnotes":"","jetpack_publicize_message":"","jetpack_publicize_feature_enabled":true,"jetpack_social_post_already_shared":false,"jetpack_social_options":{"image_generator_settings":{"template":"highway","default_image_id":0,"font":"","enabled":false},"version":2}},"categories":[1],"tags":[],"class_list":["post-2349","post","type-post","status-publish","format-standard","has-post-thumbnail","hentry","category-sem-categoria"],"jetpack_publicize_connections":[],"jetpack_featured_media_url":"https:\/\/blogs.gazetaesportiva.com\/automobilismo\/files\/2025\/04\/450980_1149635_2510_rocha_21-scaled.jpg","jetpack_sharing_enabled":true,"jetpack_shortlink":"https:\/\/wp.me\/pblv91-BT","_links":{"self":[{"href":"https:\/\/blogs.gazetaesportiva.com\/automobilismo\/wp-json\/wp\/v2\/posts\/2349","targetHints":{"allow":["GET"]}}],"collection":[{"href":"https:\/\/blogs.gazetaesportiva.com\/automobilismo\/wp-json\/wp\/v2\/posts"}],"about":[{"href":"https:\/\/blogs.gazetaesportiva.com\/automobilismo\/wp-json\/wp\/v2\/types\/post"}],"author":[{"embeddable":true,"href":"https:\/\/blogs.gazetaesportiva.com\/automobilismo\/wp-json\/wp\/v2\/users\/75"}],"replies":[{"embeddable":true,"href":"https:\/\/blogs.gazetaesportiva.com\/automobilismo\/wp-json\/wp\/v2\/comments?post=2349"}],"version-history":[{"count":0,"href":"https:\/\/blogs.gazetaesportiva.com\/automobilismo\/wp-json\/wp\/v2\/posts\/2349\/revisions"}],"wp:featuredmedia":[{"embeddable":true,"href":"https:\/\/blogs.gazetaesportiva.com\/automobilismo\/wp-json\/wp\/v2\/media\/2350"}],"wp:attachment":[{"href":"https:\/\/blogs.gazetaesportiva.com\/automobilismo\/wp-json\/wp\/v2\/media?parent=2349"}],"wp:term":[{"taxonomy":"category","embeddable":true,"href":"https:\/\/blogs.gazetaesportiva.com\/automobilismo\/wp-json\/wp\/v2\/categories?post=2349"},{"taxonomy":"post_tag","embeddable":true,"href":"https:\/\/blogs.gazetaesportiva.com\/automobilismo\/wp-json\/wp\/v2\/tags?post=2349"}],"curies":[{"name":"wp","href":"https:\/\/api.w.org\/{rel}","templated":true}]}}