{"id":2347,"date":"2025-04-28T16:57:49","date_gmt":"2025-04-28T16:57:49","guid":{"rendered":"https:\/\/blogs.gazetaesportiva.com\/automobilismo\/?p=2347"},"modified":"2025-04-28T16:57:49","modified_gmt":"2025-04-28T16:57:49","slug":"tv-gazeta-traz-expectativa-dos-pilotos-para-a-estreia-de-nova-fase-da-stock-car","status":"publish","type":"post","link":"https:\/\/blogs.gazetaesportiva.com\/automobilismo\/2025\/04\/28\/tv-gazeta-traz-expectativa-dos-pilotos-para-a-estreia-de-nova-fase-da-stock-car\/","title":{"rendered":"TV Gazeta traz expectativa dos pilotos para a estreia de nova fase da Stock Car"},"content":{"rendered":"<p>A Stock Car inicia uma nova fase em seus 46 anos de hist\u00f3ria nesta temporada 2025, com a chegada dos modelos SUV e a ado\u00e7\u00e3o dos motores turbo no lugar do tradicional V8. O Momento Velocidade na TV Gazeta trouxe neste domingo duas reportagens especiais dentro do Gazeta Motors.<\/p>\n<figure id=\"attachment_2336\" aria-describedby=\"caption-attachment-2336\" style=\"width: 640px\" class=\"wp-caption alignnone\"><img loading=\"lazy\" decoding=\"async\" src=\"https:\/\/blogs.gazetaesportiva.com\/automobilismo\/files\/2025\/04\/WhatsApp-Image-2025-04-22-at-13.34.25-1024x576.jpeg\" alt=\"Jo\u00e3o Paulo Oliveira\" width=\"640\" height=\"360\" class=\"size-large wp-image-2336\" srcset=\"https:\/\/blogs.gazetaesportiva.com\/automobilismo\/files\/2025\/04\/WhatsApp-Image-2025-04-22-at-13.34.25-1024x576.jpeg 1024w, https:\/\/blogs.gazetaesportiva.com\/automobilismo\/files\/2025\/04\/WhatsApp-Image-2025-04-22-at-13.34.25-300x169.jpeg 300w, https:\/\/blogs.gazetaesportiva.com\/automobilismo\/files\/2025\/04\/WhatsApp-Image-2025-04-22-at-13.34.25-768x432.jpeg 768w, https:\/\/blogs.gazetaesportiva.com\/automobilismo\/files\/2025\/04\/WhatsApp-Image-2025-04-22-at-13.34.25-1536x864.jpeg 1536w, https:\/\/blogs.gazetaesportiva.com\/automobilismo\/files\/2025\/04\/WhatsApp-Image-2025-04-22-at-13.34.25-2048x1152.jpeg 2048w\" sizes=\"auto, (max-width: 640px) 100vw, 640px\" \/><figcaption id=\"caption-attachment-2336\" class=\"wp-caption-text\">Foto: divulga\u00e7\u00e3o\/RF1<\/figcaption><\/figure>\n<p>Na equipe TOYOTA GAZOO Racing, a expectativa \u00e9 para a estreia tamb\u00e9m de uma estrela internacional do time: Jo\u00e3o Paulo Oliveira, multi campe\u00e3o em diversas categorias, inclusive no Jap\u00e3o, onde passou os anos mais recentes de sua carreira profissional como piloto. Confira a entrevista exclusiva para TV Gazeta:<\/p>\n<p><iframe loading=\"lazy\" title=\"Entrevista com o piloto Jo\u00e3o Paulo de Oliveira | Momento Velocidade | Gazeta Shopping\" width=\"640\" height=\"360\" src=\"https:\/\/www.youtube.com\/embed\/bt5xN9Rt0Hk?feature=oembed\" frameborder=\"0\" allow=\"accelerometer; autoplay; clipboard-write; encrypted-media; gyroscope; picture-in-picture; web-share\" referrerpolicy=\"strict-origin-when-cross-origin\" allowfullscreen><\/iframe><\/p>\n<p>Nosso programa de automobilismo na TV aberta e hor\u00e1rio nobre tamb\u00e9m conversou com Rafael Suzuki, um dos grandes destaques da temporada 2024 e que busca novas vit\u00f3rias com a equipe TMG:<\/p>\n<figure id=\"attachment_2348\" aria-describedby=\"caption-attachment-2348\" style=\"width: 640px\" class=\"wp-caption alignnone\"><img loading=\"lazy\" decoding=\"async\" src=\"https:\/\/blogs.gazetaesportiva.com\/automobilismo\/files\/2025\/04\/450336_1147587_rs_1-761x1024.jpeg\" alt=\"Rafael Suzuki\" width=\"640\" height=\"861\" class=\"size-large wp-image-2348\" srcset=\"https:\/\/blogs.gazetaesportiva.com\/automobilismo\/files\/2025\/04\/450336_1147587_rs_1-761x1024.jpeg 761w, https:\/\/blogs.gazetaesportiva.com\/automobilismo\/files\/2025\/04\/450336_1147587_rs_1-223x300.jpeg 223w, https:\/\/blogs.gazetaesportiva.com\/automobilismo\/files\/2025\/04\/450336_1147587_rs_1-768x1033.jpeg 768w, https:\/\/blogs.gazetaesportiva.com\/automobilismo\/files\/2025\/04\/450336_1147587_rs_1.jpeg 960w\" sizes=\"auto, (max-width: 640px) 100vw, 640px\" \/><figcaption id=\"caption-attachment-2348\" class=\"wp-caption-text\">Foto: Paragraph5\/Christopher Gosch<\/figcaption><\/figure>\n<p><iframe loading=\"lazy\" title=\"Rafael Suzuki fala sobre estreia na Stock Car | Momento Velocidade | Gazeta Shopping\" width=\"640\" height=\"360\" src=\"https:\/\/www.youtube.com\/embed\/xU__UHIysaU?feature=oembed\" frameborder=\"0\" allow=\"accelerometer; autoplay; clipboard-write; encrypted-media; gyroscope; picture-in-picture; web-share\" referrerpolicy=\"strict-origin-when-cross-origin\" allowfullscreen><\/iframe><\/p>\n<p>O Momento Velocidade volta ao ar hoje, desta vez ao vivo dentro do Gazeta Esportiva, por volta de 18h30 na TV Gazeta. E no domingo voltamos com mais reportagens especiais sobre a Stock Car.<\/p>\n","protected":false},"excerpt":{"rendered":"<p>A Stock Car inicia uma nova fase em seus 46 anos de hist\u00f3ria nesta temporada 2025, com a chegada dos modelos SUV e a ado\u00e7\u00e3o <a class=\"read-more\" href=\"https:\/\/blogs.gazetaesportiva.com\/automobilismo\/2025\/04\/28\/tv-gazeta-traz-expectativa-dos-pilotos-para-a-estreia-de-nova-fase-da-stock-car\/\">leia mais<\/a><\/p>\n","protected":false},"author":75,"featured_media":2336,"comment_status":"open","ping_status":"open","sticky":false,"template":"","format":"standard","meta":{"jetpack_post_was_ever_published":false,"_jetpack_newsletter_access":"","_jetpack_dont_email_post_to_subs":false,"_jetpack_newsletter_tier_id":0,"_jetpack_memberships_contains_paywalled_content":false,"_jetpack_memberships_contains_paid_content":false,"footnotes":"","jetpack_publicize_message":"","jetpack_publicize_feature_enabled":true,"jetpack_social_post_already_shared":false,"jetpack_social_options":{"image_generator_settings":{"template":"highway","default_image_id":0,"font":"","enabled":false},"version":2}},"categories":[1],"tags":[],"class_list":["post-2347","post","type-post","status-publish","format-standard","has-post-thumbnail","hentry","category-sem-categoria"],"jetpack_publicize_connections":[],"jetpack_featured_media_url":"https:\/\/blogs.gazetaesportiva.com\/automobilismo\/files\/2025\/04\/WhatsApp-Image-2025-04-22-at-13.34.25-scaled.jpeg","jetpack_sharing_enabled":true,"jetpack_shortlink":"https:\/\/wp.me\/pblv91-BR","_links":{"self":[{"href":"https:\/\/blogs.gazetaesportiva.com\/automobilismo\/wp-json\/wp\/v2\/posts\/2347","targetHints":{"allow":["GET"]}}],"collection":[{"href":"https:\/\/blogs.gazetaesportiva.com\/automobilismo\/wp-json\/wp\/v2\/posts"}],"about":[{"href":"https:\/\/blogs.gazetaesportiva.com\/automobilismo\/wp-json\/wp\/v2\/types\/post"}],"author":[{"embeddable":true,"href":"https:\/\/blogs.gazetaesportiva.com\/automobilismo\/wp-json\/wp\/v2\/users\/75"}],"replies":[{"embeddable":true,"href":"https:\/\/blogs.gazetaesportiva.com\/automobilismo\/wp-json\/wp\/v2\/comments?post=2347"}],"version-history":[{"count":0,"href":"https:\/\/blogs.gazetaesportiva.com\/automobilismo\/wp-json\/wp\/v2\/posts\/2347\/revisions"}],"wp:featuredmedia":[{"embeddable":true,"href":"https:\/\/blogs.gazetaesportiva.com\/automobilismo\/wp-json\/wp\/v2\/media\/2336"}],"wp:attachment":[{"href":"https:\/\/blogs.gazetaesportiva.com\/automobilismo\/wp-json\/wp\/v2\/media?parent=2347"}],"wp:term":[{"taxonomy":"category","embeddable":true,"href":"https:\/\/blogs.gazetaesportiva.com\/automobilismo\/wp-json\/wp\/v2\/categories?post=2347"},{"taxonomy":"post_tag","embeddable":true,"href":"https:\/\/blogs.gazetaesportiva.com\/automobilismo\/wp-json\/wp\/v2\/tags?post=2347"}],"curies":[{"name":"wp","href":"https:\/\/api.w.org\/{rel}","templated":true}]}}