{"id":2345,"date":"2025-04-24T21:41:41","date_gmt":"2025-04-24T21:41:41","guid":{"rendered":"https:\/\/blogs.gazetaesportiva.com\/automobilismo\/?p=2345"},"modified":"2025-04-24T21:41:41","modified_gmt":"2025-04-24T21:41:41","slug":"francisco-rocha-se-recupera-de-lesao-e-esta-confirmado-na-terceira-etapa-do-paulista-kgv","status":"publish","type":"post","link":"https:\/\/blogs.gazetaesportiva.com\/automobilismo\/2025\/04\/24\/francisco-rocha-se-recupera-de-lesao-e-esta-confirmado-na-terceira-etapa-do-paulista-kgv\/","title":{"rendered":"Francisco Rocha se recupera de les\u00e3o e est\u00e1 confirmado na terceira etapa do Paulista KGV"},"content":{"rendered":"<p>As aten\u00e7\u00f5es do kartismo nacional neste fim de semana se voltam para a terceira etapa da Copa S\u00e3o Paulo KGV, no tra\u00e7ado do Kart\u00f3dromo da Granja Viana, em Cotia, na Grande S\u00e3o Paulo. Entre os destaques da Rotax J\u00fanior Max, a serem observado com aten\u00e7\u00e3o, est\u00e1 o paulista Francisco Rocha (Equipes: Car Racing, CRG Brasil\/ Coaches: Alberto Cattucci, L\u00e9o Reis, Rafael Reis, Olin Galli), atual campe\u00e3o da competi\u00e7\u00e3o na Rotax Mini Max, que segue firme entre os l\u00edderes da temporada 2025 em sua nova categoria.<\/p>\n<figure id=\"attachment_2346\" aria-describedby=\"caption-attachment-2346\" style=\"width: 640px\" class=\"wp-caption alignnone\"><img loading=\"lazy\" decoding=\"async\" src=\"https:\/\/blogs.gazetaesportiva.com\/automobilismo\/files\/2025\/04\/450834_1149208_zark2481-1024x683.jpg\" alt=\"Francisco Rocha\" width=\"640\" height=\"427\" class=\"size-large wp-image-2346\" srcset=\"https:\/\/blogs.gazetaesportiva.com\/automobilismo\/files\/2025\/04\/450834_1149208_zark2481-1024x683.jpg 1024w, https:\/\/blogs.gazetaesportiva.com\/automobilismo\/files\/2025\/04\/450834_1149208_zark2481-300x200.jpg 300w, https:\/\/blogs.gazetaesportiva.com\/automobilismo\/files\/2025\/04\/450834_1149208_zark2481-768x512.jpg 768w, https:\/\/blogs.gazetaesportiva.com\/automobilismo\/files\/2025\/04\/450834_1149208_zark2481-1536x1024.jpg 1536w, https:\/\/blogs.gazetaesportiva.com\/automobilismo\/files\/2025\/04\/450834_1149208_zark2481-2048x1365.jpg 2048w\" sizes=\"auto, (max-width: 640px) 100vw, 640px\" \/><figcaption id=\"caption-attachment-2346\" class=\"wp-caption-text\">Foto: DarkSide<\/figcaption><\/figure>\n<p>Rocha j\u00e1 soma dois p\u00f3dios neste ano \u2014 incluindo uma vit\u00f3ria na abertura do campeonato \u2014 e vem construindo uma campanha s\u00f3lida. No entanto, a participa\u00e7\u00e3o na prova deste s\u00e1bado (26) chegou a ser colocada em d\u00favida ap\u00f3s Francisco ter sofrido uma les\u00e3o na m\u00e3o direita, durante a \u00faltima etapa da Copa S\u00e3o Paulo Light.<\/p>\n<p>Mesmo com a les\u00e3o recente, o atleta participou normalmente dos treinos livres desta quarta-feira (23), demonstrando um com ritmo e confian\u00e7a para enfrentar a rodada tripla do fim de semana. \u201cT\u00f4 me sentindo melhor, sim! Ainda d\u00f3i um pouquinho, mas n\u00e3o t\u00e1 atrapalhando tanto na pilotagem, n\u00e3o. Quero muito correr e t\u00f4 feliz de estar de volta\u201d, disse Francisco, otimista.<\/p>\n<p>Campe\u00e3o Brasileiro Rotax em 2024 na Mini Max, Francisco mostra maturidade ao encarar a recupera\u00e7\u00e3o com responsabilidade. Ele passou por sess\u00f5es intensivas de fisioterapia e garantiu que estar\u00e1 pronto para a tomada de tempo, que acontece neste s\u00e1bado, \u00e0s 8h. \u201cO KGV \u00e9 uma competi\u00e7\u00e3o muito importante pra mim. Fiz um tratamento puxado pra conseguir voltar logo, e agora quero aproveitar cada momento dessa etapa\u201d, afirmou.<\/p>\n<p>At\u00e9 sexta-feira (25), os treinos livres continuam movimentando os boxes da Granja Viana, com pilotos de v\u00e1rias categorias se preparando para mais uma etapa decisiva do campeonato. Na Rotax J\u00fanior Max, a expectativa \u00e9 de baterias equilibradas, com v\u00e1rios candidatos \u00e0 vit\u00f3ria.<\/p>\n<p>As corridas de Francisco Rocha tamb\u00e9m acontecem no s\u00e1bado: a primeira bateria \u00e0s 9h20, seguida pela prova das 11h05, e a corrida final da categoria \u00e0s 12h40, encerrando a programa\u00e7\u00e3o matinal da Rotax J\u00fanior Max.<\/p>\n<p>A participa\u00e7\u00e3o do piloto paulista ser\u00e1 acompanhada de perto por seus f\u00e3s, equipe t\u00e9cnica e familiares, que reconhecem sua dedica\u00e7\u00e3o dentro e fora da pista e ainda por quem estiver longe da pista, j\u00e1 que teremos transmiss\u00e3o ao vivo pelo canal oficial do Kart\u00f3dromo Granja Viana no YouTube, permitindo que o p\u00fablico tor\u00e7a por Francisco Rocha na busca mais um p\u00f3dio nesta temporada.<\/p>\n","protected":false},"excerpt":{"rendered":"<p>As aten\u00e7\u00f5es do kartismo nacional neste fim de semana se voltam para a terceira etapa da Copa S\u00e3o Paulo KGV, no tra\u00e7ado do Kart\u00f3dromo da <a class=\"read-more\" href=\"https:\/\/blogs.gazetaesportiva.com\/automobilismo\/2025\/04\/24\/francisco-rocha-se-recupera-de-lesao-e-esta-confirmado-na-terceira-etapa-do-paulista-kgv\/\">leia mais<\/a><\/p>\n","protected":false},"author":75,"featured_media":2346,"comment_status":"open","ping_status":"open","sticky":false,"template":"","format":"standard","meta":{"jetpack_post_was_ever_published":false,"_jetpack_newsletter_access":"","_jetpack_dont_email_post_to_subs":false,"_jetpack_newsletter_tier_id":0,"_jetpack_memberships_contains_paywalled_content":false,"_jetpack_memberships_contains_paid_content":false,"footnotes":"","jetpack_publicize_message":"","jetpack_publicize_feature_enabled":true,"jetpack_social_post_already_shared":false,"jetpack_social_options":{"image_generator_settings":{"template":"highway","default_image_id":0,"font":"","enabled":false},"version":2}},"categories":[1],"tags":[],"class_list":["post-2345","post","type-post","status-publish","format-standard","has-post-thumbnail","hentry","category-sem-categoria"],"jetpack_publicize_connections":[],"jetpack_featured_media_url":"https:\/\/blogs.gazetaesportiva.com\/automobilismo\/files\/2025\/04\/450834_1149208_zark2481-scaled.jpg","jetpack_sharing_enabled":true,"jetpack_shortlink":"https:\/\/wp.me\/pblv91-BP","_links":{"self":[{"href":"https:\/\/blogs.gazetaesportiva.com\/automobilismo\/wp-json\/wp\/v2\/posts\/2345","targetHints":{"allow":["GET"]}}],"collection":[{"href":"https:\/\/blogs.gazetaesportiva.com\/automobilismo\/wp-json\/wp\/v2\/posts"}],"about":[{"href":"https:\/\/blogs.gazetaesportiva.com\/automobilismo\/wp-json\/wp\/v2\/types\/post"}],"author":[{"embeddable":true,"href":"https:\/\/blogs.gazetaesportiva.com\/automobilismo\/wp-json\/wp\/v2\/users\/75"}],"replies":[{"embeddable":true,"href":"https:\/\/blogs.gazetaesportiva.com\/automobilismo\/wp-json\/wp\/v2\/comments?post=2345"}],"version-history":[{"count":0,"href":"https:\/\/blogs.gazetaesportiva.com\/automobilismo\/wp-json\/wp\/v2\/posts\/2345\/revisions"}],"wp:featuredmedia":[{"embeddable":true,"href":"https:\/\/blogs.gazetaesportiva.com\/automobilismo\/wp-json\/wp\/v2\/media\/2346"}],"wp:attachment":[{"href":"https:\/\/blogs.gazetaesportiva.com\/automobilismo\/wp-json\/wp\/v2\/media?parent=2345"}],"wp:term":[{"taxonomy":"category","embeddable":true,"href":"https:\/\/blogs.gazetaesportiva.com\/automobilismo\/wp-json\/wp\/v2\/categories?post=2345"},{"taxonomy":"post_tag","embeddable":true,"href":"https:\/\/blogs.gazetaesportiva.com\/automobilismo\/wp-json\/wp\/v2\/tags?post=2345"}],"curies":[{"name":"wp","href":"https:\/\/api.w.org\/{rel}","templated":true}]}}