{"id":2338,"date":"2025-04-24T15:19:14","date_gmt":"2025-04-24T15:19:14","guid":{"rendered":"https:\/\/blogs.gazetaesportiva.com\/automobilismo\/?p=2338"},"modified":"2025-04-24T15:21:04","modified_gmt":"2025-04-24T15:21:04","slug":"asics-e-marca-senna-lancam-gel-nimbus-27-em-homenagem-a-primeira-conquista-de-ayrton-senna-no-automobilismo","status":"publish","type":"post","link":"https:\/\/blogs.gazetaesportiva.com\/automobilismo\/2025\/04\/24\/asics-e-marca-senna-lancam-gel-nimbus-27-em-homenagem-a-primeira-conquista-de-ayrton-senna-no-automobilismo\/","title":{"rendered":"ASICS e Marca Senna lan\u00e7am GEL-Nimbus 27 \u2122 em homenagem \u00e0 primeira conquista de Ayrton Senna no automobilismo"},"content":{"rendered":"<figure id=\"attachment_2339\" aria-describedby=\"caption-attachment-2339\" style=\"width: 640px\" class=\"wp-caption alignnone\"><img loading=\"lazy\" decoding=\"async\" class=\"size-large wp-image-2339\" src=\"https:\/\/blogs.gazetaesportiva.com\/automobilismo\/files\/2025\/04\/Tenis-da-Asics-1024x683.jpg\" alt=\"\" width=\"640\" height=\"427\" srcset=\"https:\/\/blogs.gazetaesportiva.com\/automobilismo\/files\/2025\/04\/Tenis-da-Asics-1024x683.jpg 1024w, https:\/\/blogs.gazetaesportiva.com\/automobilismo\/files\/2025\/04\/Tenis-da-Asics-300x200.jpg 300w, https:\/\/blogs.gazetaesportiva.com\/automobilismo\/files\/2025\/04\/Tenis-da-Asics-768x512.jpg 768w, https:\/\/blogs.gazetaesportiva.com\/automobilismo\/files\/2025\/04\/Tenis-da-Asics.jpg 1200w\" sizes=\"auto, (max-width: 640px) 100vw, 640px\" \/><figcaption id=\"caption-attachment-2339\" class=\"wp-caption-text\">Foto: Divulga\u00e7\u00e3o<\/figcaption><\/figure>\n<p>A ASICS e a Marca Senna\u00a0 anunciam o lan\u00e7amento de uma vers\u00e3o exclusiva do GEL-Nimbus\u2122 27, modelo desenvolvido para celebrar a trajet\u00f3ria do lend\u00e1rio Ayrton Senna. A parceria tamb\u00e9m traz uma cole\u00e7\u00e3o de vestu\u00e1rio inspirada nas\u00a0 conquistas e legado do piloto. Os f\u00e3s de Senna\u00a0 poder\u00e3o conhecer as pe\u00e7as da collab durante a\u00a0 20\u00aa edi\u00e7\u00e3o da Ayrton Senna Racing Day, corrida que acontece no dia 1\u00ba de maio no Aut\u00f3dromo de Interlagos e \u00e9 o maior tributo do Brasil em homenagem ao tricampe\u00e3o mundial.<\/p>\n<p>A edi\u00e7\u00e3o limitada\u00a0 do GEL-Nimbus\u2122 27 remete \u00e0 primeira vit\u00f3ria de Senna na F\u00f3rmula Ford 1600, em 1981, com um design que homenageia a conquista. O cabedal preto \u00e9 adornado com a logo da ASICS na lateral desenhada por stripes em verde e amarelo que remetem ao capacete\u00a0 do piloto, enquanto a entressola\u00a0 traz\u00a0 um degrad\u00ea do amarelo para o verde, em alus\u00e3o ao carro que marcou sua primeira conquista no automobilismo. Nos detalhes internos, a palmilha exibe a espiral da ASICS em um p\u00e9 e o &#8216;S Senna\u2019 no outro, simbolizando a uni\u00e3o entre os dois universos.<br \/>\n<img loading=\"lazy\" decoding=\"async\" class=\"alignnone size-large wp-image-2341\" src=\"https:\/\/blogs.gazetaesportiva.com\/automobilismo\/files\/2025\/04\/CR5_9062-Enhanced-NR-copy-1024x683.jpg\" alt=\"\" width=\"640\" height=\"427\" srcset=\"https:\/\/blogs.gazetaesportiva.com\/automobilismo\/files\/2025\/04\/CR5_9062-Enhanced-NR-copy-1024x683.jpg 1024w, https:\/\/blogs.gazetaesportiva.com\/automobilismo\/files\/2025\/04\/CR5_9062-Enhanced-NR-copy-300x200.jpg 300w, https:\/\/blogs.gazetaesportiva.com\/automobilismo\/files\/2025\/04\/CR5_9062-Enhanced-NR-copy-768x512.jpg 768w, https:\/\/blogs.gazetaesportiva.com\/automobilismo\/files\/2025\/04\/CR5_9062-Enhanced-NR-copy-1536x1025.jpg 1536w, https:\/\/blogs.gazetaesportiva.com\/automobilismo\/files\/2025\/04\/CR5_9062-Enhanced-NR-copy-2048x1366.jpg 2048w\" sizes=\"auto, (max-width: 640px) 100vw, 640px\" \/><\/p>\n<p>\u201cO lan\u00e7amento do GEL-Nimbus\u2122 27 Senna marca a sexta colabora\u00e7\u00e3o entre a ASICS e a Marca Senna, e reflete n\u00e3o apenas nossa admira\u00e7\u00e3o pelo legado do Ayrton, mas tamb\u00e9m o compromisso compartilhado entre ele e a corrida de rua. A uni\u00e3o entre o corpo e a mente foi um princ\u00edpio em sua carreira vitoriosa como piloto e que continuamos a promover como valor fundamental na marca\u201d, afirmou Alexandre Fiorati, presidente da ASICS Am\u00e9rica Latina.<\/p>\n<p><img loading=\"lazy\" decoding=\"async\" class=\"alignnone size-large wp-image-2340\" src=\"https:\/\/blogs.gazetaesportiva.com\/automobilismo\/files\/2025\/04\/Tenis-da-Asics-Senna-1024x683.jpg\" alt=\"\" width=\"640\" height=\"427\" srcset=\"https:\/\/blogs.gazetaesportiva.com\/automobilismo\/files\/2025\/04\/Tenis-da-Asics-Senna-1024x683.jpg 1024w, https:\/\/blogs.gazetaesportiva.com\/automobilismo\/files\/2025\/04\/Tenis-da-Asics-Senna-300x200.jpg 300w, https:\/\/blogs.gazetaesportiva.com\/automobilismo\/files\/2025\/04\/Tenis-da-Asics-Senna-768x513.jpg 768w, https:\/\/blogs.gazetaesportiva.com\/automobilismo\/files\/2025\/04\/Tenis-da-Asics-Senna.jpg 1500w\" sizes=\"auto, (max-width: 640px) 100vw, 640px\" \/><\/p>\n<p>\u201cEssa nova parceria com a ASICS refor\u00e7a nosso compromisso de manter vivo o legado do Ayrton por meio de produtos que inspiram diferentes gera\u00e7\u00f5es. A cole\u00e7\u00e3o tem um valor especial por homenagear sua primeira vit\u00f3ria no automobilismo e ser apresentada justamente no dia 1\u00ba de maio, durante a Ayrton Senna Racing Day \u2013 o maior tributo ao meu tio nessa data t\u00e3o significativa para todos que admiram sua hist\u00f3ria\u201d, enfatiza Bianca Senna, CEO da Senna Brands e sobrinha de Ayrton Senna.<\/p>\n<figure id=\"attachment_2342\" aria-describedby=\"caption-attachment-2342\" style=\"width: 640px\" class=\"wp-caption alignnone\"><img loading=\"lazy\" decoding=\"async\" class=\"size-large wp-image-2342\" src=\"https:\/\/blogs.gazetaesportiva.com\/automobilismo\/files\/2025\/04\/CR5_8912-Enhanced-NR-copy-683x1024.jpg\" alt=\"\" width=\"640\" height=\"960\" srcset=\"https:\/\/blogs.gazetaesportiva.com\/automobilismo\/files\/2025\/04\/CR5_8912-Enhanced-NR-copy-683x1024.jpg 683w, https:\/\/blogs.gazetaesportiva.com\/automobilismo\/files\/2025\/04\/CR5_8912-Enhanced-NR-copy-200x300.jpg 200w, https:\/\/blogs.gazetaesportiva.com\/automobilismo\/files\/2025\/04\/CR5_8912-Enhanced-NR-copy-768x1151.jpg 768w, https:\/\/blogs.gazetaesportiva.com\/automobilismo\/files\/2025\/04\/CR5_8912-Enhanced-NR-copy-1025x1536.jpg 1025w\" sizes=\"auto, (max-width: 640px) 100vw, 640px\" \/><figcaption id=\"caption-attachment-2342\" class=\"wp-caption-text\">Foto: Divulga\u00e7\u00e3o<\/figcaption><\/figure>\n<p>A colabora\u00e7\u00e3o conta ainda com uma cole\u00e7\u00e3o de vestu\u00e1rio, composta por camiseta casual (R$229,99) e de performance (R$199,99); par de meias (R$79,99); e bon\u00e9 (R$119,99). O GEL-Nimbus\u2122 27 Senna estar\u00e1 dispon\u00edvel oficialmente a partir de 24 de abril nas lojas da ASICS, em seu e-commerce e nos parceiros especializados, com pre\u00e7o de R$ 1.299,99.<\/p>\n<figure id=\"attachment_2343\" aria-describedby=\"caption-attachment-2343\" style=\"width: 640px\" class=\"wp-caption alignnone\"><img loading=\"lazy\" decoding=\"async\" class=\"size-large wp-image-2343\" src=\"https:\/\/blogs.gazetaesportiva.com\/automobilismo\/files\/2025\/04\/CR5_9321-Enhanced-NR-copy-1024x683.jpg\" alt=\"\" width=\"640\" height=\"427\" srcset=\"https:\/\/blogs.gazetaesportiva.com\/automobilismo\/files\/2025\/04\/CR5_9321-Enhanced-NR-copy-1024x683.jpg 1024w, https:\/\/blogs.gazetaesportiva.com\/automobilismo\/files\/2025\/04\/CR5_9321-Enhanced-NR-copy-300x200.jpg 300w, https:\/\/blogs.gazetaesportiva.com\/automobilismo\/files\/2025\/04\/CR5_9321-Enhanced-NR-copy-768x512.jpg 768w, https:\/\/blogs.gazetaesportiva.com\/automobilismo\/files\/2025\/04\/CR5_9321-Enhanced-NR-copy-1536x1025.jpg 1536w, https:\/\/blogs.gazetaesportiva.com\/automobilismo\/files\/2025\/04\/CR5_9321-Enhanced-NR-copy-2048x1366.jpg 2048w\" sizes=\"auto, (max-width: 640px) 100vw, 640px\" \/><figcaption id=\"caption-attachment-2343\" class=\"wp-caption-text\">Foto: Divulga\u00e7\u00e3o<\/figcaption><\/figure>\n","protected":false},"excerpt":{"rendered":"<p>A ASICS e a Marca Senna\u00a0 anunciam o lan\u00e7amento de uma vers\u00e3o exclusiva do GEL-Nimbus\u2122 27, modelo desenvolvido para celebrar a trajet\u00f3ria do lend\u00e1rio Ayrton <a class=\"read-more\" href=\"https:\/\/blogs.gazetaesportiva.com\/automobilismo\/2025\/04\/24\/asics-e-marca-senna-lancam-gel-nimbus-27-em-homenagem-a-primeira-conquista-de-ayrton-senna-no-automobilismo\/\">leia mais<\/a><\/p>\n","protected":false},"author":75,"featured_media":2339,"comment_status":"open","ping_status":"open","sticky":false,"template":"","format":"standard","meta":{"jetpack_post_was_ever_published":false,"_jetpack_newsletter_access":"","_jetpack_dont_email_post_to_subs":false,"_jetpack_newsletter_tier_id":0,"_jetpack_memberships_contains_paywalled_content":false,"_jetpack_memberships_contains_paid_content":false,"footnotes":"","jetpack_publicize_message":"","jetpack_publicize_feature_enabled":true,"jetpack_social_post_already_shared":false,"jetpack_social_options":{"image_generator_settings":{"template":"highway","default_image_id":0,"font":"","enabled":false},"version":2}},"categories":[1],"tags":[],"class_list":["post-2338","post","type-post","status-publish","format-standard","has-post-thumbnail","hentry","category-sem-categoria"],"jetpack_publicize_connections":[],"jetpack_featured_media_url":"https:\/\/blogs.gazetaesportiva.com\/automobilismo\/files\/2025\/04\/Tenis-da-Asics.jpg","jetpack_sharing_enabled":true,"jetpack_shortlink":"https:\/\/wp.me\/pblv91-BI","_links":{"self":[{"href":"https:\/\/blogs.gazetaesportiva.com\/automobilismo\/wp-json\/wp\/v2\/posts\/2338","targetHints":{"allow":["GET"]}}],"collection":[{"href":"https:\/\/blogs.gazetaesportiva.com\/automobilismo\/wp-json\/wp\/v2\/posts"}],"about":[{"href":"https:\/\/blogs.gazetaesportiva.com\/automobilismo\/wp-json\/wp\/v2\/types\/post"}],"author":[{"embeddable":true,"href":"https:\/\/blogs.gazetaesportiva.com\/automobilismo\/wp-json\/wp\/v2\/users\/75"}],"replies":[{"embeddable":true,"href":"https:\/\/blogs.gazetaesportiva.com\/automobilismo\/wp-json\/wp\/v2\/comments?post=2338"}],"version-history":[{"count":0,"href":"https:\/\/blogs.gazetaesportiva.com\/automobilismo\/wp-json\/wp\/v2\/posts\/2338\/revisions"}],"wp:featuredmedia":[{"embeddable":true,"href":"https:\/\/blogs.gazetaesportiva.com\/automobilismo\/wp-json\/wp\/v2\/media\/2339"}],"wp:attachment":[{"href":"https:\/\/blogs.gazetaesportiva.com\/automobilismo\/wp-json\/wp\/v2\/media?parent=2338"}],"wp:term":[{"taxonomy":"category","embeddable":true,"href":"https:\/\/blogs.gazetaesportiva.com\/automobilismo\/wp-json\/wp\/v2\/categories?post=2338"},{"taxonomy":"post_tag","embeddable":true,"href":"https:\/\/blogs.gazetaesportiva.com\/automobilismo\/wp-json\/wp\/v2\/tags?post=2338"}],"curies":[{"name":"wp","href":"https:\/\/api.w.org\/{rel}","templated":true}]}}