{"id":2329,"date":"2025-04-16T18:32:59","date_gmt":"2025-04-16T18:32:59","guid":{"rendered":"https:\/\/blogs.gazetaesportiva.com\/automobilismo\/?p=2329"},"modified":"2025-04-16T18:32:59","modified_gmt":"2025-04-16T18:32:59","slug":"bastidores-da-nascar-brasil-e-da-truck-em-destaque-no-momento-velocidade-da-tv-gazeta","status":"publish","type":"post","link":"https:\/\/blogs.gazetaesportiva.com\/automobilismo\/2025\/04\/16\/bastidores-da-nascar-brasil-e-da-truck-em-destaque-no-momento-velocidade-da-tv-gazeta\/","title":{"rendered":"Bastidores da Nascar Brasil e da Truck em destaque no Momento Velocidade da TV Gazeta"},"content":{"rendered":"<p>O Momento Velocidade, faixa exclusiva de automobilismo na TV aberta e em hor\u00e1rio nobre, mostrou neste domingo na TV Gazeta duas reportagens especiais sobre os bastidores do esporte.<\/p>\n<figure id=\"attachment_2330\" aria-describedby=\"caption-attachment-2330\" style=\"width: 640px\" class=\"wp-caption alignnone\"><img loading=\"lazy\" decoding=\"async\" src=\"https:\/\/blogs.gazetaesportiva.com\/automobilismo\/files\/2025\/04\/RS1R3113-1024x683.jpg\" alt=\"Cac\u00e1 Bueno\" width=\"640\" height=\"427\" class=\"size-large wp-image-2330\" srcset=\"https:\/\/blogs.gazetaesportiva.com\/automobilismo\/files\/2025\/04\/RS1R3113-1024x683.jpg 1024w, https:\/\/blogs.gazetaesportiva.com\/automobilismo\/files\/2025\/04\/RS1R3113-300x200.jpg 300w, https:\/\/blogs.gazetaesportiva.com\/automobilismo\/files\/2025\/04\/RS1R3113-768x512.jpg 768w, https:\/\/blogs.gazetaesportiva.com\/automobilismo\/files\/2025\/04\/RS1R3113-1536x1024.jpg 1536w, https:\/\/blogs.gazetaesportiva.com\/automobilismo\/files\/2025\/04\/RS1R3113-2048x1365.jpg 2048w\" sizes=\"auto, (max-width: 640px) 100vw, 640px\" \/><figcaption id=\"caption-attachment-2330\" class=\"wp-caption-text\">Foto: Rodrigo Guimar\u00e3es<\/figcaption><\/figure>\n<p>Primeiro, com a estreia de Cac\u00e1 Bueno na Nascar Brasil, com a equipe Betnacional RC. Ele far\u00e1 a temporada completa e mostramos como foi o seu final de semana em Campo Grande, onde foi disputada a abertura do campeonato:<\/p>\n<p><iframe loading=\"lazy\" title=\"Momento velocidade  | Gazeta Motors | Momento Velocidade | #M\u00easDaP\u00e1scoa2025\" width=\"640\" height=\"360\" src=\"https:\/\/www.youtube.com\/embed\/TWbcYriJ6R0?feature=oembed\" frameborder=\"0\" allow=\"accelerometer; autoplay; clipboard-write; encrypted-media; gyroscope; picture-in-picture; web-share\" referrerpolicy=\"strict-origin-when-cross-origin\" allowfullscreen><\/iframe><\/p>\n<figure id=\"attachment_2331\" aria-describedby=\"caption-attachment-2331\" style=\"width: 640px\" class=\"wp-caption alignnone\"><img loading=\"lazy\" decoding=\"async\" src=\"https:\/\/blogs.gazetaesportiva.com\/automobilismo\/files\/2025\/04\/449589_1145323_whatsapp_image_2025_03_23_at_14.06.41-768x1024.jpeg\" alt=\"Giaffone\" width=\"640\" height=\"853\" class=\"size-large wp-image-2331\" srcset=\"https:\/\/blogs.gazetaesportiva.com\/automobilismo\/files\/2025\/04\/449589_1145323_whatsapp_image_2025_03_23_at_14.06.41-768x1024.jpeg 768w, https:\/\/blogs.gazetaesportiva.com\/automobilismo\/files\/2025\/04\/449589_1145323_whatsapp_image_2025_03_23_at_14.06.41-225x300.jpeg 225w, https:\/\/blogs.gazetaesportiva.com\/automobilismo\/files\/2025\/04\/449589_1145323_whatsapp_image_2025_03_23_at_14.06.41-1152x1536.jpeg 1152w, https:\/\/blogs.gazetaesportiva.com\/automobilismo\/files\/2025\/04\/449589_1145323_whatsapp_image_2025_03_23_at_14.06.41-1536x2048.jpeg 1536w, https:\/\/blogs.gazetaesportiva.com\/automobilismo\/files\/2025\/04\/449589_1145323_whatsapp_image_2025_03_23_at_14.06.41-scaled.jpeg 1920w\" sizes=\"auto, (max-width: 640px) 100vw, 640px\" \/><figcaption id=\"caption-attachment-2331\" class=\"wp-caption-text\">Foto: Vanderley Soares<\/figcaption><\/figure>\n<p>E o Momento Velocidade tamb\u00e9m exibiu de forma in\u00e9dita como foi o final de semana de estreia dos tr\u00eas pilotos da fam\u00edlia Giaffone, tamb\u00e9m em Campo Grande. Maior campe\u00e3o da Truck, Felipe Giaffone agora tem seu filho Nic como companheiro de equipe na Volkswagen. E Tito Giaffone, o filho ca\u00e7ula, estreou na Nascar Brasil com a equipe Full Time Sports.<\/p>\n<p><iframe loading=\"lazy\" title=\"Momento velocidade | Gazeta Motors | Momento Velocidade | #M\u00easDaP\u00e1scoa2025\" width=\"640\" height=\"360\" src=\"https:\/\/www.youtube.com\/embed\/XLZLZBHbEjI?feature=oembed\" frameborder=\"0\" allow=\"accelerometer; autoplay; clipboard-write; encrypted-media; gyroscope; picture-in-picture; web-share\" referrerpolicy=\"strict-origin-when-cross-origin\" allowfullscreen><\/iframe><\/p>\n","protected":false},"excerpt":{"rendered":"<p>O Momento Velocidade, faixa exclusiva de automobilismo na TV aberta e em hor\u00e1rio nobre, mostrou neste domingo na TV Gazeta duas reportagens especiais sobre os <a class=\"read-more\" href=\"https:\/\/blogs.gazetaesportiva.com\/automobilismo\/2025\/04\/16\/bastidores-da-nascar-brasil-e-da-truck-em-destaque-no-momento-velocidade-da-tv-gazeta\/\">leia mais<\/a><\/p>\n","protected":false},"author":75,"featured_media":2330,"comment_status":"open","ping_status":"open","sticky":false,"template":"","format":"standard","meta":{"jetpack_post_was_ever_published":false,"_jetpack_newsletter_access":"","_jetpack_dont_email_post_to_subs":false,"_jetpack_newsletter_tier_id":0,"_jetpack_memberships_contains_paywalled_content":false,"_jetpack_memberships_contains_paid_content":false,"footnotes":"","jetpack_publicize_message":"","jetpack_publicize_feature_enabled":true,"jetpack_social_post_already_shared":false,"jetpack_social_options":{"image_generator_settings":{"template":"highway","default_image_id":0,"font":"","enabled":false},"version":2}},"categories":[1],"tags":[],"class_list":["post-2329","post","type-post","status-publish","format-standard","has-post-thumbnail","hentry","category-sem-categoria"],"jetpack_publicize_connections":[],"jetpack_featured_media_url":"https:\/\/blogs.gazetaesportiva.com\/automobilismo\/files\/2025\/04\/RS1R3113-scaled.jpg","jetpack_sharing_enabled":true,"jetpack_shortlink":"https:\/\/wp.me\/pblv91-Bz","_links":{"self":[{"href":"https:\/\/blogs.gazetaesportiva.com\/automobilismo\/wp-json\/wp\/v2\/posts\/2329","targetHints":{"allow":["GET"]}}],"collection":[{"href":"https:\/\/blogs.gazetaesportiva.com\/automobilismo\/wp-json\/wp\/v2\/posts"}],"about":[{"href":"https:\/\/blogs.gazetaesportiva.com\/automobilismo\/wp-json\/wp\/v2\/types\/post"}],"author":[{"embeddable":true,"href":"https:\/\/blogs.gazetaesportiva.com\/automobilismo\/wp-json\/wp\/v2\/users\/75"}],"replies":[{"embeddable":true,"href":"https:\/\/blogs.gazetaesportiva.com\/automobilismo\/wp-json\/wp\/v2\/comments?post=2329"}],"version-history":[{"count":0,"href":"https:\/\/blogs.gazetaesportiva.com\/automobilismo\/wp-json\/wp\/v2\/posts\/2329\/revisions"}],"wp:featuredmedia":[{"embeddable":true,"href":"https:\/\/blogs.gazetaesportiva.com\/automobilismo\/wp-json\/wp\/v2\/media\/2330"}],"wp:attachment":[{"href":"https:\/\/blogs.gazetaesportiva.com\/automobilismo\/wp-json\/wp\/v2\/media?parent=2329"}],"wp:term":[{"taxonomy":"category","embeddable":true,"href":"https:\/\/blogs.gazetaesportiva.com\/automobilismo\/wp-json\/wp\/v2\/categories?post=2329"},{"taxonomy":"post_tag","embeddable":true,"href":"https:\/\/blogs.gazetaesportiva.com\/automobilismo\/wp-json\/wp\/v2\/tags?post=2329"}],"curies":[{"name":"wp","href":"https:\/\/api.w.org\/{rel}","templated":true}]}}