{"id":2318,"date":"2025-04-14T17:15:44","date_gmt":"2025-04-14T17:15:44","guid":{"rendered":"https:\/\/blogs.gazetaesportiva.com\/automobilismo\/?p=2318"},"modified":"2025-04-14T17:15:44","modified_gmt":"2025-04-14T17:15:44","slug":"enzo-gianfratti-estreia-no-tcr-south-america-neste-final-de-semana-na-argentina","status":"publish","type":"post","link":"https:\/\/blogs.gazetaesportiva.com\/automobilismo\/2025\/04\/14\/enzo-gianfratti-estreia-no-tcr-south-america-neste-final-de-semana-na-argentina\/","title":{"rendered":"Enzo Gianfratti estreia no TCR South America neste final de semana na Argentina"},"content":{"rendered":"<p>Um dos novos talentos do automobilismo brasileiro, Enzo Gianfratti vai fazer sua estreia em categorias internacionais neste final de semana. O piloto recebeu um convite para disputar a segunda etapa do TCR South America, que ser\u00e1 disputada no circuito de Ober\u00e1, na Argentina, e vai defender a equipe Porthack, que recebe apoio da Scuderia Martino, time que atua com o modelo Honda Civic.<\/p>\n<figure id=\"attachment_2319\" aria-describedby=\"caption-attachment-2319\" style=\"width: 1000px\" class=\"wp-caption alignnone\"><img loading=\"lazy\" decoding=\"async\" src=\"https:\/\/blogs.gazetaesportiva.com\/automobilismo\/files\/2025\/04\/Sem-Titulo-3.jpg\" alt=\"Enzo Gianfratti\" width=\"1000\" height=\"633\" class=\"size-full wp-image-2319\" srcset=\"https:\/\/blogs.gazetaesportiva.com\/automobilismo\/files\/2025\/04\/Sem-Titulo-3.jpg 1000w, https:\/\/blogs.gazetaesportiva.com\/automobilismo\/files\/2025\/04\/Sem-Titulo-3-300x190.jpg 300w, https:\/\/blogs.gazetaesportiva.com\/automobilismo\/files\/2025\/04\/Sem-Titulo-3-768x486.jpg 768w\" sizes=\"auto, (max-width: 1000px) 100vw, 1000px\" \/><figcaption id=\"caption-attachment-2319\" class=\"wp-caption-text\">Foto: Rodrigo Ruiz<\/figcaption><\/figure>\n<p>Gianfratti, que \u00e9 o atual campe\u00e3o da AMG Cup Brasil e est\u00e1 confirmado no grid da Stock Light para 2025, far\u00e1 um teste junto da equipe nesta ter\u00e7a-feira no circuito de C\u00f3rdoba, tamb\u00e9m na Argentina, para ter um primeiro contato com o Honda Civic que vai pilotar. O piloto celebra a oportunidade de estrear no TCR South America e espera ter um bom desempenho na etapa.<\/p>\n<p>\u201cEstou muito feliz em fazer minha estreia no TCR South America e agrade\u00e7o muito o convite da equipe Porthack para que eu possa disputar esta etapa. Ser\u00e1 a minha primeira vez no carro e na Argentina, ent\u00e3o espero me adaptar rapidamente para ter condi\u00e7\u00f5es de fazer uma estreia positiva\u201d, disse Enzo Gianfratti.<\/p>\n<p>A programa\u00e7\u00e3o do TCR South America prev\u00ea a realiza\u00e7\u00e3o de treinos e da classifica\u00e7\u00e3o neste s\u00e1bado, e as duas corridas marcadas para o domingo, ambas com transmiss\u00e3o das m\u00eddias do Grupo Bandeirantes de Comunica\u00e7\u00e3o.<\/p>\n","protected":false},"excerpt":{"rendered":"<p>Um dos novos talentos do automobilismo brasileiro, Enzo Gianfratti vai fazer sua estreia em categorias internacionais neste final de semana. O piloto recebeu um convite <a class=\"read-more\" href=\"https:\/\/blogs.gazetaesportiva.com\/automobilismo\/2025\/04\/14\/enzo-gianfratti-estreia-no-tcr-south-america-neste-final-de-semana-na-argentina\/\">leia mais<\/a><\/p>\n","protected":false},"author":75,"featured_media":2319,"comment_status":"open","ping_status":"open","sticky":false,"template":"","format":"standard","meta":{"jetpack_post_was_ever_published":false,"_jetpack_newsletter_access":"","_jetpack_dont_email_post_to_subs":false,"_jetpack_newsletter_tier_id":0,"_jetpack_memberships_contains_paywalled_content":false,"_jetpack_memberships_contains_paid_content":false,"footnotes":"","jetpack_publicize_message":"","jetpack_publicize_feature_enabled":true,"jetpack_social_post_already_shared":false,"jetpack_social_options":{"image_generator_settings":{"template":"highway","default_image_id":0,"font":"","enabled":false},"version":2}},"categories":[1],"tags":[],"class_list":["post-2318","post","type-post","status-publish","format-standard","has-post-thumbnail","hentry","category-sem-categoria"],"jetpack_publicize_connections":[],"jetpack_featured_media_url":"https:\/\/blogs.gazetaesportiva.com\/automobilismo\/files\/2025\/04\/Sem-Titulo-3.jpg","jetpack_sharing_enabled":true,"jetpack_shortlink":"https:\/\/wp.me\/pblv91-Bo","_links":{"self":[{"href":"https:\/\/blogs.gazetaesportiva.com\/automobilismo\/wp-json\/wp\/v2\/posts\/2318","targetHints":{"allow":["GET"]}}],"collection":[{"href":"https:\/\/blogs.gazetaesportiva.com\/automobilismo\/wp-json\/wp\/v2\/posts"}],"about":[{"href":"https:\/\/blogs.gazetaesportiva.com\/automobilismo\/wp-json\/wp\/v2\/types\/post"}],"author":[{"embeddable":true,"href":"https:\/\/blogs.gazetaesportiva.com\/automobilismo\/wp-json\/wp\/v2\/users\/75"}],"replies":[{"embeddable":true,"href":"https:\/\/blogs.gazetaesportiva.com\/automobilismo\/wp-json\/wp\/v2\/comments?post=2318"}],"version-history":[{"count":0,"href":"https:\/\/blogs.gazetaesportiva.com\/automobilismo\/wp-json\/wp\/v2\/posts\/2318\/revisions"}],"wp:featuredmedia":[{"embeddable":true,"href":"https:\/\/blogs.gazetaesportiva.com\/automobilismo\/wp-json\/wp\/v2\/media\/2319"}],"wp:attachment":[{"href":"https:\/\/blogs.gazetaesportiva.com\/automobilismo\/wp-json\/wp\/v2\/media?parent=2318"}],"wp:term":[{"taxonomy":"category","embeddable":true,"href":"https:\/\/blogs.gazetaesportiva.com\/automobilismo\/wp-json\/wp\/v2\/categories?post=2318"},{"taxonomy":"post_tag","embeddable":true,"href":"https:\/\/blogs.gazetaesportiva.com\/automobilismo\/wp-json\/wp\/v2\/tags?post=2318"}],"curies":[{"name":"wp","href":"https:\/\/api.w.org\/{rel}","templated":true}]}}