{"id":2274,"date":"2025-04-11T18:25:59","date_gmt":"2025-04-11T18:25:59","guid":{"rendered":"https:\/\/blogs.gazetaesportiva.com\/automobilismo\/?p=2274"},"modified":"2025-04-11T18:25:59","modified_gmt":"2025-04-11T18:25:59","slug":"copa-hb20-lider-da-elite-uli-dias-domina-treinos-em-londrina-com-a-d4u-immigration","status":"publish","type":"post","link":"https:\/\/blogs.gazetaesportiva.com\/automobilismo\/2025\/04\/11\/copa-hb20-lider-da-elite-uli-dias-domina-treinos-em-londrina-com-a-d4u-immigration\/","title":{"rendered":"Copa HB20: L\u00edder da Elite, Uli Dias domina treinos em Londrina com a D4U Immigration"},"content":{"rendered":"<p>L\u00edder da classe Elite da Copa HB20, Uli Dias foi o piloto mais r\u00e1pido da sexta-feira (11) de treinos livres para a segunda etapa do campeonato, que \u00e9 realizada no Aut\u00f3dromo Internacional Ayrton Senna, em Londrina (PR). O piloto que leva as cores da D4U Immigration no Hyundai n\u00famero 100 liderou as duas atividades do dia no norte paranaense, cravando 1min48s855 na melhor das suas voltas.<\/p>\n<figure id=\"attachment_2275\" aria-describedby=\"caption-attachment-2275\" style=\"width: 640px\" class=\"wp-caption alignnone\"><img loading=\"lazy\" decoding=\"async\" src=\"https:\/\/blogs.gazetaesportiva.com\/automobilismo\/files\/2025\/04\/20250410_820_Truck_HB20_Londrina_RodrigoRuiz_00918-1024x683.jpg\" alt=\"Uli Dias\" width=\"640\" height=\"427\" class=\"size-large wp-image-2275\" srcset=\"https:\/\/blogs.gazetaesportiva.com\/automobilismo\/files\/2025\/04\/20250410_820_Truck_HB20_Londrina_RodrigoRuiz_00918-1024x683.jpg 1024w, https:\/\/blogs.gazetaesportiva.com\/automobilismo\/files\/2025\/04\/20250410_820_Truck_HB20_Londrina_RodrigoRuiz_00918-300x200.jpg 300w, https:\/\/blogs.gazetaesportiva.com\/automobilismo\/files\/2025\/04\/20250410_820_Truck_HB20_Londrina_RodrigoRuiz_00918-768x512.jpg 768w, https:\/\/blogs.gazetaesportiva.com\/automobilismo\/files\/2025\/04\/20250410_820_Truck_HB20_Londrina_RodrigoRuiz_00918-1536x1025.jpg 1536w, https:\/\/blogs.gazetaesportiva.com\/automobilismo\/files\/2025\/04\/20250410_820_Truck_HB20_Londrina_RodrigoRuiz_00918-2048x1366.jpg 2048w\" sizes=\"auto, (max-width: 640px) 100vw, 640px\" \/><figcaption id=\"caption-attachment-2275\" class=\"wp-caption-text\">Foto: Rodrigo Aguiar Ruiz\/RR Media<\/figcaption><\/figure>\n<p>O atual campe\u00e3o da classe Super destacou o uso de lastro em seu carro, algo que n\u00e3o enfrentou em Campo Grande (MS), na abertura do campeonato. Por ser o l\u00edder do campeonato, Uli ter\u00e1 de disputar a etapa marcada para este final de semana com um peso extra de 25 quilos em seu carro. Ainda assim, o piloto destacou o bom desempenho de seu HB20.<\/p>\n<p>\u201cEstou feliz com os resultados dos treinos. \u00c9 bom come\u00e7ar assim. Estou carregando bastante peso, ent\u00e3o pensei que ter\u00edamos mais dificuldades nos trechos de subida, mas o carro se comportou bem. Amanh\u00e3 \u00e9 o que vale, e todo mundo est\u00e1 perto\u201d, disse Uli, logo ap\u00f3s o encerramento das atividades do dia da Copa HB20.<\/p>\n<p>\u201cEu gostei muito daqui de Londrina, n\u00e3o tinha andado aqui ainda. \u00c9 uma pista mais apertada, com bastante muro, curvas r\u00e1pidas, com subidas e descidas. \u00c9 bem divertido de andar. O acerto do carro \u00e9 outro, mas vamos com tudo para a sequ\u00eancia do final de semana\u201d, completou Uli Dias, que tem o patroc\u00ednio de D4U Immigration.<\/p>\n<p>A programa\u00e7\u00e3o da Copa HB20 em Londrina ter\u00e1 sequ\u00eancia neste s\u00e1bado, dia que contar\u00e1 com um treino livre, a classifica\u00e7\u00e3o e a primeira corrida, marcada para 15h20. O domingo ter\u00e1 o fechamento da etapa com mais uma corrida, esta marcada para 11h45. Canal UOL e YouTube mostram as disputas ao vivo, enquanto a RedeTV! exibe a rodada dupla em VT.<\/p>\n","protected":false},"excerpt":{"rendered":"<p>L\u00edder da classe Elite da Copa HB20, Uli Dias foi o piloto mais r\u00e1pido da sexta-feira (11) de treinos livres para a segunda etapa do <a class=\"read-more\" href=\"https:\/\/blogs.gazetaesportiva.com\/automobilismo\/2025\/04\/11\/copa-hb20-lider-da-elite-uli-dias-domina-treinos-em-londrina-com-a-d4u-immigration\/\">leia mais<\/a><\/p>\n","protected":false},"author":75,"featured_media":2275,"comment_status":"open","ping_status":"open","sticky":false,"template":"","format":"standard","meta":{"jetpack_post_was_ever_published":false,"_jetpack_newsletter_access":"","_jetpack_dont_email_post_to_subs":false,"_jetpack_newsletter_tier_id":0,"_jetpack_memberships_contains_paywalled_content":false,"_jetpack_memberships_contains_paid_content":false,"footnotes":"","jetpack_publicize_message":"","jetpack_publicize_feature_enabled":true,"jetpack_social_post_already_shared":false,"jetpack_social_options":{"image_generator_settings":{"template":"highway","default_image_id":0,"font":"","enabled":false},"version":2}},"categories":[1],"tags":[],"class_list":["post-2274","post","type-post","status-publish","format-standard","has-post-thumbnail","hentry","category-sem-categoria"],"jetpack_publicize_connections":[],"jetpack_featured_media_url":"https:\/\/blogs.gazetaesportiva.com\/automobilismo\/files\/2025\/04\/20250410_820_Truck_HB20_Londrina_RodrigoRuiz_00918-scaled.jpg","jetpack_sharing_enabled":true,"jetpack_shortlink":"https:\/\/wp.me\/pblv91-AG","_links":{"self":[{"href":"https:\/\/blogs.gazetaesportiva.com\/automobilismo\/wp-json\/wp\/v2\/posts\/2274","targetHints":{"allow":["GET"]}}],"collection":[{"href":"https:\/\/blogs.gazetaesportiva.com\/automobilismo\/wp-json\/wp\/v2\/posts"}],"about":[{"href":"https:\/\/blogs.gazetaesportiva.com\/automobilismo\/wp-json\/wp\/v2\/types\/post"}],"author":[{"embeddable":true,"href":"https:\/\/blogs.gazetaesportiva.com\/automobilismo\/wp-json\/wp\/v2\/users\/75"}],"replies":[{"embeddable":true,"href":"https:\/\/blogs.gazetaesportiva.com\/automobilismo\/wp-json\/wp\/v2\/comments?post=2274"}],"version-history":[{"count":0,"href":"https:\/\/blogs.gazetaesportiva.com\/automobilismo\/wp-json\/wp\/v2\/posts\/2274\/revisions"}],"wp:featuredmedia":[{"embeddable":true,"href":"https:\/\/blogs.gazetaesportiva.com\/automobilismo\/wp-json\/wp\/v2\/media\/2275"}],"wp:attachment":[{"href":"https:\/\/blogs.gazetaesportiva.com\/automobilismo\/wp-json\/wp\/v2\/media?parent=2274"}],"wp:term":[{"taxonomy":"category","embeddable":true,"href":"https:\/\/blogs.gazetaesportiva.com\/automobilismo\/wp-json\/wp\/v2\/categories?post=2274"},{"taxonomy":"post_tag","embeddable":true,"href":"https:\/\/blogs.gazetaesportiva.com\/automobilismo\/wp-json\/wp\/v2\/tags?post=2274"}],"curies":[{"name":"wp","href":"https:\/\/api.w.org\/{rel}","templated":true}]}}