{"id":2272,"date":"2025-04-11T15:31:00","date_gmt":"2025-04-11T15:31:00","guid":{"rendered":"https:\/\/blogs.gazetaesportiva.com\/automobilismo\/?p=2272"},"modified":"2025-04-11T15:31:00","modified_gmt":"2025-04-11T15:31:00","slug":"f3-rafael-camara-fatura-pole-position-no-bahrein-com-volta-no-final-da-classificacao","status":"publish","type":"post","link":"https:\/\/blogs.gazetaesportiva.com\/automobilismo\/2025\/04\/11\/f3-rafael-camara-fatura-pole-position-no-bahrein-com-volta-no-final-da-classificacao\/","title":{"rendered":"F3: Rafael C\u00e2mara fatura pole position no Bahrein com volta no final da classifica\u00e7\u00e3o"},"content":{"rendered":"<p>O brasileiro Rafael C\u00e2mara conquistou nesta sexta-feira (11) a pole position para a segunda etapa da F\u00f3rmula 3, disputada no Circuito Internacional do Bahrein, em Sakhir. O piloto da Trident e integrante do Ferrari Driver Academy acertou a \u00faltima volta na classifica\u00e7\u00e3o ao anotar 1min49s214 para faturar a posi\u00e7\u00e3o de honra pela segunda vez na temporada 2025.<\/p>\n<figure id=\"attachment_2273\" aria-describedby=\"caption-attachment-2273\" style=\"width: 640px\" class=\"wp-caption alignnone\"><img loading=\"lazy\" decoding=\"async\" src=\"https:\/\/blogs.gazetaesportiva.com\/automobilismo\/files\/2025\/04\/WhatsApp-Image-2025-04-11-at-12.13.44-819x1024.jpeg\" alt=\"Rafael C\u00e2mara\" width=\"640\" height=\"800\" class=\"size-large wp-image-2273\" srcset=\"https:\/\/blogs.gazetaesportiva.com\/automobilismo\/files\/2025\/04\/WhatsApp-Image-2025-04-11-at-12.13.44-819x1024.jpeg 819w, https:\/\/blogs.gazetaesportiva.com\/automobilismo\/files\/2025\/04\/WhatsApp-Image-2025-04-11-at-12.13.44-240x300.jpeg 240w, https:\/\/blogs.gazetaesportiva.com\/automobilismo\/files\/2025\/04\/WhatsApp-Image-2025-04-11-at-12.13.44-768x960.jpeg 768w, https:\/\/blogs.gazetaesportiva.com\/automobilismo\/files\/2025\/04\/WhatsApp-Image-2025-04-11-at-12.13.44.jpeg 1080w\" sizes=\"auto, (max-width: 640px) 100vw, 640px\" \/><figcaption id=\"caption-attachment-2273\" class=\"wp-caption-text\">Foto: Trident<\/figcaption><\/figure>\n<p>L\u00edder do campeonato e dono de uma vit\u00f3ria na etapa de abertura, na Austr\u00e1lia, C\u00e2mara j\u00e1 havia sido o principal destaque do \u00fanico treino livre do final de semana, ao ser o mais r\u00e1pido. Na sess\u00e3o que definiu as posi\u00e7\u00f5es de largada, o brasileiro se colocou entre os l\u00edderes a partir da segunda metade da sess\u00e3o, e faturou a pole position com uma volta j\u00e1 nos minutos finais.<\/p>\n<p>\u201cEstou muito feliz com a pole, queria agradecer todo time pela performance e vamos focar em duas boas corridas para sair daqui bem no campeonato.\u201d, disse Rafael C\u00e2mara, que destacou ainda a necessidade de administrar os pneus nas corridas no forte calor no circuito barenita.<\/p>\n<p>\u201cA temperatura est\u00e1 bem alta no final de semana aqui no Bahrein e com certeza administrar bem os pneus ser\u00e1 importante no s\u00e1bado e domingo\u201d, completou o brasileiro integrante do Ferrari Driver Academy e atual campe\u00e3o da FRECA.<\/p>\n<p>Com a pole position para a corrida principal no Bahrein, o brasileiro garante mais dois pontos na tabela de classifica\u00e7\u00e3o do campeonato. Assim, C\u00e2mara agora tem 30 pontos, 11 a mais em rela\u00e7\u00e3o ao segundo colocado. No s\u00e1bado, o \u00fanico brasileiro do grid da F3 largar\u00e1 da 12\u00aa posi\u00e7\u00e3o, por conta da invers\u00e3o de posi\u00e7\u00f5es entre os 12 melhores do qualifying.<\/p>\n<p>A corrida Sprint da F3 em Sakhir ser\u00e1 disputada neste s\u00e1bado (12), a partir das 7h15. A etapa do Bahrein ainda contar\u00e1 com a prova principal no domingo, com largada marcada para 6h55. O BandSports exibe as duas corridas ao vivo.<\/p>\n","protected":false},"excerpt":{"rendered":"<p>O brasileiro Rafael C\u00e2mara conquistou nesta sexta-feira (11) a pole position para a segunda etapa da F\u00f3rmula 3, disputada no Circuito Internacional do Bahrein, em <a class=\"read-more\" href=\"https:\/\/blogs.gazetaesportiva.com\/automobilismo\/2025\/04\/11\/f3-rafael-camara-fatura-pole-position-no-bahrein-com-volta-no-final-da-classificacao\/\">leia mais<\/a><\/p>\n","protected":false},"author":75,"featured_media":2273,"comment_status":"open","ping_status":"open","sticky":false,"template":"","format":"standard","meta":{"jetpack_post_was_ever_published":false,"_jetpack_newsletter_access":"","_jetpack_dont_email_post_to_subs":false,"_jetpack_newsletter_tier_id":0,"_jetpack_memberships_contains_paywalled_content":false,"_jetpack_memberships_contains_paid_content":false,"footnotes":"","jetpack_publicize_message":"","jetpack_publicize_feature_enabled":true,"jetpack_social_post_already_shared":false,"jetpack_social_options":{"image_generator_settings":{"template":"highway","default_image_id":0,"font":"","enabled":false},"version":2}},"categories":[1],"tags":[],"class_list":["post-2272","post","type-post","status-publish","format-standard","has-post-thumbnail","hentry","category-sem-categoria"],"jetpack_publicize_connections":[],"jetpack_featured_media_url":"https:\/\/blogs.gazetaesportiva.com\/automobilismo\/files\/2025\/04\/WhatsApp-Image-2025-04-11-at-12.13.44.jpeg","jetpack_sharing_enabled":true,"jetpack_shortlink":"https:\/\/wp.me\/pblv91-AE","_links":{"self":[{"href":"https:\/\/blogs.gazetaesportiva.com\/automobilismo\/wp-json\/wp\/v2\/posts\/2272","targetHints":{"allow":["GET"]}}],"collection":[{"href":"https:\/\/blogs.gazetaesportiva.com\/automobilismo\/wp-json\/wp\/v2\/posts"}],"about":[{"href":"https:\/\/blogs.gazetaesportiva.com\/automobilismo\/wp-json\/wp\/v2\/types\/post"}],"author":[{"embeddable":true,"href":"https:\/\/blogs.gazetaesportiva.com\/automobilismo\/wp-json\/wp\/v2\/users\/75"}],"replies":[{"embeddable":true,"href":"https:\/\/blogs.gazetaesportiva.com\/automobilismo\/wp-json\/wp\/v2\/comments?post=2272"}],"version-history":[{"count":0,"href":"https:\/\/blogs.gazetaesportiva.com\/automobilismo\/wp-json\/wp\/v2\/posts\/2272\/revisions"}],"wp:featuredmedia":[{"embeddable":true,"href":"https:\/\/blogs.gazetaesportiva.com\/automobilismo\/wp-json\/wp\/v2\/media\/2273"}],"wp:attachment":[{"href":"https:\/\/blogs.gazetaesportiva.com\/automobilismo\/wp-json\/wp\/v2\/media?parent=2272"}],"wp:term":[{"taxonomy":"category","embeddable":true,"href":"https:\/\/blogs.gazetaesportiva.com\/automobilismo\/wp-json\/wp\/v2\/categories?post=2272"},{"taxonomy":"post_tag","embeddable":true,"href":"https:\/\/blogs.gazetaesportiva.com\/automobilismo\/wp-json\/wp\/v2\/tags?post=2272"}],"curies":[{"name":"wp","href":"https:\/\/api.w.org\/{rel}","templated":true}]}}