{"id":2269,"date":"2025-04-11T12:45:15","date_gmt":"2025-04-11T12:45:15","guid":{"rendered":"https:\/\/blogs.gazetaesportiva.com\/automobilismo\/?p=2269"},"modified":"2025-04-11T12:45:15","modified_gmt":"2025-04-11T12:45:15","slug":"ambipar-e-a-nova-parceira-de-rafael-camara","status":"publish","type":"post","link":"https:\/\/blogs.gazetaesportiva.com\/automobilismo\/2025\/04\/11\/ambipar-e-a-nova-parceira-de-rafael-camara\/","title":{"rendered":"Ambipar \u00e9 a nova parceira de Rafael C\u00e2mara"},"content":{"rendered":"<figure id=\"attachment_2271\" aria-describedby=\"caption-attachment-2271\" style=\"width: 640px\" class=\"wp-caption alignnone\"><img loading=\"lazy\" decoding=\"async\" class=\"size-large wp-image-2271\" src=\"https:\/\/blogs.gazetaesportiva.com\/automobilismo\/files\/2025\/04\/MEL_GP_NB-3579-1024x683.jpg\" alt=\"\" width=\"640\" height=\"427\" srcset=\"https:\/\/blogs.gazetaesportiva.com\/automobilismo\/files\/2025\/04\/MEL_GP_NB-3579-1024x683.jpg 1024w, https:\/\/blogs.gazetaesportiva.com\/automobilismo\/files\/2025\/04\/MEL_GP_NB-3579-300x200.jpg 300w, https:\/\/blogs.gazetaesportiva.com\/automobilismo\/files\/2025\/04\/MEL_GP_NB-3579-768x512.jpg 768w, https:\/\/blogs.gazetaesportiva.com\/automobilismo\/files\/2025\/04\/MEL_GP_NB-3579-1536x1024.jpg 1536w, https:\/\/blogs.gazetaesportiva.com\/automobilismo\/files\/2025\/04\/MEL_GP_NB-3579-2048x1365.jpg 2048w\" sizes=\"auto, (max-width: 640px) 100vw, 640px\" \/><figcaption id=\"caption-attachment-2271\" class=\"wp-caption-text\">Rafa C\u00e2mara &#8211; Foto: Dutch Photo Agency<\/figcaption><\/figure>\n<p>A Ambipar, l\u00edder global em solu\u00e7\u00f5es ambientais, \u00e9 a nova parceira oficial do piloto brasileiro Rafael C\u00e2mara, que estreou na F\u00f3rmula 3 com uma vit\u00f3ria no \u00faltimo final de semana. Essa parceria representa um compromisso com inova\u00e7\u00e3o, desempenho e sustentabilidade, representando um marco no automobilismo.<\/p>\n<p>A colabora\u00e7\u00e3o entre a Ambipar e Rafa C\u00e2mara, como \u00e9 conhecido, busca n\u00e3o apenas alcan\u00e7ar vit\u00f3rias nas pistas, mas tamb\u00e9m promover um futuro mais sustent\u00e1vel. Com a Ambipar como parceira principal, o piloto brasileiro est\u00e1 competindo na FIA F\u00f3rmula 3 utilizando um carro equipado com tecnologias avan\u00e7adas e sustent\u00e1veis, incluindo combust\u00edvel 100% sustent\u00e1vel e componentes de carbono reciclado.<\/p>\n<p>Para cada corrida que disputar, a Ambipar compensar\u00e1 o carbono gerado por meio de projetos focados em ESG, com destaque para iniciativas sociais. \u201cAl\u00e9m do significado de uma empresa brasileira apoiar um jovem talento do nosso pa\u00eds, essa parceria visa neutralizar a temporada de 2025 do piloto. Esperamos que essas iniciativas se tornem mais disseminadas e tragam maior sustentabilidade para a categoria\u201d, disse Rafael Tello, vice-presidente de Sustentabilidade da Ambipar.<\/p>\n<p>Rafa C\u00e2mara \u00e9 reconhecido como uma das maiores promessas do automobilismo global. Em 2025, ele compete pela equipe Trident, refer\u00eancia no automobilismo, com forte foco em jovens talentos e campe\u00e3 atual da FIA F\u00f3rmula 3.<\/p>\n<p>\u201cSer o primeiro piloto de F\u00f3rmula 3 a ter uma temporada carbono zero \u00e9 realmente especial. O automobilismo est\u00e1 cada vez mais atento \u00e0s quest\u00f5es ambientais, e ter a oportunidade de representar esse movimento com o apoio da Ambipar, que compartilha valores de inova\u00e7\u00e3o e sustentabilidade, \u00e9 uma grande responsabilidade e uma honra\u201d, disse Rafael C\u00e2mara.<\/p>\n<p><strong>Quem \u00e9 Rafael C\u00e2mara?<\/strong><\/p>\n<p>Rafael C\u00e2mara \u00e9 natural de Recife, Pernambuco, e tem 19 anos. Atualmente, reside em Mil\u00e3o. Alguns dos seus principais t\u00edtulos e conquistas incluem:<\/p>\n<p>Campe\u00e3o da FRECA (F\u00f3rmula Regional European Championship) em 2024, com uma vantagem de 73 pontos;<br \/>\nVice-campe\u00e3o Mundial de Kart;<br \/>\nCampe\u00e3o do WSK Champions Cup;<br \/>\nCampe\u00e3o da WSK Super Master Cup;<br \/>\nCampe\u00e3o do Champions of The Future;<br \/>\nCampe\u00e3o em todas as categorias de kart no Brasil;<br \/>\nDesde 2022: 20 vit\u00f3rias, 52 p\u00f3dios, 20 poles e 20 voltas mais r\u00e1pidas;<br \/>\nReconhecido como uma das maiores promessas do automobilismo brasileiro.<\/p>\n","protected":false},"excerpt":{"rendered":"<p>A Ambipar, l\u00edder global em solu\u00e7\u00f5es ambientais, \u00e9 a nova parceira oficial do piloto brasileiro Rafael C\u00e2mara, que estreou na F\u00f3rmula 3 com uma vit\u00f3ria <a class=\"read-more\" href=\"https:\/\/blogs.gazetaesportiva.com\/automobilismo\/2025\/04\/11\/ambipar-e-a-nova-parceira-de-rafael-camara\/\">leia mais<\/a><\/p>\n","protected":false},"author":75,"featured_media":2271,"comment_status":"open","ping_status":"open","sticky":false,"template":"","format":"standard","meta":{"jetpack_post_was_ever_published":false,"_jetpack_newsletter_access":"","_jetpack_dont_email_post_to_subs":false,"_jetpack_newsletter_tier_id":0,"_jetpack_memberships_contains_paywalled_content":false,"_jetpack_memberships_contains_paid_content":false,"footnotes":"","jetpack_publicize_message":"","jetpack_publicize_feature_enabled":true,"jetpack_social_post_already_shared":false,"jetpack_social_options":{"image_generator_settings":{"template":"highway","default_image_id":0,"font":"","enabled":false},"version":2}},"categories":[1],"tags":[],"class_list":["post-2269","post","type-post","status-publish","format-standard","has-post-thumbnail","hentry","category-sem-categoria"],"jetpack_publicize_connections":[],"jetpack_featured_media_url":"https:\/\/blogs.gazetaesportiva.com\/automobilismo\/files\/2025\/04\/MEL_GP_NB-3579-scaled.jpg","jetpack_sharing_enabled":true,"jetpack_shortlink":"https:\/\/wp.me\/pblv91-AB","_links":{"self":[{"href":"https:\/\/blogs.gazetaesportiva.com\/automobilismo\/wp-json\/wp\/v2\/posts\/2269","targetHints":{"allow":["GET"]}}],"collection":[{"href":"https:\/\/blogs.gazetaesportiva.com\/automobilismo\/wp-json\/wp\/v2\/posts"}],"about":[{"href":"https:\/\/blogs.gazetaesportiva.com\/automobilismo\/wp-json\/wp\/v2\/types\/post"}],"author":[{"embeddable":true,"href":"https:\/\/blogs.gazetaesportiva.com\/automobilismo\/wp-json\/wp\/v2\/users\/75"}],"replies":[{"embeddable":true,"href":"https:\/\/blogs.gazetaesportiva.com\/automobilismo\/wp-json\/wp\/v2\/comments?post=2269"}],"version-history":[{"count":0,"href":"https:\/\/blogs.gazetaesportiva.com\/automobilismo\/wp-json\/wp\/v2\/posts\/2269\/revisions"}],"wp:featuredmedia":[{"embeddable":true,"href":"https:\/\/blogs.gazetaesportiva.com\/automobilismo\/wp-json\/wp\/v2\/media\/2271"}],"wp:attachment":[{"href":"https:\/\/blogs.gazetaesportiva.com\/automobilismo\/wp-json\/wp\/v2\/media?parent=2269"}],"wp:term":[{"taxonomy":"category","embeddable":true,"href":"https:\/\/blogs.gazetaesportiva.com\/automobilismo\/wp-json\/wp\/v2\/categories?post=2269"},{"taxonomy":"post_tag","embeddable":true,"href":"https:\/\/blogs.gazetaesportiva.com\/automobilismo\/wp-json\/wp\/v2\/tags?post=2269"}],"curies":[{"name":"wp","href":"https:\/\/api.w.org\/{rel}","templated":true}]}}