{"id":2267,"date":"2025-04-10T19:42:00","date_gmt":"2025-04-10T19:42:00","guid":{"rendered":"https:\/\/blogs.gazetaesportiva.com\/automobilismo\/?p=2267"},"modified":"2025-04-10T19:42:00","modified_gmt":"2025-04-10T19:42:00","slug":"lider-da-f3-rafael-camara-disputa-etapa-do-bahrein-e-mira-novas-vitorias","status":"publish","type":"post","link":"https:\/\/blogs.gazetaesportiva.com\/automobilismo\/2025\/04\/10\/lider-da-f3-rafael-camara-disputa-etapa-do-bahrein-e-mira-novas-vitorias\/","title":{"rendered":"L\u00edder da F3, Rafael C\u00e2mara disputa etapa do Bahrein e mira novas vit\u00f3rias"},"content":{"rendered":"<p>A F\u00f3rmula 3 realiza neste final de semana a segunda etapa da temporada 2025, marcada para o Circuito Internacional do Bahrein, em Sakhir. E todas as aten\u00e7\u00f5es se voltam ao l\u00edder do campeonato, o brasileiro Rafael C\u00e2mara. O piloto da Trident e integrante do Ferrari Driver Academy vem de pole e vit\u00f3ria na primeira etapa, na Austr\u00e1lia, e liderou a bateria de testes realizada no circuito barenita que recebe a categoria entre sexta-feira e domingo.<\/p>\n<figure id=\"attachment_2268\" aria-describedby=\"caption-attachment-2268\" style=\"width: 640px\" class=\"wp-caption alignnone\"><img loading=\"lazy\" decoding=\"async\" src=\"https:\/\/blogs.gazetaesportiva.com\/automobilismo\/files\/2025\/04\/MEL_GP_DL-4291-1024x683.jpg\" alt=\"Rafael C\u00e2mara\" width=\"640\" height=\"427\" class=\"size-large wp-image-2268\" srcset=\"https:\/\/blogs.gazetaesportiva.com\/automobilismo\/files\/2025\/04\/MEL_GP_DL-4291-1024x683.jpg 1024w, https:\/\/blogs.gazetaesportiva.com\/automobilismo\/files\/2025\/04\/MEL_GP_DL-4291-300x200.jpg 300w, https:\/\/blogs.gazetaesportiva.com\/automobilismo\/files\/2025\/04\/MEL_GP_DL-4291-768x512.jpg 768w, https:\/\/blogs.gazetaesportiva.com\/automobilismo\/files\/2025\/04\/MEL_GP_DL-4291-1536x1024.jpg 1536w, https:\/\/blogs.gazetaesportiva.com\/automobilismo\/files\/2025\/04\/MEL_GP_DL-4291-2048x1365.jpg 2048w\" sizes=\"auto, (max-width: 640px) 100vw, 640px\" \/><figcaption id=\"caption-attachment-2268\" class=\"wp-caption-text\">Foto: Dutch Photo Agency<\/figcaption><\/figure>\n<p>O atual campe\u00e3o da FRECA j\u00e1 havia demonstrado um bom desempenho nos testes de pr\u00e9-temporada, realizados no m\u00eas de fevereiro. Na ocasi\u00e3o, C\u00e2mara liderou uma das sess\u00f5es no \u00faltimo dos tr\u00eas dias de atividades realizadas no Circuito de Barcelona, na Espanha.<\/p>\n<p>A primeira etapa da temporada foi realizada no circuito de Albert Park, em Melbourne, e teve dom\u00ednio do brasileiro. Rafael liderou o \u00fanico treino livre do final de semana na Austr\u00e1lia e garantiu a pole position para a corrida principal, da qual venceu enfrentando uma pista molhada.<\/p>\n<p>Antes da etapa marcada para este final de semana, a F3 realizou testes no circuito localizado em Sakhir. E C\u00e2mara brilhou mais uma vez ao anotar o melhor tempo da bateria de testes, com a marca de 1min48s252. O resultado garante ao brasileiro uma boa expectativa para a etapa deste final de semana no Bahrein.<\/p>\n<p>\u201cAt\u00e9 agora, tudo parece positivo, mas temos uma longa temporada pela frente e precisamos trabalhar para nos mantermos competitivos em todas as pistas e em todas as condi\u00e7\u00f5es. Somos uma equipe s\u00f3lida e acho que temos tudo o que precisamos para ir bem, o que me deixa confiante\u201d, disse Rafael C\u00e2mara.<\/p>\n<p>A programa\u00e7\u00e3o do final de semana da F3 no Bahrein ter\u00e1 in\u00edcio na sexta-feira, quando ocorrem o \u00fanico treino livre, \u00e0s 4h55, e a classifica\u00e7\u00e3o, \u00e0s 10h. A corrida Sprint, quando os 12 melhores da classifica\u00e7\u00e3o t\u00eam as posi\u00e7\u00f5es invertidas, tem largada \u00e0s 7h15, enquanto a corrida principal est\u00e1 marcada para 6h55 de domingo. O BandSports exibe toda a programa\u00e7\u00e3o.<\/p>\n","protected":false},"excerpt":{"rendered":"<p>A F\u00f3rmula 3 realiza neste final de semana a segunda etapa da temporada 2025, marcada para o Circuito Internacional do Bahrein, em Sakhir. E todas <a class=\"read-more\" href=\"https:\/\/blogs.gazetaesportiva.com\/automobilismo\/2025\/04\/10\/lider-da-f3-rafael-camara-disputa-etapa-do-bahrein-e-mira-novas-vitorias\/\">leia mais<\/a><\/p>\n","protected":false},"author":75,"featured_media":2268,"comment_status":"open","ping_status":"open","sticky":false,"template":"","format":"standard","meta":{"jetpack_post_was_ever_published":false,"_jetpack_newsletter_access":"","_jetpack_dont_email_post_to_subs":false,"_jetpack_newsletter_tier_id":0,"_jetpack_memberships_contains_paywalled_content":false,"_jetpack_memberships_contains_paid_content":false,"footnotes":"","jetpack_publicize_message":"","jetpack_publicize_feature_enabled":true,"jetpack_social_post_already_shared":false,"jetpack_social_options":{"image_generator_settings":{"template":"highway","default_image_id":0,"font":"","enabled":false},"version":2}},"categories":[1],"tags":[],"class_list":["post-2267","post","type-post","status-publish","format-standard","has-post-thumbnail","hentry","category-sem-categoria"],"jetpack_publicize_connections":[],"jetpack_featured_media_url":"https:\/\/blogs.gazetaesportiva.com\/automobilismo\/files\/2025\/04\/MEL_GP_DL-4291-scaled.jpg","jetpack_sharing_enabled":true,"jetpack_shortlink":"https:\/\/wp.me\/pblv91-Az","_links":{"self":[{"href":"https:\/\/blogs.gazetaesportiva.com\/automobilismo\/wp-json\/wp\/v2\/posts\/2267","targetHints":{"allow":["GET"]}}],"collection":[{"href":"https:\/\/blogs.gazetaesportiva.com\/automobilismo\/wp-json\/wp\/v2\/posts"}],"about":[{"href":"https:\/\/blogs.gazetaesportiva.com\/automobilismo\/wp-json\/wp\/v2\/types\/post"}],"author":[{"embeddable":true,"href":"https:\/\/blogs.gazetaesportiva.com\/automobilismo\/wp-json\/wp\/v2\/users\/75"}],"replies":[{"embeddable":true,"href":"https:\/\/blogs.gazetaesportiva.com\/automobilismo\/wp-json\/wp\/v2\/comments?post=2267"}],"version-history":[{"count":0,"href":"https:\/\/blogs.gazetaesportiva.com\/automobilismo\/wp-json\/wp\/v2\/posts\/2267\/revisions"}],"wp:featuredmedia":[{"embeddable":true,"href":"https:\/\/blogs.gazetaesportiva.com\/automobilismo\/wp-json\/wp\/v2\/media\/2268"}],"wp:attachment":[{"href":"https:\/\/blogs.gazetaesportiva.com\/automobilismo\/wp-json\/wp\/v2\/media?parent=2267"}],"wp:term":[{"taxonomy":"category","embeddable":true,"href":"https:\/\/blogs.gazetaesportiva.com\/automobilismo\/wp-json\/wp\/v2\/categories?post=2267"},{"taxonomy":"post_tag","embeddable":true,"href":"https:\/\/blogs.gazetaesportiva.com\/automobilismo\/wp-json\/wp\/v2\/tags?post=2267"}],"curies":[{"name":"wp","href":"https:\/\/api.w.org\/{rel}","templated":true}]}}