{"id":2263,"date":"2025-04-09T20:52:21","date_gmt":"2025-04-09T20:52:21","guid":{"rendered":"https:\/\/blogs.gazetaesportiva.com\/automobilismo\/?p=2263"},"modified":"2025-04-09T20:52:21","modified_gmt":"2025-04-09T20:52:21","slug":"arthur-gama-participa-de-lancamento-do-bh-stock-festival-com-a-toyota-gazoo-racing","status":"publish","type":"post","link":"https:\/\/blogs.gazetaesportiva.com\/automobilismo\/2025\/04\/09\/arthur-gama-participa-de-lancamento-do-bh-stock-festival-com-a-toyota-gazoo-racing\/","title":{"rendered":"Arthur Gama participa de lan\u00e7amento do BH Stock Festival com a TOYOTA GAZOO Racing"},"content":{"rendered":"<p>A ter\u00e7a-feira (8) foi especial para Arthur Gama, piloto que vai defender a TOYOTA GAZOO Racing na temporada 2025 da Stock Car. O ga\u00facho esteve em Belo Horizonte (MG) para participar de seu primeiro evento oficial na categoria m\u00e1xima do esporte a motor brasileiro: o lan\u00e7amento da edi\u00e7\u00e3o de 2025 do BH Stock Festival, etapa da capital mineira que est\u00e1 marcada para o dia 17 de agosto, no entorno do est\u00e1dio do Mineir\u00e3o.<\/p>\n<figure id=\"attachment_2264\" aria-describedby=\"caption-attachment-2264\" style=\"width: 640px\" class=\"wp-caption alignnone\"><img loading=\"lazy\" decoding=\"async\" class=\"size-large wp-image-2264\" src=\"https:\/\/blogs.gazetaesportiva.com\/automobilismo\/files\/2025\/04\/449646_1145586_rafacatelan_arthurgarma_gazooracing2025_62268__2_-1-1024x681.jpg\" alt=\"Arthur Gama\" width=\"640\" height=\"426\" srcset=\"https:\/\/blogs.gazetaesportiva.com\/automobilismo\/files\/2025\/04\/449646_1145586_rafacatelan_arthurgarma_gazooracing2025_62268__2_-1-1024x681.jpg 1024w, https:\/\/blogs.gazetaesportiva.com\/automobilismo\/files\/2025\/04\/449646_1145586_rafacatelan_arthurgarma_gazooracing2025_62268__2_-1-300x200.jpg 300w, https:\/\/blogs.gazetaesportiva.com\/automobilismo\/files\/2025\/04\/449646_1145586_rafacatelan_arthurgarma_gazooracing2025_62268__2_-1-768x511.jpg 768w, https:\/\/blogs.gazetaesportiva.com\/automobilismo\/files\/2025\/04\/449646_1145586_rafacatelan_arthurgarma_gazooracing2025_62268__2_-1-1536x1022.jpg 1536w, https:\/\/blogs.gazetaesportiva.com\/automobilismo\/files\/2025\/04\/449646_1145586_rafacatelan_arthurgarma_gazooracing2025_62268__2_-1-2048x1363.jpg 2048w\" sizes=\"auto, (max-width: 640px) 100vw, 640px\" \/><figcaption id=\"caption-attachment-2264\" class=\"wp-caption-text\">Foto: Rafa Catelan<\/figcaption><\/figure>\n<p>Atual campe\u00e3o da Stock Light, Gama ainda n\u00e3o teve a chance de acelerar no tra\u00e7ado de pouco mais de 2.800 metros na primeira edi\u00e7\u00e3o da prova, em 2024. Mais do que a estreia correndo em Belo Horizonte, o piloto da TOYOTA GAZOO Racing far\u00e1 sua primeira corrida em um tra\u00e7ado urbano na carreira na \u00fanica passagem da principal categoria do automobilismo brasileiro pelo estado de Minas Gerais em 2025.<\/p>\n<p>\u201cEstou muito feliz em participar do lan\u00e7amento do BH Stock Festival. Vai ser minha primeira corrida em um circuito de rua, ainda mais em um evento que fez muito sucesso no ano passado. Estou empolgado por, no meu primeiro ano na Stock Car, j\u00e1 fazer parte deste evento. Vai ser uma corrida grandiosa. N\u00e3o tem nenhum piloto que n\u00e3o gostou de correr neste circuito de rua. Estou muito ansioso e espero que essa corrida chegue logo\u201d, disse Arthur Gama.<\/p>\n<p>Junto da TOYOTA GAZOO Racing e da Full Time Sports, Gama vai fazer sua primeira temporada completa na Stock Car. O piloto \u00e9 o atual campe\u00e3o da Stock Light com uma campanha de grande destaque. Foram nove vit\u00f3rias, 15 p\u00f3dios e sete poles positions.<\/p>\n<p>A temporada 2025 da Stock Car ter\u00e1 in\u00edcio nos dias 2, 3 e 4 de maio, com a etapa de S\u00e3o Paulo (SP), marcada para o Aut\u00f3dromo de Interlagos.<\/p>\n","protected":false},"excerpt":{"rendered":"<p>A ter\u00e7a-feira (8) foi especial para Arthur Gama, piloto que vai defender a TOYOTA GAZOO Racing na temporada 2025 da Stock Car. O ga\u00facho esteve <a class=\"read-more\" href=\"https:\/\/blogs.gazetaesportiva.com\/automobilismo\/2025\/04\/09\/arthur-gama-participa-de-lancamento-do-bh-stock-festival-com-a-toyota-gazoo-racing\/\">leia mais<\/a><\/p>\n","protected":false},"author":75,"featured_media":2264,"comment_status":"open","ping_status":"open","sticky":false,"template":"","format":"standard","meta":{"jetpack_post_was_ever_published":false,"_jetpack_newsletter_access":"","_jetpack_dont_email_post_to_subs":false,"_jetpack_newsletter_tier_id":0,"_jetpack_memberships_contains_paywalled_content":false,"_jetpack_memberships_contains_paid_content":false,"footnotes":"","jetpack_publicize_message":"","jetpack_publicize_feature_enabled":true,"jetpack_social_post_already_shared":false,"jetpack_social_options":{"image_generator_settings":{"template":"highway","default_image_id":0,"font":"","enabled":false},"version":2}},"categories":[1],"tags":[],"class_list":["post-2263","post","type-post","status-publish","format-standard","has-post-thumbnail","hentry","category-sem-categoria"],"jetpack_publicize_connections":[],"jetpack_featured_media_url":"https:\/\/blogs.gazetaesportiva.com\/automobilismo\/files\/2025\/04\/449646_1145586_rafacatelan_arthurgarma_gazooracing2025_62268__2_-1-scaled.jpg","jetpack_sharing_enabled":true,"jetpack_shortlink":"https:\/\/wp.me\/pblv91-Av","_links":{"self":[{"href":"https:\/\/blogs.gazetaesportiva.com\/automobilismo\/wp-json\/wp\/v2\/posts\/2263","targetHints":{"allow":["GET"]}}],"collection":[{"href":"https:\/\/blogs.gazetaesportiva.com\/automobilismo\/wp-json\/wp\/v2\/posts"}],"about":[{"href":"https:\/\/blogs.gazetaesportiva.com\/automobilismo\/wp-json\/wp\/v2\/types\/post"}],"author":[{"embeddable":true,"href":"https:\/\/blogs.gazetaesportiva.com\/automobilismo\/wp-json\/wp\/v2\/users\/75"}],"replies":[{"embeddable":true,"href":"https:\/\/blogs.gazetaesportiva.com\/automobilismo\/wp-json\/wp\/v2\/comments?post=2263"}],"version-history":[{"count":0,"href":"https:\/\/blogs.gazetaesportiva.com\/automobilismo\/wp-json\/wp\/v2\/posts\/2263\/revisions"}],"wp:featuredmedia":[{"embeddable":true,"href":"https:\/\/blogs.gazetaesportiva.com\/automobilismo\/wp-json\/wp\/v2\/media\/2264"}],"wp:attachment":[{"href":"https:\/\/blogs.gazetaesportiva.com\/automobilismo\/wp-json\/wp\/v2\/media?parent=2263"}],"wp:term":[{"taxonomy":"category","embeddable":true,"href":"https:\/\/blogs.gazetaesportiva.com\/automobilismo\/wp-json\/wp\/v2\/categories?post=2263"},{"taxonomy":"post_tag","embeddable":true,"href":"https:\/\/blogs.gazetaesportiva.com\/automobilismo\/wp-json\/wp\/v2\/tags?post=2263"}],"curies":[{"name":"wp","href":"https:\/\/api.w.org\/{rel}","templated":true}]}}