{"id":2247,"date":"2025-04-08T19:14:53","date_gmt":"2025-04-08T19:14:53","guid":{"rendered":"https:\/\/blogs.gazetaesportiva.com\/automobilismo\/?p=2247"},"modified":"2025-04-08T19:14:53","modified_gmt":"2025-04-08T19:14:53","slug":"momento-velocidade-traz-novo-audi-rs3-e-vencedores-da-copa-sp-bradesco-de-kart","status":"publish","type":"post","link":"https:\/\/blogs.gazetaesportiva.com\/automobilismo\/2025\/04\/08\/momento-velocidade-traz-novo-audi-rs3-e-vencedores-da-copa-sp-bradesco-de-kart\/","title":{"rendered":"Momento Velocidade traz novo Audi RS3 e vencedores da Copa SP Bradesco de Kart"},"content":{"rendered":"<p>O Momento Velocidade deste domingo trouxe reportagens especiais sobre o setor automotivo e o kart. A come\u00e7ar com o lan\u00e7amento da Audi, o novo RS3 Sedan, esportivo com mais de 400cv de pot\u00eancia e que nosso programa da TV Gazeta teve a oportunidade de testar no Circuito Panamericano, pista de testes da Pirelli no interior de S\u00e3o Paulo.<\/p>\n<figure id=\"attachment_2248\" aria-describedby=\"caption-attachment-2248\" style=\"width: 640px\" class=\"wp-caption alignnone\"><img loading=\"lazy\" decoding=\"async\" src=\"https:\/\/blogs.gazetaesportiva.com\/automobilismo\/files\/2025\/04\/image-1024x683.jpg\" alt=\"Audi RS3\" width=\"640\" height=\"427\" class=\"size-large wp-image-2248\" srcset=\"https:\/\/blogs.gazetaesportiva.com\/automobilismo\/files\/2025\/04\/image-1024x683.jpg 1024w, https:\/\/blogs.gazetaesportiva.com\/automobilismo\/files\/2025\/04\/image-300x200.jpg 300w, https:\/\/blogs.gazetaesportiva.com\/automobilismo\/files\/2025\/04\/image-768x512.jpg 768w\" sizes=\"auto, (max-width: 640px) 100vw, 640px\" \/><figcaption id=\"caption-attachment-2248\" class=\"wp-caption-text\">Foto: Audi<\/figcaption><\/figure>\n<p>O programa tamb\u00e9m trouxe os vencedores da segunda etapa da Copa S\u00e3o Paulo Bradesco de Kart e uma entrevista especial com a jovem pilota Marcella Assump\u00e7\u00e3o, que, aos 12 anos de idade, j\u00e1 est\u00e1 trilhando os primeiros passos na carreira internacional. Confira:<\/p>\n<p><iframe loading=\"lazy\" title=\"Teste com carro de F\u00f3rmula 1 | Momento velocidade l Gazeta Motors\" width=\"640\" height=\"360\" src=\"https:\/\/www.youtube.com\/embed\/-L8vDoJPv30?feature=oembed\" frameborder=\"0\" allow=\"accelerometer; autoplay; clipboard-write; encrypted-media; gyroscope; picture-in-picture; web-share\" referrerpolicy=\"strict-origin-when-cross-origin\" allowfullscreen><\/iframe><\/p>\n<figure id=\"attachment_2124\" aria-describedby=\"caption-attachment-2124\" style=\"width: 640px\" class=\"wp-caption alignnone\"><img loading=\"lazy\" decoding=\"async\" src=\"https:\/\/blogs.gazetaesportiva.com\/automobilismo\/files\/2025\/02\/448645_1142405_dsc_6459-1024x685.jpg\" alt=\"\" width=\"640\" height=\"428\" class=\"size-large wp-image-2124\" srcset=\"https:\/\/blogs.gazetaesportiva.com\/automobilismo\/files\/2025\/02\/448645_1142405_dsc_6459-1024x685.jpg 1024w, https:\/\/blogs.gazetaesportiva.com\/automobilismo\/files\/2025\/02\/448645_1142405_dsc_6459-300x201.jpg 300w, https:\/\/blogs.gazetaesportiva.com\/automobilismo\/files\/2025\/02\/448645_1142405_dsc_6459-768x514.jpg 768w, https:\/\/blogs.gazetaesportiva.com\/automobilismo\/files\/2025\/02\/448645_1142405_dsc_6459-1536x1027.jpg 1536w, https:\/\/blogs.gazetaesportiva.com\/automobilismo\/files\/2025\/02\/448645_1142405_dsc_6459-2048x1369.jpg 2048w\" sizes=\"auto, (max-width: 640px) 100vw, 640px\" \/><figcaption id=\"caption-attachment-2124\" class=\"wp-caption-text\">Foto: Pedro Bragan\u00e7a\/ RF1<\/figcaption><\/figure>\n<p>E a lista de vencedores da segunda etapa ficou assim. Na Rotax Micro Max, Andr\u00e9 Ben\u00edcio venceu pela segunda vez no ano. J\u00e1 na Rotax Mini Max, Th\u00e9o Morgado foi o vencedor.<\/p>\n<p>Allan Croce venceu novamente na Rotax Max, enquanto Adriano Amaral triunfou na Rotax Max Masters. J\u00e1 Rodrigo Giacomini ganhou na Rotax Max Super S\u00eanior. Pela Rotax J\u00fanior Max, Miguel Silva saiu com a vit\u00f3ria. L\u00e9o Reis foi o melhor na Rotax DD2, enquanto Fernando Guzzi venceu na Rotax DD2 Masters.<\/p>\n<p>Pedro Zanguetin venceu a segunda no ano na Cadete, com Rafael Canuto triunfando na Mirim. Na OK, Gabriel Koegnikan foi o vencedor, e Edward Kirst ganhou na OK J\u00fanior. Lucas Viscardi venceu na F4 J\u00fanior, enquanto Gustav Kirst venceu na F\u00f3rmula 4. Danilo Garcia levou a vit\u00f3ria na F4 Light, e M\u00e1rcio Macagnan triunfou na F4 S\u00eanior, com Rodrigo Fran\u00e7a em segundo. <\/p>\n<p>Roberto Azana foi o vitorioso na F4 S\u00eanior 60Mais. Na Shifter, Rafael Reis levou a vit\u00f3ria, e Rodolpho Brito triunfou na Shifter S\u00eanior. Na Shifter Super S\u00eanior, Alexandre Trita foi o vencedor. Pela Pro 500, Eraldo Silva venceu, com Vitor Ferr\u00e9 e Marco Costa triunfando na Pro 500 Light. Peterson Nakamura e F\u00e1bio Komatsu ganharam na Pro 500 S\u00eanior, e Otto Rezende venceu na S\u00eanior 60+.<\/p>\n<p>A terceira etapa da Copa S\u00e3o Paulo Bradesco de Kart est\u00e1 marcada para o dia 26 de abril.<\/p>\n","protected":false},"excerpt":{"rendered":"<p>O Momento Velocidade deste domingo trouxe reportagens especiais sobre o setor automotivo e o kart. A come\u00e7ar com o lan\u00e7amento da Audi, o novo RS3 <a class=\"read-more\" href=\"https:\/\/blogs.gazetaesportiva.com\/automobilismo\/2025\/04\/08\/momento-velocidade-traz-novo-audi-rs3-e-vencedores-da-copa-sp-bradesco-de-kart\/\">leia mais<\/a><\/p>\n","protected":false},"author":75,"featured_media":2248,"comment_status":"open","ping_status":"open","sticky":false,"template":"","format":"standard","meta":{"jetpack_post_was_ever_published":false,"_jetpack_newsletter_access":"","_jetpack_dont_email_post_to_subs":false,"_jetpack_newsletter_tier_id":0,"_jetpack_memberships_contains_paywalled_content":false,"_jetpack_memberships_contains_paid_content":false,"footnotes":"","jetpack_publicize_message":"","jetpack_publicize_feature_enabled":true,"jetpack_social_post_already_shared":false,"jetpack_social_options":{"image_generator_settings":{"template":"highway","default_image_id":0,"font":"","enabled":false},"version":2}},"categories":[1],"tags":[],"class_list":["post-2247","post","type-post","status-publish","format-standard","has-post-thumbnail","hentry","category-sem-categoria"],"jetpack_publicize_connections":[],"jetpack_featured_media_url":"https:\/\/blogs.gazetaesportiva.com\/automobilismo\/files\/2025\/04\/image.jpg","jetpack_sharing_enabled":true,"jetpack_shortlink":"https:\/\/wp.me\/pblv91-Af","_links":{"self":[{"href":"https:\/\/blogs.gazetaesportiva.com\/automobilismo\/wp-json\/wp\/v2\/posts\/2247","targetHints":{"allow":["GET"]}}],"collection":[{"href":"https:\/\/blogs.gazetaesportiva.com\/automobilismo\/wp-json\/wp\/v2\/posts"}],"about":[{"href":"https:\/\/blogs.gazetaesportiva.com\/automobilismo\/wp-json\/wp\/v2\/types\/post"}],"author":[{"embeddable":true,"href":"https:\/\/blogs.gazetaesportiva.com\/automobilismo\/wp-json\/wp\/v2\/users\/75"}],"replies":[{"embeddable":true,"href":"https:\/\/blogs.gazetaesportiva.com\/automobilismo\/wp-json\/wp\/v2\/comments?post=2247"}],"version-history":[{"count":0,"href":"https:\/\/blogs.gazetaesportiva.com\/automobilismo\/wp-json\/wp\/v2\/posts\/2247\/revisions"}],"wp:featuredmedia":[{"embeddable":true,"href":"https:\/\/blogs.gazetaesportiva.com\/automobilismo\/wp-json\/wp\/v2\/media\/2248"}],"wp:attachment":[{"href":"https:\/\/blogs.gazetaesportiva.com\/automobilismo\/wp-json\/wp\/v2\/media?parent=2247"}],"wp:term":[{"taxonomy":"category","embeddable":true,"href":"https:\/\/blogs.gazetaesportiva.com\/automobilismo\/wp-json\/wp\/v2\/categories?post=2247"},{"taxonomy":"post_tag","embeddable":true,"href":"https:\/\/blogs.gazetaesportiva.com\/automobilismo\/wp-json\/wp\/v2\/tags?post=2247"}],"curies":[{"name":"wp","href":"https:\/\/api.w.org\/{rel}","templated":true}]}}