{"id":2245,"date":"2025-04-08T18:00:49","date_gmt":"2025-04-08T18:00:49","guid":{"rendered":"https:\/\/blogs.gazetaesportiva.com\/automobilismo\/?p=2245"},"modified":"2025-04-08T18:00:49","modified_gmt":"2025-04-08T18:00:49","slug":"lider-da-copa-truck-na-elite-diogo-moscato-busca-novos-podios-em-londrina","status":"publish","type":"post","link":"https:\/\/blogs.gazetaesportiva.com\/automobilismo\/2025\/04\/08\/lider-da-copa-truck-na-elite-diogo-moscato-busca-novos-podios-em-londrina\/","title":{"rendered":"L\u00edder da Copa Truck na Elite, Diogo Moscato busca novos p\u00f3dios em Londrina"},"content":{"rendered":"<p>O Aut\u00f3dromo Internacional Ayrton Senna, em Londrina (PR), palco da segunda etapa da Copa Truck, \u00e9 uma pista especial para Diogo Moscato, l\u00edder do campeonato na classe Elite. Foi exatamente neste tra\u00e7ado em que o piloto que corre com as cores da Lubrax acelerou um caminh\u00e3o da categoria pela primeira vez na carreira, no ano passado, antes de estrear na competi\u00e7\u00e3o.<\/p>\n<figure id=\"attachment_2246\" aria-describedby=\"caption-attachment-2246\" style=\"width: 640px\" class=\"wp-caption alignnone\"><img loading=\"lazy\" decoding=\"async\" src=\"https:\/\/blogs.gazetaesportiva.com\/automobilismo\/files\/2025\/04\/WhatsApp-Image-2025-03-23-at-14.23.24-3-1024x682.jpeg\" alt=\"Diogo Moscato\" width=\"640\" height=\"426\" class=\"size-large wp-image-2246\" srcset=\"https:\/\/blogs.gazetaesportiva.com\/automobilismo\/files\/2025\/04\/WhatsApp-Image-2025-03-23-at-14.23.24-3-1024x682.jpeg 1024w, https:\/\/blogs.gazetaesportiva.com\/automobilismo\/files\/2025\/04\/WhatsApp-Image-2025-03-23-at-14.23.24-3-300x200.jpeg 300w, https:\/\/blogs.gazetaesportiva.com\/automobilismo\/files\/2025\/04\/WhatsApp-Image-2025-03-23-at-14.23.24-3-768x511.jpeg 768w, https:\/\/blogs.gazetaesportiva.com\/automobilismo\/files\/2025\/04\/WhatsApp-Image-2025-03-23-at-14.23.24-3.jpeg 1280w\" sizes=\"auto, (max-width: 640px) 100vw, 640px\" \/><figcaption id=\"caption-attachment-2246\" class=\"wp-caption-text\">Foto: Vanderley Soares<\/figcaption><\/figure>\n<p>\u201cLondrina \u00e9 uma pista que eu sempre gostei e achei bastante desafiadora. Foi a primeira pista em que eu testei um caminh\u00e3o no ano passado, ent\u00e3o isso foi marcante para mim antes de fazer a estreia em Cascavel logo depois. Ent\u00e3o, tenho boas lembran\u00e7as, eu j\u00e1 conquistei p\u00f3dios l\u00e1 tamb\u00e9m em 2024 e vamos trabalhar para tentar a vit\u00f3ria e conseguir feitos maiores esse ano\u201d, diz Moscato, que tem os patroc\u00ednios de Iveco, Gotemburgo Seminovos e Cubos.<\/p>\n<p>Moscato iniciou a temporada 2025 conquistando dois p\u00f3dios em Campo Grande (MS) com o caminh\u00e3o Iveco. O piloto baiano foi o segundo colocado nas duas provas e chegou aos 36 pontos na tabela, garantindo a lideran\u00e7a por um ponto em rela\u00e7\u00e3o ao segundo colocado. A disputa promete seguir bem equilibrada em Londrina neste final de semana.<\/p>\n<p>&#8220;Acho que na pista de Londrina a gente vai conseguir se sair ainda melhor que em Campo Grande. \u00c9 um circuito mais travado, que tem menos retas e o nosso equipamento \u00e9 bem forte de chassi, ent\u00e3o estaremos em um tra\u00e7ado que provavelmente se adapta melhor para o nosso caminh\u00e3o. Agora \u00e9 continuar focado no ano, que \u00e9 bastante longo. N\u00f3s temos mais oito etapas, 16 corridas, ent\u00e3o vamos para cima\u201d, diz Moscato, que faz sua primeira temporada completa na categoria.<\/p>\n<p>A Copa Truck disputa suas duas provas no domingo a partir de 14h30, com transmiss\u00e3o ao vivo da Band, do SporTV e no YouTube.<\/p>\n","protected":false},"excerpt":{"rendered":"<p>O Aut\u00f3dromo Internacional Ayrton Senna, em Londrina (PR), palco da segunda etapa da Copa Truck, \u00e9 uma pista especial para Diogo Moscato, l\u00edder do campeonato <a class=\"read-more\" href=\"https:\/\/blogs.gazetaesportiva.com\/automobilismo\/2025\/04\/08\/lider-da-copa-truck-na-elite-diogo-moscato-busca-novos-podios-em-londrina\/\">leia mais<\/a><\/p>\n","protected":false},"author":75,"featured_media":2246,"comment_status":"open","ping_status":"open","sticky":false,"template":"","format":"standard","meta":{"jetpack_post_was_ever_published":false,"_jetpack_newsletter_access":"","_jetpack_dont_email_post_to_subs":false,"_jetpack_newsletter_tier_id":0,"_jetpack_memberships_contains_paywalled_content":false,"_jetpack_memberships_contains_paid_content":false,"footnotes":"","jetpack_publicize_message":"","jetpack_publicize_feature_enabled":true,"jetpack_social_post_already_shared":false,"jetpack_social_options":{"image_generator_settings":{"template":"highway","default_image_id":0,"font":"","enabled":false},"version":2}},"categories":[1],"tags":[],"class_list":["post-2245","post","type-post","status-publish","format-standard","has-post-thumbnail","hentry","category-sem-categoria"],"jetpack_publicize_connections":[],"jetpack_featured_media_url":"https:\/\/blogs.gazetaesportiva.com\/automobilismo\/files\/2025\/04\/WhatsApp-Image-2025-03-23-at-14.23.24-3.jpeg","jetpack_sharing_enabled":true,"jetpack_shortlink":"https:\/\/wp.me\/pblv91-Ad","_links":{"self":[{"href":"https:\/\/blogs.gazetaesportiva.com\/automobilismo\/wp-json\/wp\/v2\/posts\/2245","targetHints":{"allow":["GET"]}}],"collection":[{"href":"https:\/\/blogs.gazetaesportiva.com\/automobilismo\/wp-json\/wp\/v2\/posts"}],"about":[{"href":"https:\/\/blogs.gazetaesportiva.com\/automobilismo\/wp-json\/wp\/v2\/types\/post"}],"author":[{"embeddable":true,"href":"https:\/\/blogs.gazetaesportiva.com\/automobilismo\/wp-json\/wp\/v2\/users\/75"}],"replies":[{"embeddable":true,"href":"https:\/\/blogs.gazetaesportiva.com\/automobilismo\/wp-json\/wp\/v2\/comments?post=2245"}],"version-history":[{"count":0,"href":"https:\/\/blogs.gazetaesportiva.com\/automobilismo\/wp-json\/wp\/v2\/posts\/2245\/revisions"}],"wp:featuredmedia":[{"embeddable":true,"href":"https:\/\/blogs.gazetaesportiva.com\/automobilismo\/wp-json\/wp\/v2\/media\/2246"}],"wp:attachment":[{"href":"https:\/\/blogs.gazetaesportiva.com\/automobilismo\/wp-json\/wp\/v2\/media?parent=2245"}],"wp:term":[{"taxonomy":"category","embeddable":true,"href":"https:\/\/blogs.gazetaesportiva.com\/automobilismo\/wp-json\/wp\/v2\/categories?post=2245"},{"taxonomy":"post_tag","embeddable":true,"href":"https:\/\/blogs.gazetaesportiva.com\/automobilismo\/wp-json\/wp\/v2\/tags?post=2245"}],"curies":[{"name":"wp","href":"https:\/\/api.w.org\/{rel}","templated":true}]}}